{"id":510650,"date":"2025-11-04T07:45:23","date_gmt":"2025-11-04T07:45:23","guid":{"rendered":"https:\/\/www.europesays.com\/fr\/510650\/"},"modified":"2025-11-04T07:45:23","modified_gmt":"2025-11-04T07:45:23","slug":"les-droits-des-travailleurs-etrangers-nies-administrativement","status":"publish","type":"post","link":"https:\/\/www.europesays.com\/fr\/510650\/","title":{"rendered":"les droits des travailleurs \u00e9trangers ni\u00e9s administrativement"},"content":{"rendered":"\n<p>Pour beaucoup de travailleurs \u00e9trangers la situation s\u2019est fortement aggrav\u00e9e depuis janvier\u00a02025 date de la circulaire dite Retailleau, du nom de l\u2019ancien ministre de l\u2019Int\u00e9rieur et toujours pr\u00e9sident tr\u00e8s droitier du parti Les\u00a0R\u00e9publicains. C\u2019est pour d\u00e9noncer les menaces qui p\u00e8sent sur la vie de ces salari\u00e9s au moment du renouvellement de leur titre de s\u00e9jour que la CGT a tenu, lundi matin, une conf\u00e9rence de presse \u00e0 la Bourse du travail. Menaces qui se sont d\u00e9j\u00e0 traduites pour certains d\u2019entre eux par la perte de tous leurs droits. Avec une machine administrative qui broie aveugl\u00e9ment des existences.<\/p>\n<p>Ils sont dans la restauration, l\u2019h\u00f4tellerie, le secteur de la propret\u00e9&#8230; mais leur nombre est difficile \u00e0 \u00e9valuer explique le secr\u00e9taire g\u00e9n\u00e9ral de l\u2019UL CGT Patrice Moulun, \u00ab\u00a0parce que beaucoup d\u2019entre eux, surtout depuis que \u00e7a s\u2019est durci, disparaissent dans la nature, se cachent ou tout simplement ne se d\u00e9clarent plus\u00a0\u00bb. Cette circulaire demandant aux pr\u00e9fets de prononcer automatiquement des Obligations de quitter le territoire national (OQTF). Et ce m\u00eame si ces personnes ont d\u00e9pos\u00e9 leur demande de renouvellement dans les d\u00e9lais. Leurs dossiers n\u2019\u00e9tant toujours pas trait\u00e9s lorsque les dates de validit\u00e9 des titres ont expir\u00e9, elles sont consid\u00e9r\u00e9es comme sans papiers.<\/p>\n<p>Et l\u00e0 tout bascule tr\u00e8s vite, explique le responsable syndical. Et de poursuivre\u00a0: \u00ab\u00a0\u00c7a conduit les employeurs \u00e0 les licencier puisque s\u2019ils ne le font pas ils peuvent \u00eatre poursuivis et sont d\u2019ailleurs poursuivis.\u00a0\u00bb<\/p>\n<p> La double peine\n              <\/p>\n<p>Donc plus de travail, perte de tous les droits sociaux, de son logement&#8230; \u00ab\u00a0Quand on est en OQTF, on ne va plus faire aucune d\u00e9marche. Sinon, on est rep\u00e9r\u00e9 et on prend le risque d\u2019\u00eatre expuls\u00e9\u00a0\u00bb, insiste Patrice Moulun. Des travailleurs qui pour certains viennent \u00e0 l\u2019Union locale pour \u00eatre d\u00e9fendus.<\/p>\n<p>\u00ab\u00a0On ne pouvait pas faire grand-chose jusqu\u2019\u00e0 maintenant, c\u2019est pour \u00e7a qu\u2019on a mis en place ce collectif. Notre objectif, \u00e7a se fait dans d\u2019autres d\u00e9partements d\u00e9j\u00e0, c\u2019est de parvenir \u00e0 faire pression, dossier par dossier, sur la pr\u00e9fecture, pour qu\u2019ils ne soient plus retard\u00e9s et que les demandeurs obtiennent dans les temps leur titre de s\u00e9jour\u00a0\u00bb, explique-t-il. Pour la CGT \u00ab\u00a0\u00e0 partir du moment o\u00f9 ils travaillent, ils doivent avoir un titre de s\u00e9jour\u00a0\u00bb.<\/p>\n<p>\u00c0 ses c\u00f4t\u00e9s S\u00e9bastien Beau, le secr\u00e9taire du syndicat CGT de la Propret\u00e9 et des services associ\u00e9s intervient\u00a0: \u00ab\u00a0J\u2019ai une coll\u00e8gue de travail qui a perdu son emploi justement \u00e0 cause de cela. Quand elle les a enfin obtenus elle avait d\u00e9j\u00e0 \u00e9t\u00e9 licenci\u00e9e. Et malgr\u00e9 son engagement \u00e0 la r\u00e9embaucher, l\u2019entreprise de nettoyage ne l\u2019a jamais fait.\u00a0\u00bb Refusant cette situation, la CGT va donc adresser un courrier au pr\u00e9fet pour solliciter une rencontre et voir comment les choses peuvent \u00e9voluer positivement. \u00ab\u00a0Pour l\u2019instant, la pr\u00e9fecture du Var est tr\u00e8s dure sur ces dossiers-l\u00e0\u00a0\u00bb, d\u00e9clare le secr\u00e9taire de l\u2019UD.<\/p>\n<p>Pour gagner en efficacit\u00e9, le syndicat travaille en synergie avec le monde associatif et notamment la Cimade qui aide les personnes \u00e9trang\u00e8res dans leurs d\u00e9marches administratives.<\/p>\n<p>Et d\u2019ajouter : \u00ab\u00a0On a aussi \u00e0 la CGT notre r\u00e9seau qu\u2019on met en action, puisqu\u2019on a \u00e9norm\u00e9ment de syndiqu\u00e9s chez les assistantes sociales, nous sommes la premi\u00e8re organisation syndicale au conseil d\u00e9partemental.\u00a0\u00bb Une proximit\u00e9 qui aide \u00e0 trouver des solutions d\u2019urgence, comme un endroit pour se loger provisoirement, en attendant de retrouver ses papiers. Et pour continuer \u00e0 vivre jusque-l\u00e0. Pour y parvenir \u00ab\u00a0certains travaillent au noir\u00a0\u00bb, avec les risques que cela comporte. Comme ce salari\u00e9 victime d\u2019un accident de travail et actuellement hospitalis\u00e9 \u00e0 Brignoles et qui va conserver des s\u00e9quelles, d\u00e9plore S\u00e9bastien Beau. L\u2019entrepreneur refusant, lui, d\u2019endosser ses responsabilit\u00e9s s\u2019est sauv\u00e9 dans un autre d\u00e9partement. Une double peine pour le salari\u00e9.<\/p>\n","protected":false},"excerpt":{"rendered":"Pour beaucoup de travailleurs \u00e9trangers la situation s\u2019est fortement aggrav\u00e9e depuis janvier\u00a02025 date de la circulaire dite Retailleau,&hellip;\n","protected":false},"author":2,"featured_media":510651,"comment_status":"","ping_status":"","sticky":false,"template":"","format":"standard","meta":{"footnotes":""},"categories":[9619],"tags":[1111,11,44989,1777,674,1011,27,12,882,25,2310],"class_list":{"0":"post-510650","1":"post","2":"type-post","3":"status-publish","4":"format-standard","5":"has-post-thumbnail","7":"category-toulon","8":"tag-actu","9":"tag-actualites","10":"tag-droit-des-etrangers","11":"tag-eu","12":"tag-europe","13":"tag-fr","14":"tag-france","15":"tag-news","16":"tag-provence-alpes-cote-dazur","17":"tag-republique-francaise","18":"tag-toulon"},"share_on_mastodon":{"url":"https:\/\/pubeurope.com\/@fr\/115490319479175097","error":""},"_links":{"self":[{"href":"https:\/\/www.europesays.com\/fr\/wp-json\/wp\/v2\/posts\/510650","targetHints":{"allow":["GET"]}}],"collection":[{"href":"https:\/\/www.europesays.com\/fr\/wp-json\/wp\/v2\/posts"}],"about":[{"href":"https:\/\/www.europesays.com\/fr\/wp-json\/wp\/v2\/types\/post"}],"author":[{"embeddable":true,"href":"https:\/\/www.europesays.com\/fr\/wp-json\/wp\/v2\/users\/2"}],"replies":[{"embeddable":true,"href":"https:\/\/www.europesays.com\/fr\/wp-json\/wp\/v2\/comments?post=510650"}],"version-history":[{"count":0,"href":"https:\/\/www.europesays.com\/fr\/wp-json\/wp\/v2\/posts\/510650\/revisions"}],"wp:featuredmedia":[{"embeddable":true,"href":"https:\/\/www.europesays.com\/fr\/wp-json\/wp\/v2\/media\/510651"}],"wp:attachment":[{"href":"https:\/\/www.europesays.com\/fr\/wp-json\/wp\/v2\/media?parent=510650"}],"wp:term":[{"taxonomy":"category","embeddable":true,"href":"https:\/\/www.europesays.com\/fr\/wp-json\/wp\/v2\/categories?post=510650"},{"taxonomy":"post_tag","embeddable":true,"href":"https:\/\/www.europesays.com\/fr\/wp-json\/wp\/v2\/tags?post=510650"}],"curies":[{"name":"wp","href":"https:\/\/api.w.org\/{rel}","templated":true}]}}