{"id":510656,"date":"2025-11-04T07:48:10","date_gmt":"2025-11-04T07:48:10","guid":{"rendered":"https:\/\/www.europesays.com\/fr\/510656\/"},"modified":"2025-11-04T07:48:10","modified_gmt":"2025-11-04T07:48:10","slug":"retards-interruption-du-trafic-voici-ce-qui-vous-attend-ce-week-end-en-seine-maritime","status":"publish","type":"post","link":"https:\/\/www.europesays.com\/fr\/510656\/","title":{"rendered":"retards, interruption du trafic&#8230; voici ce qui vous attend ce week-end en Seine-Maritime"},"content":{"rendered":"<p>            Par<br \/>\n        <strong><br \/>\n            <a href=\"https:\/\/actu.fr\/auteur\/vanessa-leroy\" title=\"Consulter tous les articles de Vanessa Leroy\" rel=\"nofollow noopener\" target=\"_blank\">Vanessa Leroy<\/a><br \/>\n        <\/strong><\/p>\n<p>        Publi\u00e9 le<\/p>\n<p>            4 nov. 2025 \u00e0 8h14        <\/p>\n<p><strong>Des travaux sont programm\u00e9s<\/strong> en ce week-end du samedi 8 et dimanche 9 novembre 2025 sur le r\u00e9seau SNCF <strong>entre la Normandie et Paris<\/strong>. Plusieurs lignes au d\u00e9part de la <a href=\"https:\/\/actu.fr\/76actu\/\" rel=\"nofollow noopener\" target=\"_blank\">Seine-Maritime<\/a> sont impact\u00e9es. Voici ce \u00e0 quoi il faut s\u2019attendre.<\/p>\n<ul class=\" wall-content\">\n<li><strong>Axe Le Have-Rouen-Paris :<\/strong><\/li>\n<\/ul>\n<p class=\" wall-content\">Samedi et dimanche \u00e0 partir de 15h30 : d\u00e9tournement des trains Krono+ entre Paris Saint-Lazare et Yvetot avec correspondance en navette ferroviaire entre Yvetot et Rouen. Dimanche \u00e0 partir de 15h30 : d\u00e9tournement des trains Krono+ entre Paris Saint-Lazare et Rouen par Serqueux Gisors. Comptez <strong>35 minutes de temps de parcours suppl\u00e9mentaires<\/strong>.<\/p>\n<p class=\" wall-content\">Samedi et dimanche : interruption de la circulation des trains (pas de desserte dans les gares de Mantes-la-Jolie, Rosny et Bonni\u00e8res).<\/p>\n<p class=\" wall-content\">Des cars de substitution \u00e0 r\u00e9servation obligatoire entre Rouen et Vernon seront mis en place samedi. La reprise de la circulation des trains entre Rouen et Vernon est pr\u00e9vue dimanche \u00e0 partir de 15h30.<\/p>\n<p>Vid\u00e9os : en ce moment sur Actu<\/p>\n<p>Votre r\u00e9gion, votre actu !<\/p>\n<p>Recevez chaque jour les infos qui comptent pour vous.<\/p>\n<p>\t<a href=\"https:\/\/actu.fr\/newsletter\" class=\"ac-btn ac-btn--corner ac-btn--medium ac-btn--blue800\" rel=\"nofollow noopener\" target=\"_blank\">S&rsquo;incrire<\/a><\/p>\n<p class=\" wall-content\">Samedi et dimanche, jusqu\u2019\u00e0 17 heures, aucun train ne circulera entre Elbeuf et Rouen.<\/p>\n<p class=\" wall-content\">Samedi et dimanche, jusqu\u2019\u00e0 17 heures, aucun train ne circulera entre Yvetot et Elbeuf.<\/p>\n<p class=\" wall-content\">Samedi et dimanche jusqu\u2019\u00e0 17 heures, aucun train ne circulera entre Rouen et Amiens. Des cars de substitution seront mis en place le samedi entre Rouen et Amiens.<\/p>\n<p class=\" wall-content\">La reprise normale de circulation des trains est pr\u00e9vue dimanche \u00e0 partir de 17 heures.<\/p>\n<p>Suivez l\u2019actualit\u00e9 du <a href=\"https:\/\/www.whatsapp.com\/channel\/0029VaFqJYE8aKvLBwVrEe0o\" rel=\"nofollow noopener\" target=\"_blank\">Havre<\/a> et de <a href=\"https:\/\/www.whatsapp.com\/channel\/0029VaKfnf99hXF2ddApFB1D\" rel=\"nofollow noopener\" target=\"_blank\">Rouen<\/a> sur nos cha\u00eenes WhatsApp et <a href=\"https:\/\/www.tiktok.com\/@76actu.fr?lang=fr\" rel=\"nofollow noopener\" target=\"_blank\">sur notre compte TikTok<\/a><\/p>\n<p class=\" wall-content\">Personnalisez votre actualit\u00e9 en ajoutant vos villes et m\u00e9dias en favori avec <a href=\"https:\/\/moncompte.actu.fr\" title=\"D\u00e9couvez Mon Actu\" rel=\"nofollow noopener\" data-trk=\"{&quot;cta&quot;:{&quot;action&quot;:&quot;https:\\\/\\\/moncompte.actu.fr&quot;,&quot;category&quot;:&quot;mon compte&quot;,&quot;from&quot;:&quot;article footer&quot;,&quot;name&quot;:&quot;Mon actu&quot;,&quot;type&quot;:&quot;cta&quot;}}\" target=\"_blank\">Mon Actu<\/a>.<\/p>\n<p>                    <script async src=\"\/\/www.tiktok.com\/embed.js\"><\/script><\/p>\n","protected":false},"excerpt":{"rendered":"Par Vanessa Leroy Publi\u00e9 le 4 nov. 2025 \u00e0 8h14 Des travaux sont programm\u00e9s en ce week-end du&hellip;\n","protected":false},"author":2,"featured_media":510657,"comment_status":"","ping_status":"","sticky":false,"template":"","format":"standard","meta":{"footnotes":""},"categories":[9587],"tags":[1111,11,1777,674,1011,27,12,5161,25,9590,2215,104,2803,2086],"class_list":{"0":"post-510656","1":"post","2":"type-post","3":"status-publish","4":"format-standard","5":"has-post-thumbnail","7":"category-rouen","8":"tag-actu","9":"tag-actualites","10":"tag-eu","11":"tag-europe","12":"tag-fr","13":"tag-france","14":"tag-news","15":"tag-normandie","16":"tag-republique-francaise","17":"tag-rouen","18":"tag-sncf","19":"tag-societe","20":"tag-transport","21":"tag-travaux"},"share_on_mastodon":{"url":"https:\/\/pubeurope.com\/@fr\/115490331346406854","error":""},"_links":{"self":[{"href":"https:\/\/www.europesays.com\/fr\/wp-json\/wp\/v2\/posts\/510656","targetHints":{"allow":["GET"]}}],"collection":[{"href":"https:\/\/www.europesays.com\/fr\/wp-json\/wp\/v2\/posts"}],"about":[{"href":"https:\/\/www.europesays.com\/fr\/wp-json\/wp\/v2\/types\/post"}],"author":[{"embeddable":true,"href":"https:\/\/www.europesays.com\/fr\/wp-json\/wp\/v2\/users\/2"}],"replies":[{"embeddable":true,"href":"https:\/\/www.europesays.com\/fr\/wp-json\/wp\/v2\/comments?post=510656"}],"version-history":[{"count":0,"href":"https:\/\/www.europesays.com\/fr\/wp-json\/wp\/v2\/posts\/510656\/revisions"}],"wp:featuredmedia":[{"embeddable":true,"href":"https:\/\/www.europesays.com\/fr\/wp-json\/wp\/v2\/media\/510657"}],"wp:attachment":[{"href":"https:\/\/www.europesays.com\/fr\/wp-json\/wp\/v2\/media?parent=510656"}],"wp:term":[{"taxonomy":"category","embeddable":true,"href":"https:\/\/www.europesays.com\/fr\/wp-json\/wp\/v2\/categories?post=510656"},{"taxonomy":"post_tag","embeddable":true,"href":"https:\/\/www.europesays.com\/fr\/wp-json\/wp\/v2\/tags?post=510656"}],"curies":[{"name":"wp","href":"https:\/\/api.w.org\/{rel}","templated":true}]}}