{"id":510660,"date":"2025-11-04T07:50:13","date_gmt":"2025-11-04T07:50:13","guid":{"rendered":"https:\/\/www.europesays.com\/fr\/510660\/"},"modified":"2025-11-04T07:50:13","modified_gmt":"2025-11-04T07:50:13","slug":"un-banal-controle-routier-permet-de-mettre-la-main-sur-des-armes-et-de-la-drogue","status":"publish","type":"post","link":"https:\/\/www.europesays.com\/fr\/510660\/","title":{"rendered":"un banal contr\u00f4le routier permet de mettre la main sur des armes et de la drogue"},"content":{"rendered":"<p>\t\t\t\t\t\t\t\t\t\t\t<img decoding=\"async\" src=\"https:\/\/www.europesays.com\/fr\/wp-content\/uploads\/2025\/11\/1280x720_pres-de-grenoble-un-banal-controle-routier-permet-de-mettre-la-main-sur-des-armes-et-de-la-.jpeg\" alt=\"Pr\u00e8s de Grenoble : un banal contr\u00f4le routier permet de mettre la main sur des armes et de la drogue\" title=\"Pr\u00e8s de Grenoble : un banal contr\u00f4le routier permet de mettre la main sur des armes et de la drogue\" width=\"1280\" height=\"720\" class=\"img-fluid  mb-3\" loading=\"lazy\"\/>\t\t\t\t\t\t\t\t\t\t\t\t<\/p>\n<p>Pr\u00e8s de Grenoble : un banal contr\u00f4le routier permet de mettre la main sur des armes et de la drogue &#8211; DR<\/p>\n<p itemprop=\"description\"><strong>Jackpot pour les policiers jeudi dernier \u00e0 Voiron.<\/strong><\/p>\n<p>Vers 23h30, ils arr\u00eataient un v\u00e9hicule \u00e0 l&rsquo;occasion d&rsquo;un contr\u00f4le routier de routine. Et pour cause, le phare avant droit de la voiture \u00e9tait d\u00e9fectueux, et sa plaque d&rsquo;immatriculation avant mal entretenue.<\/p>\n<p>Celui qui devait s&rsquo;en tirer avec une amende voire un simple rappel oral \u00e0 la loi a finalement termin\u00e9 au tribunal. Et pour cause, les forces de l&rsquo;ordre ont aper\u00e7u des armes dans l&rsquo;habitacle : deux armes de poing et deux couteaux, ainsi que de la r\u00e9sine de cannabis.<\/p>\n<p>Logiquement, une perquisition avait ensuite lieu au domicile de l&rsquo;automobiliste de 42 ans. Des cartouches, de l&rsquo;herbe de cannabis et de l&rsquo;argent liquide \u00e9taient d\u00e9couverts sur place.<\/p>\n<p>Lors de sa comparution imm\u00e9diate, le pr\u00e9venu a expliqu\u00e9 avoir achet\u00e9 ses armes lors d&rsquo;une brocante. Une version qui n&rsquo;a pas convaincu les juges selon le Dauphin\u00e9 Lib\u00e9r\u00e9.<\/p>\n<p>Une peine de 18 mois de prison a \u00e9t\u00e9 prononc\u00e9e contre cet Alg\u00e9rien, qui a \u00e9t\u00e9 incarc\u00e9r\u00e9 \u00e0 l&rsquo;issue de l&rsquo;audience.<\/p>\n","protected":false},"excerpt":{"rendered":"Pr\u00e8s de Grenoble : un banal contr\u00f4le routier permet de mettre la main sur des armes et de&hellip;\n","protected":false},"author":2,"featured_media":510661,"comment_status":"","ping_status":"","sticky":false,"template":"","format":"standard","meta":{"footnotes":""},"categories":[9566],"tags":[1111,11,7733,8279,2430,7736,650,7734,2889,2263,1777,674,1011,27,2731,8280,6417,1114,108,4662,12,3725,1825,25,7737],"class_list":{"0":"post-510660","1":"post","2":"type-post","3":"status-publish","4":"format-standard","5":"has-post-thumbnail","7":"category-grenoble","8":"tag-actu","9":"tag-actualites","10":"tag-alpes","11":"tag-alpes1","12":"tag-auvergne-rhone-alpes","13":"tag-cds","14":"tag-cinema","15":"tag-ecoute","16":"tag-emission","17":"tag-equipe","18":"tag-eu","19":"tag-europe","20":"tag-fr","21":"tag-france","22":"tag-grenoble","23":"tag-haute","24":"tag-information","25":"tag-infos","26":"tag-isere","27":"tag-journal","28":"tag-news","29":"tag-podcast","30":"tag-radio","31":"tag-republique-francaise","32":"tag-winamp"},"share_on_mastodon":{"url":"https:\/\/pubeurope.com\/@fr\/115490339288408622","error":""},"_links":{"self":[{"href":"https:\/\/www.europesays.com\/fr\/wp-json\/wp\/v2\/posts\/510660","targetHints":{"allow":["GET"]}}],"collection":[{"href":"https:\/\/www.europesays.com\/fr\/wp-json\/wp\/v2\/posts"}],"about":[{"href":"https:\/\/www.europesays.com\/fr\/wp-json\/wp\/v2\/types\/post"}],"author":[{"embeddable":true,"href":"https:\/\/www.europesays.com\/fr\/wp-json\/wp\/v2\/users\/2"}],"replies":[{"embeddable":true,"href":"https:\/\/www.europesays.com\/fr\/wp-json\/wp\/v2\/comments?post=510660"}],"version-history":[{"count":0,"href":"https:\/\/www.europesays.com\/fr\/wp-json\/wp\/v2\/posts\/510660\/revisions"}],"wp:featuredmedia":[{"embeddable":true,"href":"https:\/\/www.europesays.com\/fr\/wp-json\/wp\/v2\/media\/510661"}],"wp:attachment":[{"href":"https:\/\/www.europesays.com\/fr\/wp-json\/wp\/v2\/media?parent=510660"}],"wp:term":[{"taxonomy":"category","embeddable":true,"href":"https:\/\/www.europesays.com\/fr\/wp-json\/wp\/v2\/categories?post=510660"},{"taxonomy":"post_tag","embeddable":true,"href":"https:\/\/www.europesays.com\/fr\/wp-json\/wp\/v2\/tags?post=510660"}],"curies":[{"name":"wp","href":"https:\/\/api.w.org\/{rel}","templated":true}]}}