{"id":510665,"date":"2025-11-04T07:53:12","date_gmt":"2025-11-04T07:53:12","guid":{"rendered":"https:\/\/www.europesays.com\/fr\/510665\/"},"modified":"2025-11-04T07:53:12","modified_gmt":"2025-11-04T07:53:12","slug":"retrouve-cache-dans-un-camping-un-homme-reconnait-le-meurtre-dune-femme-schizophrene","status":"publish","type":"post","link":"https:\/\/www.europesays.com\/fr\/510665\/","title":{"rendered":"Retrouv\u00e9 cach\u00e9 dans un camping, un homme reconna\u00eet le meurtre d\u2019une femme schizophr\u00e8ne"},"content":{"rendered":"<p>Il \u00e9tait activement recherch\u00e9 depuis plusieurs jours. Vendredi 31\u00a0octobre en fin de journ\u00e9e, un homme a \u00e9t\u00e9 interpell\u00e9 par des policiers de la division de la criminalit\u00e9 organis\u00e9e et sp\u00e9cialis\u00e9e (DCOS) dans un camping de Carnac (Morbihan) o\u00f9 il se cachait. Il est soup\u00e7onn\u00e9 <a href=\"https:\/\/www.20minutes.fr\/rennes\/4182080-20251028-rennes-deux-personnes-recherchees-apres-meurtre-schizophrene-hebergeait\" class=\"c-link c-link--is-underlined\" rel=\"nofollow noopener\" target=\"_blank\">du meurtre d\u2019une femme de 36 ans<\/a> le 27\u00a0octobre dans le quartier de La Bellangerais \u00e0 Rennes.<\/p>\n<p>Le corps de la victime, <a href=\"https:\/\/www.20minutes.fr\/arts-stars\/cinema\/4081308-20240314-schizophrenie-quand-diagnostique-dit-violent\" class=\"c-link c-link--is-underlined\" rel=\"nofollow noopener\" target=\"_blank\">atteinte de schizophr\u00e9nie<\/a>, avait \u00e9t\u00e9 d\u00e9couvert par deux infirmi\u00e8res qui lui prodiguaient des soins \u00e0 domicile. Il portait, selon une source polici\u00e8re, \u00ab\u00a0de multiples l\u00e9sions, dont des marques de strangulation.\u00a0\u00bb Un couteau a \u00e9galement \u00e9t\u00e9 d\u00e9couvert \u00e0 proximit\u00e9 de la trentenaire.<\/p>\n<p>Il explique en garde \u00e0 vue avoir \u00ab\u00a0p\u00e9t\u00e9 les plombs\u00a0\u00bb<\/p>\n<p>Lors de sa garde \u00e0 vue, le suspect, qui \u00e9tait h\u00e9berg\u00e9 par la victime depuis quelques semaines, a reconnu les faits. Selon Fr\u00e9d\u00e9ric Teillet, procureur de la R\u00e9publique, il a expliqu\u00e9 avoir \u00ab\u00a0p\u00e9t\u00e9 les plombs.\u00a0\u00bb<\/p>\n<\/p>\n<p>Apr\u00e8s <a href=\"https:\/\/www.20minutes.fr\/dossier\/meurtre\" class=\"c-link c-link--is-underlined\" rel=\"nofollow noopener\" target=\"_blank\">le meurtre<\/a>, l\u2019individu a pris la fuite apr\u00e8s avoir referm\u00e9 l\u2019appartement \u00e0 cl\u00e9. \u00ab\u00a0Les cl\u00e9s ont \u00e9t\u00e9 retrouv\u00e9es enterr\u00e9es l\u00e0 o\u00f9 il l\u2019avait indiqu\u00e9 aux enqu\u00eateurs\u00a0\u00bb, pr\u00e9cise le procureur. Il a \u00e9t\u00e9 mis en examen dimanche pour meurtre sur personne vuln\u00e9rable et plac\u00e9 en d\u00e9tention provisoire.<\/p>\n","protected":false},"excerpt":{"rendered":"Il \u00e9tait activement recherch\u00e9 depuis plusieurs jours. Vendredi 31\u00a0octobre en fin de journ\u00e9e, un homme a \u00e9t\u00e9 interpell\u00e9&hellip;\n","protected":false},"author":2,"featured_media":510666,"comment_status":"","ping_status":"","sticky":false,"template":"","format":"standard","meta":{"footnotes":""},"categories":[2821],"tags":[1111,47,11,829,24692,1067,1777,674,118,7641,1011,27,2683,848,777,3729,12,584,25],"class_list":{"0":"post-510665","1":"post","2":"type-post","3":"status-publish","4":"format-standard","5":"has-post-thumbnail","7":"category-rennes","8":"tag-actu","9":"tag-actualite","10":"tag-actualites","11":"tag-bretagne","12":"tag-camping","13":"tag-enquete","14":"tag-eu","15":"tag-europe","16":"tag-faits-divers","17":"tag-faits-divers-rennes","18":"tag-fr","19":"tag-france","20":"tag-homicide","21":"tag-ille-et-vilaine","22":"tag-meurtre","23":"tag-morbihan","24":"tag-news","25":"tag-rennes","26":"tag-republique-francaise"},"share_on_mastodon":{"url":"https:\/\/pubeurope.com\/@fr\/115490351016878596","error":""},"_links":{"self":[{"href":"https:\/\/www.europesays.com\/fr\/wp-json\/wp\/v2\/posts\/510665","targetHints":{"allow":["GET"]}}],"collection":[{"href":"https:\/\/www.europesays.com\/fr\/wp-json\/wp\/v2\/posts"}],"about":[{"href":"https:\/\/www.europesays.com\/fr\/wp-json\/wp\/v2\/types\/post"}],"author":[{"embeddable":true,"href":"https:\/\/www.europesays.com\/fr\/wp-json\/wp\/v2\/users\/2"}],"replies":[{"embeddable":true,"href":"https:\/\/www.europesays.com\/fr\/wp-json\/wp\/v2\/comments?post=510665"}],"version-history":[{"count":0,"href":"https:\/\/www.europesays.com\/fr\/wp-json\/wp\/v2\/posts\/510665\/revisions"}],"wp:featuredmedia":[{"embeddable":true,"href":"https:\/\/www.europesays.com\/fr\/wp-json\/wp\/v2\/media\/510666"}],"wp:attachment":[{"href":"https:\/\/www.europesays.com\/fr\/wp-json\/wp\/v2\/media?parent=510665"}],"wp:term":[{"taxonomy":"category","embeddable":true,"href":"https:\/\/www.europesays.com\/fr\/wp-json\/wp\/v2\/categories?post=510665"},{"taxonomy":"post_tag","embeddable":true,"href":"https:\/\/www.europesays.com\/fr\/wp-json\/wp\/v2\/tags?post=510665"}],"curies":[{"name":"wp","href":"https:\/\/api.w.org\/{rel}","templated":true}]}}