{"id":510669,"date":"2025-11-04T07:55:16","date_gmt":"2025-11-04T07:55:16","guid":{"rendered":"https:\/\/www.europesays.com\/fr\/510669\/"},"modified":"2025-11-04T07:55:16","modified_gmt":"2025-11-04T07:55:16","slug":"insolite-la-cts-met-en-vente-ces-objets-a-son-effigie-dans-son-agence-de-strasbourg-a-partir-de-jeudi","status":"publish","type":"post","link":"https:\/\/www.europesays.com\/fr\/510669\/","title":{"rendered":"Insolite. La CTS met en vente ces objets \u00e0 son effigie dans son agence de Strasbourg \u00e0 partir de jeudi"},"content":{"rendered":"<p>            Par<br \/>\n        <strong><br \/>\n            <a href=\"https:\/\/actu.fr\/auteur\/thomas-blanc\" title=\"Consulter tous les articles de Thomas Blanc\" target=\"_blank\" rel=\"noopener\">Thomas Blanc<\/a><br \/>\n        <\/strong><\/p>\n<p>        Publi\u00e9 le<\/p>\n<p>            4 nov. 2025 \u00e0 7h02        <\/p>\n<p>La <a href=\"https:\/\/actu.fr\/tag\/compagnie-des-transports-strasbourgeois-cts\" target=\"_blank\" rel=\"noopener\">Compagnie des Transports Strasbourgeois (CTS)<\/a>, en plus d\u2019avoir une actualit\u00e9 charg\u00e9e du fait du<a href=\"https:\/\/actu.fr\/grand-est\/strasbourg_67482\/strasbourg-le-reseau-de-bus-profondement-reorganise-avec-l-arrivee-du-tram-ouest-voici-les-changements_63363190.html\" target=\"_blank\" rel=\"noopener\"> prolongement de la ligne de tram F vers l\u2019ouest<\/a>, se dote aussi de nouveaut\u00e9s moins attendues. Des goodies un petit peu sp\u00e9ciaux sont en effet mis en vente <strong>\u00e0 partir du jeudi 6\u00a0novembre<\/strong> pour une dur\u00e9e d\u2019une semaine.<\/p>\n<p>Des chaussettes CTS au b\u00e9n\u00e9fice d\u2019une association locale<\/p>\n<p class=\" wall-content\">\u00c0 l\u2019origine invent\u00e9e dans le cadre d<strong>\u2019une blague du 1er\u00a0avril<\/strong>, les <strong>chaussettes<\/strong> \u00e0 l\u2019effigie de l\u2019exploitant du r\u00e9seau de transport strasbourgeois verront bien le jour.<\/p>\n<p class=\" wall-content\">Pour garder au chaud les pieds de ses plus grands fans, la CTS mettra en vente<strong> 200 de ces produits<\/strong> du 6 au 13 novembre 2025 \u00e0 l\u2019agence commerciale CTS (9 place Saint-Pierre-le-Vieux \u00e0 Strasbourg).<\/p>\n<p>    <a href=\"https:\/\/www.facebook.com\/plugins\/post.php?href=https%3A%2F%2Fwww.facebook.com%2FCtsStrasbourg%2Fposts%2Fpfbid06SQLcKxF577EyjvRd2dsFSqsK3xdv98Yk2v8RhigfqSLMRrXeFVDMPQKftYFcBcsl&amp;show_text=true&amp;width=350\" title=\"Ouvrie le lien\" target=\"_blank\" rel=\"noopener\">Cliquez ici pour visualiser le contenu<\/a><\/p>\n<p class=\" wall-content\">Vendue au prix de<strong> 15\u00a0euros la paire<\/strong>, l\u2019int\u00e9gralit\u00e9 des b\u00e9n\u00e9fices sera revers\u00e9e \u00e0 l\u2019association strasbourgeoise <a href=\"https:\/\/www.facebook.com\/p\/Solidariteam-100078657540309\/?locale=fr_FR\" target=\"_blank\" rel=\"noopener\">Solidariteam<\/a>.<\/p>\n<p class=\" wall-content\">Personnalisez votre actualit\u00e9 en ajoutant vos villes et m\u00e9dias en favori avec <a href=\"https:\/\/moncompte.actu.fr\" title=\"D\u00e9couvez Mon Actu\" rel=\"nofollow noopener\" data-trk=\"{&quot;cta&quot;:{&quot;action&quot;:&quot;https:\\\/\\\/moncompte.actu.fr&quot;,&quot;category&quot;:&quot;mon compte&quot;,&quot;from&quot;:&quot;article footer&quot;,&quot;name&quot;:&quot;Mon actu&quot;,&quot;type&quot;:&quot;cta&quot;}}\" target=\"_blank\">Mon Actu<\/a>.<\/p>\n","protected":false},"excerpt":{"rendered":"Par Thomas Blanc Publi\u00e9 le 4 nov. 2025 \u00e0 7h02 La Compagnie des Transports Strasbourgeois (CTS), en plus&hellip;\n","protected":false},"author":2,"featured_media":510670,"comment_status":"","ping_status":"","sticky":false,"template":"","format":"standard","meta":{"footnotes":""},"categories":[2820],"tags":[1111,11,7344,1777,674,1011,27,775,12,25,104,640],"class_list":{"0":"post-510669","1":"post","2":"type-post","3":"status-publish","4":"format-standard","5":"has-post-thumbnail","7":"category-strasbourg","8":"tag-actu","9":"tag-actualites","10":"tag-compagnie-des-transports-strasbourgeois-cts","11":"tag-eu","12":"tag-europe","13":"tag-fr","14":"tag-france","15":"tag-grand-est","16":"tag-news","17":"tag-republique-francaise","18":"tag-societe","19":"tag-strasbourg"},"share_on_mastodon":{"url":"https:\/\/pubeurope.com\/@fr\/115490358824821002","error":""},"_links":{"self":[{"href":"https:\/\/www.europesays.com\/fr\/wp-json\/wp\/v2\/posts\/510669","targetHints":{"allow":["GET"]}}],"collection":[{"href":"https:\/\/www.europesays.com\/fr\/wp-json\/wp\/v2\/posts"}],"about":[{"href":"https:\/\/www.europesays.com\/fr\/wp-json\/wp\/v2\/types\/post"}],"author":[{"embeddable":true,"href":"https:\/\/www.europesays.com\/fr\/wp-json\/wp\/v2\/users\/2"}],"replies":[{"embeddable":true,"href":"https:\/\/www.europesays.com\/fr\/wp-json\/wp\/v2\/comments?post=510669"}],"version-history":[{"count":0,"href":"https:\/\/www.europesays.com\/fr\/wp-json\/wp\/v2\/posts\/510669\/revisions"}],"wp:featuredmedia":[{"embeddable":true,"href":"https:\/\/www.europesays.com\/fr\/wp-json\/wp\/v2\/media\/510670"}],"wp:attachment":[{"href":"https:\/\/www.europesays.com\/fr\/wp-json\/wp\/v2\/media?parent=510669"}],"wp:term":[{"taxonomy":"category","embeddable":true,"href":"https:\/\/www.europesays.com\/fr\/wp-json\/wp\/v2\/categories?post=510669"},{"taxonomy":"post_tag","embeddable":true,"href":"https:\/\/www.europesays.com\/fr\/wp-json\/wp\/v2\/tags?post=510669"}],"curies":[{"name":"wp","href":"https:\/\/api.w.org\/{rel}","templated":true}]}}