{"id":510683,"date":"2025-11-04T08:06:12","date_gmt":"2025-11-04T08:06:12","guid":{"rendered":"https:\/\/www.europesays.com\/fr\/510683\/"},"modified":"2025-11-04T08:06:12","modified_gmt":"2025-11-04T08:06:12","slug":"cette-decheterie-va-definitivement-fermer-comment-sorganiser","status":"publish","type":"post","link":"https:\/\/www.europesays.com\/fr\/510683\/","title":{"rendered":"cette d\u00e9ch\u00e8terie va d\u00e9finitivement fermer, comment s\u2019organiser\u00a0?"},"content":{"rendered":"<p>            Par<br \/>\n        <strong><br \/>\n            <a href=\"https:\/\/actu.fr\/auteur\/guillaume-laurens\" title=\"Consulter tous les articles de Guillaume Laurens\" target=\"_blank\" rel=\"noopener\">Guillaume Laurens<\/a><br \/>\n        <\/strong><\/p>\n<p>        Publi\u00e9 le<\/p>\n<p>            4 nov. 2025 \u00e0 7h12        <\/p>\n<p>Apr\u00e8s 40\u00a0ans d\u2019exploitation, la <strong>d\u00e9ch\u00e8terie des Cosmonautes<\/strong>, situ\u00e9e dans le quartier Montaudran, \u00e0 <strong><a href=\"https:\/\/actu.fr\/toulouse\/\" target=\"_blank\" rel=\"noopener\">Toulouse,<\/a> <\/strong>va <strong>d\u00e9finitivement fermer<\/strong> ses portes fin novembre\u00a02025. Si quelques services vont provisoirement subsister sur place, les usagers sont invit\u00e9s \u00e0 se r\u00e9orienter sur <strong>d\u2019autres d\u00e9ch\u00e8teries<\/strong> \u00e0 proximit\u00e9. Le site des Cosmonautes va laisser place \u00e0 un nouveau projet. Ce qu\u2019il faut savoir.<\/p>\n<p>Une centrale biomasse \u00e0 la place de la d\u00e9ch\u00e8terie<\/p>\n<p class=\" wall-content\">Construite en 1985 et exploit\u00e9e par Decoset \u00e0 partir de 2021, la d\u00e9ch\u00e8terie des Cosmonautes, \u00e0 Montaudran, \u00ab\u2009fermera ses portes d\u00e9finitivement le <strong>29\u00a0novembre 2025 au soir\u2009\u00bb<\/strong>, annonce, en ce d\u00e9but de mois, le syndicat mixte de gestion des d\u00e9chets de l\u2019agglom\u00e9ration de Toulouse.<\/p>\n<blockquote class=\"ac-article-quote wall-content\">\n<p>Le terrain, actuellement occup\u00e9 par la d\u00e9ch\u00e8terie, est en effet r\u00e9cup\u00e9r\u00e9 par Toulouse M\u00e9tropole et r\u00e9affect\u00e9 \u00e0 la cr\u00e9ation d&rsquo;une centrale biomasse pour alimenter le r\u00e9seau de chaleur.<\/p>\n<p>    <strong>Decoset<\/strong>\n            <\/p><\/blockquote>\n<p>Un d\u00e9p\u00f4t transitoire pour les d\u00e9chets verts et les gravats<\/p>\n<p class=\" wall-content\">Une zone de d\u00e9p\u00f4t transitoire sera mise \u00e0 disposition au 16 chemin des Cosmonautes pour les <strong>d\u00e9chets verts<\/strong> et les <strong>gravats<\/strong>. \u00ab\u2009Ces deux flux ont \u00e9t\u00e9 maintenus, car ce sont les deux flux les plus cons\u00e9quents d\u00e9pos\u00e9s par les usagers dans cette d\u00e9ch\u00e8terie\u2009\u00bb, explique le syndicat mixte.<\/p>\n<p class=\" wall-content\">L\u2019acc\u00e8s \u00e0 cette zone se fera en respectant les m\u00eames conditions d\u2019acc\u00e8s et de d\u00e9p\u00f4t, que pour les d\u00e9ch\u00e8teries du territoire de Decoset (sous r\u00e9serve de <a href=\"https:\/\/actu.fr\/occitanie\/toulouse_31555\/toulouse-acces-aux-dechetteries-un-pass-devient-obligatoire-dans-l-agglo_59922644.html\" target=\"_blank\" rel=\"noopener\">pr\u00e9sentation du pass).<\/a> Cette zone de d\u00e9p\u00f4t transitoire sera accessible pour les usagers \u00e0 compter de <strong>\u00ab\u2009d\u00e9but 2026\u2009\u00bb,<\/strong> selon Decoset, qui communiquera une \u00ab\u2009date pr\u00e9cise\u2009\u00bb ult\u00e9rieurement.<\/p>\n<p>    <img   decoding=\"async\" loading=\"lazy\" src=\"https:\/\/www.europesays.com\/fr\/wp-content\/uploads\/2025\/11\/vue-accueil-decheterie-cosmonautes-toulouse-decoset-960x640.jpg\" alt=\"Un d\u00e9p\u00f4t transitoire sera install\u00e9 \u00e0 proximit\u00e9 de la d\u00e9ch\u00e8terie pour les d\u00e9chets verts et les gravats\" width=\"960\" height=\"640\"\/><br \/>\n    Un d\u00e9p\u00f4t transitoire sera install\u00e9 \u00e0 proximit\u00e9 de la d\u00e9ch\u00e8terie pour les d\u00e9chets verts et les gravats (\u00a9Syndicat mixte Decoset)Direction Lab\u00e8ge, Ramonville ou d\u2019autres d\u00e9ch\u00e8teries<\/p>\n<p class=\" wall-content\">Pour les autres types de d\u00e9chets, les habitu\u00e9s sont invit\u00e9s \u00e0 \u00ab\u2009se diriger vers les d\u00e9ch\u00e8teries les plus proches de <strong>Lab\u00e8ge<\/strong> et <strong>Ramonville\u2009\u00bb<\/strong> par praticit\u00e9, mais tous les d\u00e9tenteurs du pass ont toutefois acc\u00e8s \u00e0 <strong>l\u2019ensemble des d\u00e9ch\u00e8teries<\/strong> du territoire de Decoset.<\/p>\n<p>Votre r\u00e9gion, votre actu !<\/p>\n<p>Recevez chaque jour les infos qui comptent pour vous.<\/p>\n<p>\t<a href=\"https:\/\/actu.fr\/newsletter\" class=\"ac-btn ac-btn--corner ac-btn--medium ac-btn--blue800\" target=\"_blank\" rel=\"noopener\">S&rsquo;incrire<\/a><\/p>\n<p class=\" wall-content\">Pour les personnes qui souhaitent continuer \u00e0 d\u00e9poser les objets r\u00e9employables aupr\u00e8s de <a href=\"https:\/\/actu.fr\/occitanie\/toulouse_31555\/toulouse-des-dechetteries-a-la-ressourcerie-la-glanerie-fete-ses-20-ans_59664811.html\" target=\"_blank\" rel=\"noopener\">La Glanerie, l\u2019association<\/a> qui \u0153uvre pour acc\u00e9l\u00e9rer la transition \u00e9cologique en associant r\u00e9duction des d\u00e9chets et retour \u00e0 l\u2019emploi, les usagers sont invit\u00e9s \u00e0 se diriger vers les zones de r\u00e9emploi disponibles sur les autres d\u00e9ch\u00e8teries de Decoset (Lab\u00e8ge, Ramonville, Ramier, Atlanta et L\u2019Union pour les plus proches).<\/p>\n<p>152 communes et 20 d\u00e9ch\u00e8teries sur le territoire de Decoset<\/p>\n<p>Cr\u00e9\u00e9 en 1993, Decoset est un \u00e9tablissement public intercommunal, charg\u00e9 de la pr\u00e9vention, de la valorisation et du traitement des d\u00e9chets m\u00e9nagers collect\u00e9s sur 152 communes autour de Toulouse. Sur un territoire de 1,1 million d\u2019habitants, soit pr\u00e8s de 80% de la population totale de la Haute-Garonne, il couvre Toulouse M\u00e9tropole, mais aussi sept intercommunalit\u00e9s alentour (le Sicoval, les Coteaux de Bellevue, les Coteaux du Girou, le Frontonnais, les Hauts-Tolosans, Le Grand Ouest Toulousain et Val\u2019A\u00efgo). 20 d\u00e9ch\u00e8teries sont r\u00e9parties sur son territoire et chacune d&rsquo;entre elles propose un local d\u00e9di\u00e9 au r\u00e9emploi par des associations locales conventionn\u00e9es, qui r\u00e9parent ou r\u00e9habilitent les biens d\u00e9pos\u00e9s pour les revendre \u00e0 petit prix.<\/p>\n<p>Bient\u00f4t une nouvelle d\u00e9ch\u00e8terie chemin de Ribaute<\/p>\n<p class=\" wall-content\">Rappelons que la disparition d\u2019une d\u00e9ch\u00e8terie dans ce secteur n\u2019est que provisoire. \u00ab\u00a0Afin de remplacer cette installation\u00a0\u00bb, Decoset travaille \u00e0 <strong>l\u2019implantation d\u2019une nouvelle d\u00e9ch\u00e8terie<\/strong> qui sera situ\u00e9e chemin de Ribaute\u00a0\u00bb, dans ce m\u00eame quartier de Montaudran. Son ouverture est<strong> \u00ab\u00a0pr\u00e9vue pour fin 2026\u00a0\u00bb,<\/strong> annonce le syndicat mixte.<\/p>\n<p class=\" wall-content\">Personnalisez votre actualit\u00e9 en ajoutant vos villes et m\u00e9dias en favori avec <a href=\"https:\/\/moncompte.actu.fr\" title=\"D\u00e9couvez Mon Actu\" rel=\"nofollow noopener\" data-trk=\"{&quot;cta&quot;:{&quot;action&quot;:&quot;https:\\\/\\\/moncompte.actu.fr&quot;,&quot;category&quot;:&quot;mon compte&quot;,&quot;from&quot;:&quot;article footer&quot;,&quot;name&quot;:&quot;Mon actu&quot;,&quot;type&quot;:&quot;cta&quot;}}\" target=\"_blank\">Mon Actu<\/a>.<\/p>\n","protected":false},"excerpt":{"rendered":"Par Guillaume Laurens Publi\u00e9 le 4 nov. 2025 \u00e0 7h12 Apr\u00e8s 40\u00a0ans d\u2019exploitation, la d\u00e9ch\u00e8terie des Cosmonautes, situ\u00e9e&hellip;\n","protected":false},"author":2,"featured_media":510684,"comment_status":"","ping_status":"","sticky":false,"template":"","format":"standard","meta":{"footnotes":""},"categories":[2816],"tags":[1111,11,3008,1777,674,1011,27,12,2680,25,104,2312],"class_list":{"0":"post-510683","1":"post","2":"type-post","3":"status-publish","4":"format-standard","5":"has-post-thumbnail","7":"category-toulouse","8":"tag-actu","9":"tag-actualites","10":"tag-dechets","11":"tag-eu","12":"tag-europe","13":"tag-fr","14":"tag-france","15":"tag-news","16":"tag-occitanie","17":"tag-republique-francaise","18":"tag-societe","19":"tag-toulouse"},"share_on_mastodon":{"url":"https:\/\/pubeurope.com\/@fr\/115490402679037878","error":""},"_links":{"self":[{"href":"https:\/\/www.europesays.com\/fr\/wp-json\/wp\/v2\/posts\/510683","targetHints":{"allow":["GET"]}}],"collection":[{"href":"https:\/\/www.europesays.com\/fr\/wp-json\/wp\/v2\/posts"}],"about":[{"href":"https:\/\/www.europesays.com\/fr\/wp-json\/wp\/v2\/types\/post"}],"author":[{"embeddable":true,"href":"https:\/\/www.europesays.com\/fr\/wp-json\/wp\/v2\/users\/2"}],"replies":[{"embeddable":true,"href":"https:\/\/www.europesays.com\/fr\/wp-json\/wp\/v2\/comments?post=510683"}],"version-history":[{"count":0,"href":"https:\/\/www.europesays.com\/fr\/wp-json\/wp\/v2\/posts\/510683\/revisions"}],"wp:featuredmedia":[{"embeddable":true,"href":"https:\/\/www.europesays.com\/fr\/wp-json\/wp\/v2\/media\/510684"}],"wp:attachment":[{"href":"https:\/\/www.europesays.com\/fr\/wp-json\/wp\/v2\/media?parent=510683"}],"wp:term":[{"taxonomy":"category","embeddable":true,"href":"https:\/\/www.europesays.com\/fr\/wp-json\/wp\/v2\/categories?post=510683"},{"taxonomy":"post_tag","embeddable":true,"href":"https:\/\/www.europesays.com\/fr\/wp-json\/wp\/v2\/tags?post=510683"}],"curies":[{"name":"wp","href":"https:\/\/api.w.org\/{rel}","templated":true}]}}