{"id":510690,"date":"2025-11-04T08:10:11","date_gmt":"2025-11-04T08:10:11","guid":{"rendered":"https:\/\/www.europesays.com\/fr\/510690\/"},"modified":"2025-11-04T08:10:11","modified_gmt":"2025-11-04T08:10:11","slug":"la-magie-ils-en-font-tout-un-festival-a-la-belle-de-mai","status":"publish","type":"post","link":"https:\/\/www.europesays.com\/fr\/510690\/","title":{"rendered":"La magie, ils en font tout un festival \u00e0 la Belle de Mai"},"content":{"rendered":"\n<p>D\u00e9j\u00e0 bien en piste sur les lieux publics \u00e0 travers diverses villes de France et \u00e0 l\u2019\u00e9tranger, les artistes J\u00e9r\u00e9mie Halter et Morgane Widmer ont pos\u00e9 leurs mallettes \u00e0 Marseille et fa\u00e7onn\u00e9 leur Fabrique Magique, 95\u00a0rue Belle de Mai, au c\u0153ur du 3e\u00a0arrondissement. Apr\u00e8s un test \u00e9dition z\u00e9ro en 2024, l\u2019\u00e9tincelle a pris et le collectif met les bouch\u00e9es doubles avec l\u2019\u00e9dition\u00a01 d\u2019un festival de magie nouvelle g\u00e9n\u00e9ration.<\/p>\n<p>Ouverture du rideau mercredi \u00e0 19h au cin\u00e9ma Gyptis qui propose une projection de Kongo, pour se laisser emporter par les charmes de l\u2019ap\u00f4tre M\u00e9dard. La s\u00e9ance sera suivie d\u2019une invitation \u00e0 entrer dans l\u2019univers de L\u2019Id\u00e9aliste. Un lieu ouvert, accueillant, \u00ab\u00a0un lieu de cr\u00e9ation, de diffusion et de r\u00e9sidence, de restauration aussi\u00a0\u00bb, pr\u00e9cise J\u00e9r\u00e9mie Halter, d\u00e9di\u00e9 \u00e0 la nouvelle magie. Pas de lapin qui sort du chapeau et dispara\u00eet dans un mouchoir. On n\u2019est moins ici dans l\u2019encha\u00eenement de tours techniques, que dans l\u2019envo\u00fbtement du merveilleux du conte. \u00ab\u00a0Il y a toujours les effets de la magie dans nos spectacles, explique Morgane Widmer, qui change de costume en deux coups de baguette, mais c\u2019est la magie qui est au service de la narration.\u00a0\u00bb La place est laiss\u00e9e \u00e0 la po\u00e9sie du langage, \u00ab\u00a0on explore la part de tous les possibles, compl\u00e8te son complice, en exploitant les th\u00e8mes du f\u00e9minisme, du social, des sciences&#8230;\u00a0\u00bb.<\/p>\n<p>Une recette nouvelle qui a d\u00e9j\u00e0 ensorcel\u00e9 les gens du quartier&#8230; et ici les artistes jouent collectif. \u00c0 raison d\u2019un spectacle et d\u2019un concert par soir\u00e9e, Jules Medge, Nicolas Rey, Simon Gelin L\u00e9o Rousselet, y apportent leur touche d\u2019alchimie. Le samedi des ateliers ont ouvert aux enfants \u00e0 partir de 8\u00a0ans.<\/p>\n","protected":false},"excerpt":{"rendered":"D\u00e9j\u00e0 bien en piste sur les lieux publics \u00e0 travers diverses villes de France et \u00e0 l\u2019\u00e9tranger, les&hellip;\n","protected":false},"author":2,"featured_media":510691,"comment_status":"","ping_status":"","sticky":false,"template":"","format":"standard","meta":{"footnotes":""},"categories":[2814],"tags":[1111,11,1777,674,1011,27,884,4801,12,882,25],"class_list":{"0":"post-510690","1":"post","2":"type-post","3":"status-publish","4":"format-standard","5":"has-post-thumbnail","7":"category-marseille","8":"tag-actu","9":"tag-actualites","10":"tag-eu","11":"tag-europe","12":"tag-fr","13":"tag-france","14":"tag-marseille","15":"tag-myriam-guillaume","16":"tag-news","17":"tag-provence-alpes-cote-dazur","18":"tag-republique-francaise"},"share_on_mastodon":{"url":"https:\/\/pubeurope.com\/@fr\/115490417997118610","error":""},"_links":{"self":[{"href":"https:\/\/www.europesays.com\/fr\/wp-json\/wp\/v2\/posts\/510690","targetHints":{"allow":["GET"]}}],"collection":[{"href":"https:\/\/www.europesays.com\/fr\/wp-json\/wp\/v2\/posts"}],"about":[{"href":"https:\/\/www.europesays.com\/fr\/wp-json\/wp\/v2\/types\/post"}],"author":[{"embeddable":true,"href":"https:\/\/www.europesays.com\/fr\/wp-json\/wp\/v2\/users\/2"}],"replies":[{"embeddable":true,"href":"https:\/\/www.europesays.com\/fr\/wp-json\/wp\/v2\/comments?post=510690"}],"version-history":[{"count":0,"href":"https:\/\/www.europesays.com\/fr\/wp-json\/wp\/v2\/posts\/510690\/revisions"}],"wp:featuredmedia":[{"embeddable":true,"href":"https:\/\/www.europesays.com\/fr\/wp-json\/wp\/v2\/media\/510691"}],"wp:attachment":[{"href":"https:\/\/www.europesays.com\/fr\/wp-json\/wp\/v2\/media?parent=510690"}],"wp:term":[{"taxonomy":"category","embeddable":true,"href":"https:\/\/www.europesays.com\/fr\/wp-json\/wp\/v2\/categories?post=510690"},{"taxonomy":"post_tag","embeddable":true,"href":"https:\/\/www.europesays.com\/fr\/wp-json\/wp\/v2\/tags?post=510690"}],"curies":[{"name":"wp","href":"https:\/\/api.w.org\/{rel}","templated":true}]}}