{"id":510692,"date":"2025-11-04T08:11:12","date_gmt":"2025-11-04T08:11:12","guid":{"rendered":"https:\/\/www.europesays.com\/fr\/510692\/"},"modified":"2025-11-04T08:11:12","modified_gmt":"2025-11-04T08:11:12","slug":"a-marseille-loperation-japprends-a-nager-victime-de-son-succes","status":"publish","type":"post","link":"https:\/\/www.europesays.com\/fr\/510692\/","title":{"rendered":"\u00c0 Marseille, l&rsquo;op\u00e9ration \u00ab\u00a0J&rsquo;apprends \u00e0 nager\u00a0\u00bb victime de son succ\u00e8s"},"content":{"rendered":"<p>3, 2, 1, et plouf\u00a0! Sous les regards attentifs des ma\u00eetres-nageurs, les enfants de 6 \u00e0 8\u00a0ans se lancent \u00e0 la d\u00e9couverte du milieu aquatique.<\/p>\n<p>La derni\u00e8re s\u00e9ance de l&rsquo;op\u00e9ration du mois d&rsquo;octobre <a href=\"https:\/\/www.laprovence.com\/article\/societe\/14767303919754\/les-enfants-acquierent-une-aisance-dans-leau-grace-au-dispositif-japprends-a-nager-a-vaison-la-romaine\" target=\"_blank\" rel=\"noopener\">\u00ab\u00a0J&rsquo;apprends \u00e0 nager\u00a0\u00bb<\/a>, organis\u00e9e conjointement par le Sporting Club Corniche et la Team Marseille Natation, s&rsquo;est tenue \u00e0 la piscine des Dauphins. Ici, les minots ont pu apprendre \u00e0 nager sous l&rsquo;\u0153il avis\u00e9 d&rsquo;<a href=\"https:\/\/www.laprovence.com\/article\/sports\/1430993442550114\/water-polo-ugo-crousillat-le-seul-poloiste-francais-deja-etoile\" target=\"_blank\" rel=\"noopener\">Ugo Crousillat<\/a>, capitaine du Cercle des Nageurs de Marseille, qui a pu donner de pr\u00e9cieux conseils aux enfants afin qu&rsquo;ils puissent am\u00e9liorer leur nage et renforcer leur confiance dans l&rsquo;eau.<\/p>\n<p>\u00ab\u00a0On leur apprend l&rsquo;autonomie dans l&rsquo;eau, \u00e0 \u00e9voluer dans les trois dimensions de l&rsquo;eau\u00a0\u00bb, explique Claire Parez, membre fondateur de la TMN. \u00c0 la fin de la s\u00e9ance, ils ont m\u00eame eu la chance de recevoir leur dipl\u00f4me des mains du champion.<\/p>\n<p>Un dispositif vital<\/p>\n<p>Derri\u00e8re la bonne humeur, l&rsquo;op\u00e9ration permet de lutter contre une r\u00e9alit\u00e9 catastrophique.<\/p>\n<p>Entre le 1er\u00a0juin et le 13\u00a0ao\u00fbt\u00a02025, <a href=\"https:\/\/www.laprovence.com\/article\/region\/1067275283464514\/une-fillette-de-quatre-ans-sauvee-de-justesse-de-la-noyade-a-aix-et-transportee-dans-un-etat-grave-a-lhopital\" target=\"_blank\" rel=\"noopener\">1\u00a0013 noyades ont \u00e9t\u00e9 recens\u00e9es en France<\/a>, dont 268 suivies de d\u00e9c\u00e8s. 37 enfants et adolescents ont perdu la vie sur la p\u00e9riode estivale, soit 9 d\u00e9c\u00e8s de plus qu&rsquo;en\u00a02024 sur la m\u00eame p\u00e9riode selon Sant\u00e9 Publique France. De surcro\u00eet, pr\u00e8s d&rsquo;un enfant sur deux ne sait pas nager \u00e0 l&rsquo;entr\u00e9e en 6e.<\/p>\n<p>Le Sporting Club Corniche et la Team Marseille Natation ont bien compris l&rsquo;importance de ce dispositif gratuit et accessible \u00e0 tous\u00a0: \u00ab\u00a0C&rsquo;est le c\u0153ur m\u00eame de notre mission\u00a0: aller toucher des enfants \u00e9loign\u00e9s de la pratique et dont les familles n&rsquo;ont pas l&rsquo;initiative de venir vers nous. Ceux qui ne viennent pas spontan\u00e9ment dans les clubs\u00a0\u00bb, estime Claire Parez.<\/p>\n<p>Mais ces initiatives peinent \u00e0 suivre la demande\u00a0: \u00ab\u00a0On manque de bassins par rapport \u00e0 toutes les demandes que l&rsquo;on a\u00a0\u00bb, d\u00e9plore \u00c9ric Demech, pr\u00e9sident du SCC. \u00ab\u00a0On fait l&rsquo;effort d&rsquo;avoir suffisamment de formateurs. Ce n&rsquo;est pas toujours facile, si on n&rsquo;a pas de bassin, on ne peut pas faire nager, et si on ne peut pas faire nager, on ne peut pas former. C&rsquo;est un cercle vicieux qui peut \u00eatre dangereux.\u00a0\u00bb<\/p>\n","protected":false},"excerpt":{"rendered":"3, 2, 1, et plouf\u00a0! Sous les regards attentifs des ma\u00eetres-nageurs, les enfants de 6 \u00e0 8\u00a0ans se&hellip;\n","protected":false},"author":2,"featured_media":510693,"comment_status":"","ping_status":"","sticky":false,"template":"","format":"standard","meta":{"footnotes":""},"categories":[2814],"tags":[17,1111,11,1777,674,1011,27,63204,12827,884,5217,12,882,25,3711,60,6006,9418],"class_list":{"0":"post-510692","1":"post","2":"type-post","3":"status-publish","4":"format-standard","5":"has-post-thumbnail","7":"category-marseille","8":"tag-17","9":"tag-actu","10":"tag-actualites","11":"tag-eu","12":"tag-europe","13":"tag-fr","14":"tag-france","15":"tag-japprends","16":"tag-loperation","17":"tag-marseille","18":"tag-nager","19":"tag-news","20":"tag-provence-alpes-cote-dazur","21":"tag-republique-francaise","22":"tag-son","23":"tag-sports","24":"tag-succes","25":"tag-victime"},"share_on_mastodon":{"url":"https:\/\/pubeurope.com\/@fr\/115490421938841901","error":""},"_links":{"self":[{"href":"https:\/\/www.europesays.com\/fr\/wp-json\/wp\/v2\/posts\/510692","targetHints":{"allow":["GET"]}}],"collection":[{"href":"https:\/\/www.europesays.com\/fr\/wp-json\/wp\/v2\/posts"}],"about":[{"href":"https:\/\/www.europesays.com\/fr\/wp-json\/wp\/v2\/types\/post"}],"author":[{"embeddable":true,"href":"https:\/\/www.europesays.com\/fr\/wp-json\/wp\/v2\/users\/2"}],"replies":[{"embeddable":true,"href":"https:\/\/www.europesays.com\/fr\/wp-json\/wp\/v2\/comments?post=510692"}],"version-history":[{"count":0,"href":"https:\/\/www.europesays.com\/fr\/wp-json\/wp\/v2\/posts\/510692\/revisions"}],"wp:featuredmedia":[{"embeddable":true,"href":"https:\/\/www.europesays.com\/fr\/wp-json\/wp\/v2\/media\/510693"}],"wp:attachment":[{"href":"https:\/\/www.europesays.com\/fr\/wp-json\/wp\/v2\/media?parent=510692"}],"wp:term":[{"taxonomy":"category","embeddable":true,"href":"https:\/\/www.europesays.com\/fr\/wp-json\/wp\/v2\/categories?post=510692"},{"taxonomy":"post_tag","embeddable":true,"href":"https:\/\/www.europesays.com\/fr\/wp-json\/wp\/v2\/tags?post=510692"}],"curies":[{"name":"wp","href":"https:\/\/api.w.org\/{rel}","templated":true}]}}