{"id":510694,"date":"2025-11-04T08:12:21","date_gmt":"2025-11-04T08:12:21","guid":{"rendered":"https:\/\/www.europesays.com\/fr\/510694\/"},"modified":"2025-11-04T08:12:21","modified_gmt":"2025-11-04T08:12:21","slug":"un-hlm-va-etre-construit-dans-le-parc-dune-propriete-classee-colere-des-habitants","status":"publish","type":"post","link":"https:\/\/www.europesays.com\/fr\/510694\/","title":{"rendered":"Un HLM va \u00eatre construit dans le parc d\u2019une propri\u00e9t\u00e9 class\u00e9e. Col\u00e8re des habitants &#8211;"},"content":{"rendered":"<p>\t\t\t\t<img fetchpriority=\"high\" decoding=\"async\" width=\"900\" height=\"601\" src=\"https:\/\/www.europesays.com\/fr\/wp-content\/uploads\/2025\/11\/tassin-HLM-Rue-Duperet.jpg\" alt=\"\" title=\"tassin HLM Rue Duperet\"   class=\"wp-image-166490\"\/><\/p>\n<p>Un petit coin de nature bient\u00f4t d\u00e9figur\u00e9 ? 550 personnes ont d\u00e9j\u00e0 sign\u00e9 la p\u00e9tition d\u00e9non\u00e7ant ce projet &#8211; Photos Lyon people et DR<\/p>\n<p><strong>Texte\u00a0: Marc de Jouvencel \u2013 <\/strong>Consternation pour les amoureux du patrimoine tassilunois qui ont appris la construction d\u2019un ensemble immobilier sur un terrain de la propri\u00e9t\u00e9 <strong>Rieussec<\/strong>, rue Professeur Dep\u00e9ret, une des derni\u00e8res maisons XVII\u00e8me de la ville.<\/p>\n<p><img loading=\"lazy\" decoding=\"async\" class=\"alignnone size-full wp-image-166487\" src=\"data:image\/svg+xml,%3Csvg%20xmlns=\" http:=\"\" alt=\"\" width=\"900\" height=\"606\" data-lazy- data-lazy- data-lazy-src=\"https:\/\/www.europesays.com\/fr\/wp-content\/uploads\/2025\/11\/projet-HLM-Tassin.png\"\/><\/p>\n<p>Le permis de construire d\u00e9pos\u00e9 par Les Nouveaux Constructeurs pr\u00e9voit l\u2019\u00e9dification de trois immeubles totalisant 63 logements dont 6\u00a0en accession, 19 logements sociaux (LLS) et 38 en usufruit locatif interm\u00e9diaire (ULI). Une aberration patrimoniale et environnementale pour les riverains r\u00e9unis au sein du collectif \u00ab\u00a0Tassin en p\u00e9ril\u00a0\u00bb qui envisagent de d\u00e9poser un recours devant le tribunal administratif.<\/p>\n<p><strong>Non-respect d\u2019un p\u00e9rim\u00e8tre patrimonial et d\u2019un site nature<\/strong><\/p>\n<p>Le projet port\u00e9 par la Pr\u00e9fecture du Rh\u00f4ne est en effet tr\u00e8s impactant pour ce quartier dont l\u2019\u00e9quilibre repose sur une urbanisation mod\u00e9r\u00e9e en coh\u00e9sion avec une nature encore tr\u00e8s pr\u00e9sente. Les membres du collectif d\u00e9noncent un projet \u00ab valid\u00e9 au m\u00e9pris des contraintes d\u2019urbanisme et de coh\u00e9rence du quartier \u00bb. Il menace directement des espaces bois\u00e9s class\u00e9s et une maison class\u00e9e (photo ci-dessous).<\/p>\n<p><img loading=\"lazy\" decoding=\"async\" class=\"alignnone size-medium wp-image-166491\" src=\"data:image\/svg+xml,%3Csvg%20xmlns=\" http:=\"\" alt=\"\" width=\"900\" height=\"675\" data-lazy- data-lazy- data-lazy-src=\"https:\/\/www.europesays.com\/fr\/wp-content\/uploads\/2025\/11\/01-Maison-Rieussec-1.jpg\"\/><\/p>\n<p><a href=\"https:\/\/www.lyonpeople.com\/actualites-lyon\/pres-de-lyon-tensions-autour-de-la-construction-dun-hlm-a-la-place-dune-residence-2025-10-02.html\" target=\"_blank\" rel=\"noopener\"><strong>&gt; Lire sur le m\u00eame sujet\u00a0: Pol\u00e9mique autour de la construction d\u2019un HLM \u00e0 la place d\u2019une r\u00e9sidence<\/strong><\/a><\/p>\n<p>Ces arbres anciens prot\u00e9g\u00e9s par le PLU-H vont \u00eatre abattus, mutil\u00e9s et d\u00e9racin\u00e9s. Au niveau patrimonial, c\u2019est \u00e9galement une catastrophe. Les constructions vont voisiner avec un monument historique, class\u00e9e dans les El\u00e9ments de B\u00e2ti \u00e0 Prot\u00e9ger, et que nous connaissons bien pour l\u2019avoir pr\u00e9sent\u00e9, avec les architectes <strong>Pierre Jourdan<\/strong> et <strong>Didier Reppelin<\/strong>, dans notre magazine consacr\u00e9 <a href=\"https:\/\/www.lyonpeople.com\/actualites-lyon\/actualites-culturelles-patrimoine\/collector-les-secrets-de-tassin-la-demi-lune-en-300-pages-dans-le-nouveau-lyon-people-2024-06-06.html\" target=\"_blank\" rel=\"noopener\"><strong>au patrimoine de Tassin-la-Demi-Lune<\/strong><\/a>.<\/p>\n<p><img loading=\"lazy\" decoding=\"async\" class=\"alignnone size-full wp-image-166489\" src=\"data:image\/svg+xml,%3Csvg%20xmlns=\" http:=\"\" alt=\"\" width=\"900\" height=\"570\" data-lazy- data-lazy- data-lazy-src=\"https:\/\/www.europesays.com\/fr\/wp-content\/uploads\/2025\/11\/Tassin-2023\u00a9jean-lucmege-Rieussec-1.jpg\"\/><\/p>\n<p><strong>Le maire de Tassin est oppos\u00e9 \u00e0 cette construction <\/strong><\/p>\n<p>Interrog\u00e9 par Lyon People, le maire <strong>Pascal Charmot<\/strong> \u00ab\u00a0envisage un possible recours contre cette autorisation. Car au-del\u00e0 de ce dossier pr\u00e9cis, ce projet est l\u2019illustration parfaite de la d\u00e9rive actuelle due\u00a0\u00e0 la gestion pr\u00e9fectorale des autorisations d\u2019urbanisme\u00a0: une approche trop\u00a0technocratique des dossiers, d\u00e9connect\u00e9e du terrain, qui compte des logements et appr\u00e9hende tr\u00e8s peu la r\u00e9alit\u00e9 v\u00e9cue par les habitants\u00a0\u00bb.<\/p>\n<p>\u00ab Cette autorisation a \u00e9t\u00e9 d\u00e9livr\u00e9e malgr\u00e9 l\u2019avis d\u00e9favorable de la Ville de Tassin la Demi-Lune qui avan\u00e7ait des arguments r\u00e9glementaires solides tenant \u00e0 la composition de la parcelle par des espaces bois\u00e9s class\u00e9s (EBC) et des espaces bois\u00e9s \u00e0 valoriser (EVV) et la configuration actuelle de la voirie conjugu\u00e9e \u00e0 la localisation de l\u2019entr\u00e9e chati\u00e8re qui risque de g\u00e9n\u00e9rer un nombre accru d\u2019accidents.<\/p>\n<p>A cela s\u2019ajoute, et c\u2019est notable, l\u2019avis d\u00e9favorable de la M\u00e9tropole de Lyon, qui a soulign\u00e9 que \u00ab l\u2019acc\u00e8s au site ne r\u00e9pond pas aux conditions de s\u00e9curit\u00e9 requises, notamment en mati\u00e8re de visibilit\u00e9 et de circulation\u00a0\u00bb. Enfin, \u00e0 cela s\u2019additionne la d\u00e9cision de la DRAC\u00a0qui impose un diagnostic d\u2019arch\u00e9ologie pr\u00e9ventive, preuve suppl\u00e9mentaire de la sensibilit\u00e9 du site\u00a0et de la n\u00e9cessit\u00e9 d\u2019une approche prudente et concert\u00e9e\u00a0\u00bb. Fin de citation.<\/p>\n<p><strong>&gt; <a style=\"color: #0000ff;\" href=\"https:\/\/www.lyonpeople.com\/actualites-lyon\/lyon-les-ecologistes-veulent-spolier-des-proprietaires-immobiliers-2025-09-22.html\" target=\"_blank\" rel=\"noopener\">A lire sur le m\u00eame th\u00e8me :Comment les \u00e9cologistes veulent spolier des propri\u00e9taires immobiliers<\/a><\/strong><\/p>\n<p>Le collectif d\u00e9nonce \u00e9galement la dangerosit\u00e9 des lieux non am\u00e9nag\u00e9s pour accueillir ces constructions, les habitants et le trafic qui ira avec, alors que 3 projets immobiliers sont en cours rue du Professeur Dep\u00e9ret. Avec pour cons\u00e9quence, l\u2019augmentation significative d\u2019un trafic d\u00e9j\u00e0 tr\u00e8s encombr\u00e9 (encore des bouchons !) et saturation pr\u00e9visible des parkings dans un quartier o\u00f9 les places sont d\u00e9j\u00e0 tr\u00e8s limit\u00e9es.<\/p>\n<p><img loading=\"lazy\" decoding=\"async\" class=\"alignnone size-full wp-image-166492\" src=\"data:image\/svg+xml,%3Csvg%20xmlns=\" http:=\"\" alt=\"\" width=\"896\" height=\"709\" data-lazy- data-lazy- data-lazy-src=\"https:\/\/www.europesays.com\/fr\/wp-content\/uploads\/2025\/11\/Projet-HLM-Rue-Professeur-Deperet-Tassin.jpg\"\/><\/p>\n<p><strong>R\u00e9union du collectif, ce mercredi 5 novembre 2025 \u00e0 18h30 \u00e0 la Mairie de Tassin<\/strong><\/p>\n<p><a href=\"https:\/\/www.change.org\/p\/tassin-stop-%C3%A0-la-b%C3%A9tonisation-incontr%C3%B4l%C3%A9e-sur-la-rue-professeur-dep%C3%A9ret\" target=\"_blank\" rel=\"noopener\"><strong>&gt; La p\u00e9tition est en ligne sur change.org \u00ab\u00a0Tassin : Stop \u00e0 la b\u00e9tonisation incontr\u00f4l\u00e9e sur la Rue professeur Dep\u00e9ret\u00a0\u00bb<\/strong><\/a><\/p>\n","protected":false},"excerpt":{"rendered":"Un petit coin de nature bient\u00f4t d\u00e9figur\u00e9 ? 550 personnes ont d\u00e9j\u00e0 sign\u00e9 la p\u00e9tition d\u00e9non\u00e7ant ce projet&hellip;\n","protected":false},"author":2,"featured_media":510695,"comment_status":"","ping_status":"","sticky":false,"template":"","format":"standard","meta":{"footnotes":""},"categories":[1889],"tags":[4257,1111,11,2430,1777,674,1011,27,63205,2428,12,25],"class_list":{"0":"post-510694","1":"post","2":"type-post","3":"status-publish","4":"format-standard","5":"has-post-thumbnail","7":"category-lyon","8":"tag-0top","9":"tag-actu","10":"tag-actualites","11":"tag-auvergne-rhone-alpes","12":"tag-eu","13":"tag-europe","14":"tag-fr","15":"tag-france","16":"tag-hlm-tassin-en-peril","17":"tag-lyon","18":"tag-news","19":"tag-republique-francaise"},"share_on_mastodon":{"url":"https:\/\/pubeurope.com\/@fr\/115490426529259343","error":""},"_links":{"self":[{"href":"https:\/\/www.europesays.com\/fr\/wp-json\/wp\/v2\/posts\/510694","targetHints":{"allow":["GET"]}}],"collection":[{"href":"https:\/\/www.europesays.com\/fr\/wp-json\/wp\/v2\/posts"}],"about":[{"href":"https:\/\/www.europesays.com\/fr\/wp-json\/wp\/v2\/types\/post"}],"author":[{"embeddable":true,"href":"https:\/\/www.europesays.com\/fr\/wp-json\/wp\/v2\/users\/2"}],"replies":[{"embeddable":true,"href":"https:\/\/www.europesays.com\/fr\/wp-json\/wp\/v2\/comments?post=510694"}],"version-history":[{"count":0,"href":"https:\/\/www.europesays.com\/fr\/wp-json\/wp\/v2\/posts\/510694\/revisions"}],"wp:featuredmedia":[{"embeddable":true,"href":"https:\/\/www.europesays.com\/fr\/wp-json\/wp\/v2\/media\/510695"}],"wp:attachment":[{"href":"https:\/\/www.europesays.com\/fr\/wp-json\/wp\/v2\/media?parent=510694"}],"wp:term":[{"taxonomy":"category","embeddable":true,"href":"https:\/\/www.europesays.com\/fr\/wp-json\/wp\/v2\/categories?post=510694"},{"taxonomy":"post_tag","embeddable":true,"href":"https:\/\/www.europesays.com\/fr\/wp-json\/wp\/v2\/tags?post=510694"}],"curies":[{"name":"wp","href":"https:\/\/api.w.org\/{rel}","templated":true}]}}