{"id":510706,"date":"2025-11-04T08:19:14","date_gmt":"2025-11-04T08:19:14","guid":{"rendered":"https:\/\/www.europesays.com\/fr\/510706\/"},"modified":"2025-11-04T08:19:14","modified_gmt":"2025-11-04T08:19:14","slug":"shein-au-bhv-paris-on-attend-beaucoup-de-monde-assure-le-patron-du-grand-magasin","status":"publish","type":"post","link":"https:\/\/www.europesays.com\/fr\/510706\/","title":{"rendered":"Shein au BHV\u00a0Paris\u00a0: \u00ab\u00a0On attend beaucoup de monde\u00a0\u00bb, assure le patron du grand magasin"},"content":{"rendered":"<p class=\"paragraph text_align_left lp-f-body-02\">Face \u00e0 la temp\u00eate, Fr\u00e9d\u00e9ric Merlin <a href=\"https:\/\/www.leparisien.fr\/paris-75\/je-refuse-de-ceder-le-patron-du-bhv-sort-du-silence-et-assume-pleinement-larrivee-de-shein-03-11-2025-77TZCRTXMFHVPGWVSKT3O7FPTU.php\" target=\"_blank\" rel=\"noreferrer nofollow noopener\">sort \u00e0 nouveau du silence<\/a> et garde son sens de la provoc\u2019. Vingt-quatre heures apr\u00e8s une <a href=\"https:\/\/www.leparisien.fr\/paris-75\/poupees-pedopornographiques-une-action-organisee-contre-shein-devant-le-bhv-a-paris-03-11-2025-ETCXUG5AXVA5XMFZRTD6QVIY2M.php\" target=\"_blank\" rel=\"noreferrer nofollow noopener\">manifestation houleuse<\/a> devant son magasin parisien, le patron du BHV Marais et de la Samaritaine Groupe Multimarques (SGM) \u00e9tait l\u2019invit\u00e9 de RTL ce mardi matin pour s\u2019expliquer sur <a href=\"https:\/\/www.leparisien.fr\/paris-75\/contre-vents-et-marees-shein-officialise-son-arrivee-au-bhv-de-paris-cette-marque-na-rien-a-faire-ici-31-10-2025-KILXVOZX4ZGXNDFFNU6K5JDYOQ.php\" target=\"_blank\" rel=\"noreferrer nofollow noopener\">l\u2019installation controvers\u00e9e de Shein<\/a> dans son enseigne embl\u00e9matique de la rue de Rivoli.<\/p>\n<p class=\"paragraph text_align_left lp-f-body-02\">Une mise au point qui intervient seulement quelques jours apr\u00e8s la d\u00e9couverte de <a href=\"https:\/\/www.leparisien.fr\/economie\/shein-des-poupees-sexuelles-en-forme-de-fillette-vendues-sur-son-site-internet-01-11-2025-C3EC2OOGFJGB5DO2FOSO3IZE4U.php\" target=\"_blank\" rel=\"noreferrer nofollow noopener\">poup\u00e9es \u00e0 caract\u00e8re p\u00e9dopornographique<\/a> vendues sur le site de Shein, d\u00e9nonc\u00e9e par l\u2019association Innocence en danger.<\/p>\n<p>\u00ab\u00a0C\u2019est ignoble\u00a0\u00bb<\/p>\n<p class=\"paragraph text_align_left lp-f-body-02\">D\u2019entr\u00e9e de jeu, le patron est \u00e9videmment revenu sur le scandale. \u00ab\u00a0Quand nous avons appris la d\u00e9nonciation de la vente de ces poup\u00e9es, nous avons pens\u00e9 \u00e0 arr\u00eater (notre collaboration avec Shein, NDLR). C\u2019est ignoble, abject, et je suis \u00e9c\u0153ur\u00e9 que nous puissions vendre librement ce type d\u2019objet sur Internet\u00a0\u00bb, a-t-il d\u00e9clar\u00e9.<\/p>\n<p class=\"paragraph text_align_left lp-f-body-02\">C\u2019est finalement le pr\u00e9sident de la plateforme chinoise qui a r\u00e9ussi \u00e0 convaincre l\u2019homme d\u2019affaires de ne pas abandonner leur projet, explique-t-il. \u00ab\u00a0Lui le premier \u00e9tait extr\u00eamement choqu\u00e9 de l\u2019apprendre car il n\u2019\u00e9tait pas au courant\u00a0\u00bb, a-t-il pr\u00e9cis\u00e9. Selon lui, ce sont les engagements du dirigeant chinois qui ont termin\u00e9 de le d\u00e9cider\u00a0: \u00ab\u00a0Ils ont arr\u00eat\u00e9 la vente de tous les objets pour adultes. Ils ont fait savoir qu\u2019ils allaient donner le nom des personnes qui ont achet\u00e9 ces poup\u00e9es\u00a0\u00bb, liste Fr\u00e9d\u00e9ric Merlin. \u00ab\u00a0Jamais ce ne serait arriv\u00e9 dans une boutique physique, a-t-il martel\u00e9. Shein est une marketplace qui h\u00e9berge des milliers de plus petits commer\u00e7ants, et ils ont commis une erreur.\u00a0\u00bb<\/p>\n<p class=\"paragraph text_align_left lp-f-body-02\">Face aux accusations de complicit\u00e9, le patron du <a href=\"https:\/\/www.leparisien.fr\/economie\/on-narretera-pas-la-fast-fashion-le-bhv-et-cinq-galeries-layafette-vont-accueillir-shein-en-magasin-01-10-2025-WAARS3VXUBCMLLKTIIBFOBOQDA.php\" target=\"_blank\" rel=\"noreferrer nofollow noopener\">BHV<\/a> a hauss\u00e9 le ton\u00a0: \u00ab\u00a0Je ne crois pas \u00eatre complice de p\u00e9dopornographie, il faut savoir raison garder. Le BHV n\u2019exploite pas des travailleurs ou des enfants. Je crois \u00e0 la libert\u00e9 d\u2019entreprendre.\u00a0\u00bb<\/p>\n<p class=\"paragraph text_align_left lp-f-body-02\">Interrog\u00e9 sur son go\u00fbt pour la pol\u00e9mique, Fr\u00e9d\u00e9ric Merlin a assum\u00e9 sans d\u00e9tour\u00a0: \u00ab\u00a0C\u2019est une forme de commerce, la pol\u00e9mique. Donc oui, je le reconnais.\u00a0\u00bb Avant de mettre les pieds dans le plat\u00a0: \u00ab\u00a0J\u2019aimerais relever l\u2019hypocrisie g\u00e9n\u00e9rale\u00a0: on parle d\u2019une marque qui est achet\u00e9e par 25\u00a0millions de Fran\u00e7ais.\u00a0\u00bb<\/p>\n<p>\u00ab\u00a0Je crois que \u00e7a marchera\u00a0\u00bb<\/p>\n<p class=\"paragraph text_align_left lp-f-body-02\">Malgr\u00e9 la controverse, Fr\u00e9d\u00e9ric Merlin se dit confiant pour l\u2019ouverture de l\u2019espace Shein, ce mercredi 5\u00a0novembre. \u00ab\u00a0On attend beaucoup de monde. J\u2019esp\u00e8re que cette ouverture se fera dans le calme et que ce sera un grand succ\u00e8s populaire\u00a0\u00bb, a-t-il d\u00e9clar\u00e9. Avant d\u2019ajouter, pragmatique\u00a0: \u00ab\u00a0Je crois que \u00e7a marchera et j\u2019arr\u00eaterai si \u00e7a ne marche pas. Il faut se laisser le temps.\u00a0\u00bb Une porte de sortie qu\u2019il s\u2019accorde tout en affichant son optimisme.<\/p>\n<p class=\"paragraph text_align_left lp-f-body-02\">L\u2019homme d\u2019affaires a aussi d\u00e9gain\u00e9 un argument choc pour d\u00e9fendre sa strat\u00e9gie commerciale\u00a0: \u00ab\u00a0Quand j\u2019ouvre un Primark dans un centre commercial, avec des prix \u00e9quivalents \u00e0 ceux de <a href=\"https:\/\/www.leparisien.fr\/economie\/consommation\/le-loup-dans-la-bergerie-cinq-minutes-pour-comprendre-larrivee-polemique-de-points-de-vente-shein-en-france-02-10-2025-75HK6Y3TE5AM7FPCEJAML67YUQ.php\" target=\"_blank\" rel=\"noreferrer nofollow noopener\">Shein<\/a> et avec des produits fabriqu\u00e9s dans les m\u00eames usines, ce qui fonctionne autour c\u2019est le premium.\u00a0\u00bb Une mani\u00e8re de justifier l\u2019implantation de l\u2019enseigne chinoise au BHV en affirmant qu\u2019elle boosterait les ventes des marques haut de gamme environnantes.<\/p>\n<p class=\"title-embed-dailymotion lp-color-text lp-f-subtitle-04\">Vid\u00e9oPoup\u00e9es p\u00e9dopornographiques\u00a0: une action contre Shein devant le BHV<\/p>\n<p class=\"paragraph text_align_left lp-f-body-02\">Questionn\u00e9 sur le fait que la venue de clients pour Shein profiterait aussi aux boutiques alentour, le patron du BHV a confirm\u00e9 vouloir observer ce ph\u00e9nom\u00e8ne avec les clients Shein dans son magasin. Un pari commercial assum\u00e9 qu\u2019il compte tester d\u00e8s l\u2019ouverture avec une <a href=\"https:\/\/www.leparisien.fr\/paris-75\/bhv-les-achats-shein-transformes-en-bons-dachat-dans-tout-le-magasin-mercredi-04-11-2025-W3AUVCK3DRE4DKJ57VOCJ363OQ.php\" target=\"_blank\" rel=\"noreferrer nofollow noopener\">op\u00e9ration commerciale<\/a> qui permet aux clients de convertir 100\u00a0% de leurs d\u00e9penses en bons d\u2019achat valables dans tout le magasin parisien.<\/p>\n<p class=\"paragraph text_align_left lp-f-body-02\">Sur la question de la qualit\u00e9 et de la tra\u00e7abilit\u00e9 des produits, Fr\u00e9d\u00e9ric Merlin s\u2019est voulu rassurant\u00a0: \u00ab\u00a0On a un cabinet d\u2019audit fran\u00e7ais qui signe nos \u00e9tiquettes donc on est certains de la qualit\u00e9 de nos produits.\u00a0\u00bb Une garantie brandie pour r\u00e9pondre aux critiques sur les conditions de fabrication.<\/p>\n","protected":false},"excerpt":{"rendered":"Face \u00e0 la temp\u00eate, Fr\u00e9d\u00e9ric Merlin sort \u00e0 nouveau du silence et garde son sens de la provoc\u2019.&hellip;\n","protected":false},"author":2,"featured_media":510707,"comment_status":"","ping_status":"","sticky":false,"template":"","format":"standard","meta":{"footnotes":""},"categories":[1888],"tags":[11,33,1777,674,1011,27,1944,12,626,25],"class_list":{"0":"post-510706","1":"post","2":"type-post","3":"status-publish","4":"format-standard","5":"has-post-thumbnail","7":"category-paris","8":"tag-actualites","9":"tag-economie","10":"tag-eu","11":"tag-europe","12":"tag-fr","13":"tag-france","14":"tag-ma-ville","15":"tag-news","16":"tag-paris","17":"tag-republique-francaise"},"share_on_mastodon":{"url":"https:\/\/pubeurope.com\/@fr\/115490453285922252","error":""},"_links":{"self":[{"href":"https:\/\/www.europesays.com\/fr\/wp-json\/wp\/v2\/posts\/510706","targetHints":{"allow":["GET"]}}],"collection":[{"href":"https:\/\/www.europesays.com\/fr\/wp-json\/wp\/v2\/posts"}],"about":[{"href":"https:\/\/www.europesays.com\/fr\/wp-json\/wp\/v2\/types\/post"}],"author":[{"embeddable":true,"href":"https:\/\/www.europesays.com\/fr\/wp-json\/wp\/v2\/users\/2"}],"replies":[{"embeddable":true,"href":"https:\/\/www.europesays.com\/fr\/wp-json\/wp\/v2\/comments?post=510706"}],"version-history":[{"count":0,"href":"https:\/\/www.europesays.com\/fr\/wp-json\/wp\/v2\/posts\/510706\/revisions"}],"wp:featuredmedia":[{"embeddable":true,"href":"https:\/\/www.europesays.com\/fr\/wp-json\/wp\/v2\/media\/510707"}],"wp:attachment":[{"href":"https:\/\/www.europesays.com\/fr\/wp-json\/wp\/v2\/media?parent=510706"}],"wp:term":[{"taxonomy":"category","embeddable":true,"href":"https:\/\/www.europesays.com\/fr\/wp-json\/wp\/v2\/categories?post=510706"},{"taxonomy":"post_tag","embeddable":true,"href":"https:\/\/www.europesays.com\/fr\/wp-json\/wp\/v2\/tags?post=510706"}],"curies":[{"name":"wp","href":"https:\/\/api.w.org\/{rel}","templated":true}]}}