{"id":510712,"date":"2025-11-04T08:22:20","date_gmt":"2025-11-04T08:22:20","guid":{"rendered":"https:\/\/www.europesays.com\/fr\/510712\/"},"modified":"2025-11-04T08:22:20","modified_gmt":"2025-11-04T08:22:20","slug":"usa-lactivite-industrielle-plus-timoree-quattendu-lestee-par-les-droits-de-douane-04-11-2025-a-0844","status":"publish","type":"post","link":"https:\/\/www.europesays.com\/fr\/510712\/","title":{"rendered":"USA: l&rsquo;activit\u00e9 industrielle plus timor\u00e9e qu&rsquo;attendu, lest\u00e9e par les droits de douane &#8211; 04\/11\/2025 \u00e0 08:44"},"content":{"rendered":"<p>\n L&rsquo;activit\u00e9 manufacturi\u00e8re aux Etats-Unis a continu\u00e9 \u00e0 se contracter en octobre, selon un barom\u00e8tre publi\u00e9 lundi, dans lequel les industriels sond\u00e9s pointent leurs difficult\u00e9s li\u00e9es aux nouveaux droits de douane.\n<\/p>\n<p>        <img decoding=\"async\" src=\"https:\/\/www.europesays.com\/fr\/wp-content\/uploads\/2025\/11\/d18936a562bb3a37d7c4100c76396174-760x507.jpg\" alt=\"( GETTY IMAGES NORTH AMERICA \/ GEORGE FREY )\" loading=\"eager\" fetchpriority=\"high\" width=\"760\" height=\"507\" style=\"max-width: 100%!important; height: auto;\"\/><\/p>\n<p class=\"c-image-news__legend\">( GETTY IMAGES NORTH AMERICA \/ GEORGE FREY )<\/p>\n<p>\n L&rsquo;indice publi\u00e9 par la f\u00e9d\u00e9ration professionnelle ISM, bas\u00e9 sur les r\u00e9ponses d&rsquo;un panel d&rsquo;entreprises, s&rsquo;est \u00e9tabli \u00e0 48,7%, marquant le huiti\u00e8me mois cons\u00e9cutif de contraction de l&rsquo;activit\u00e9 (50 \u00e9tant la limite entre contraction et expansion).\n<\/p>\n<p>\n C&rsquo;est moins que ce qu&rsquo;attendaient les analystes, selon le consensus publi\u00e9 par MarketWatch.\n<\/p>\n<p>\n Dans leurs r\u00e9ponses, cit\u00e9es anonymement dans le communiqu\u00e9, les sond\u00e9s mentionnent l&rsquo;impact des droits de douane mis en place par l&rsquo;ex\u00e9cutif am\u00e9ricain.\n<\/p>\n<p>\n \u00ab\u00a0Notre activit\u00e9 reste compliqu\u00e9e, car les clients annulent et r\u00e9duisent leurs commandes en raison de l&rsquo;incertitude entourant l&rsquo;environnement \u00e9conomique mondial et de l&rsquo;\u00e9volution constante du paysage tarifaire\u00a0\u00bb, observe ainsi un cadre de l&rsquo;industrie chimique.\n<\/p>\n<p>\n Un responsable du machinisme agricole note que les exploitants am\u00e9ricains p\u00e2tissent de la situation commerciale internationale et sont donc moins en mesure d&rsquo;acheter du nouveau mat\u00e9riel.\n<\/p>\n<p>\n \u00ab\u00a0Les droits de douane ont de fortes r\u00e9percussions sur notre activit\u00e9 (l&rsquo;\u00e9quipement industriel, NDLR). Nous importons des produits qui ne sont pas pr\u00e8s d&rsquo;\u00eatre fabriqu\u00e9s aux Etats-Unis, les tentatives de relocalisation ont \u00e9chou\u00e9\u00a0\u00bb, rapporte un autre responsable.\n<\/p>\n<p>\n Un sond\u00e9 du secteur des produits \u00e9lectroniques souligne aussi que la relocalisation n&rsquo;est pas une solution dans un horizon proche: \u00ab\u00a0M\u00eame avec les droits de douane, le prix des produits import\u00e9s reste souvent plus comp\u00e9titif que la production locale aux Etats-Unis.\u00a0\u00bb<\/p>\n","protected":false},"excerpt":{"rendered":"L&rsquo;activit\u00e9 manufacturi\u00e8re aux Etats-Unis a continu\u00e9 \u00e0 se contracter en octobre, selon un barom\u00e8tre publi\u00e9 lundi, dans lequel&hellip;\n","protected":false},"author":2,"featured_media":510713,"comment_status":"","ping_status":"","sticky":false,"template":"","format":"standard","meta":{"footnotes":""},"categories":[1589],"tags":[400,11,398,408,405,73,1866,403,402,399,404,12,401,406,1864,1865,1863,308,407],"class_list":{"0":"post-510712","1":"post","2":"type-post","3":"status-publish","4":"format-standard","5":"has-post-thumbnail","7":"category-etats-unis","8":"tag-action-cac-40","9":"tag-actualites","10":"tag-bourse-de-paris","11":"tag-boursorama","12":"tag-cotations","13":"tag-etats-unis","14":"tag-etats-unis-damerique","15":"tag-indices-devises","16":"tag-investir","17":"tag-investissement","18":"tag-marche-boursier","19":"tag-news","20":"tag-sicav","21":"tag-trackers","22":"tag-united-states","23":"tag-united-states-of-america","24":"tag-us","25":"tag-usa","26":"tag-warrants"},"share_on_mastodon":{"url":"https:\/\/pubeurope.com\/@fr\/115490465825711974","error":""},"_links":{"self":[{"href":"https:\/\/www.europesays.com\/fr\/wp-json\/wp\/v2\/posts\/510712","targetHints":{"allow":["GET"]}}],"collection":[{"href":"https:\/\/www.europesays.com\/fr\/wp-json\/wp\/v2\/posts"}],"about":[{"href":"https:\/\/www.europesays.com\/fr\/wp-json\/wp\/v2\/types\/post"}],"author":[{"embeddable":true,"href":"https:\/\/www.europesays.com\/fr\/wp-json\/wp\/v2\/users\/2"}],"replies":[{"embeddable":true,"href":"https:\/\/www.europesays.com\/fr\/wp-json\/wp\/v2\/comments?post=510712"}],"version-history":[{"count":0,"href":"https:\/\/www.europesays.com\/fr\/wp-json\/wp\/v2\/posts\/510712\/revisions"}],"wp:featuredmedia":[{"embeddable":true,"href":"https:\/\/www.europesays.com\/fr\/wp-json\/wp\/v2\/media\/510713"}],"wp:attachment":[{"href":"https:\/\/www.europesays.com\/fr\/wp-json\/wp\/v2\/media?parent=510712"}],"wp:term":[{"taxonomy":"category","embeddable":true,"href":"https:\/\/www.europesays.com\/fr\/wp-json\/wp\/v2\/categories?post=510712"},{"taxonomy":"post_tag","embeddable":true,"href":"https:\/\/www.europesays.com\/fr\/wp-json\/wp\/v2\/tags?post=510712"}],"curies":[{"name":"wp","href":"https:\/\/api.w.org\/{rel}","templated":true}]}}