{"id":510716,"date":"2025-11-04T08:24:17","date_gmt":"2025-11-04T08:24:17","guid":{"rendered":"https:\/\/www.europesays.com\/fr\/510716\/"},"modified":"2025-11-04T08:24:17","modified_gmt":"2025-11-04T08:24:17","slug":"rappeurs-neonazis-attirent-de-nouveaux-fans-en-allemagne","status":"publish","type":"post","link":"https:\/\/www.europesays.com\/fr\/510716\/","title":{"rendered":"Rappeurs n\u00e9onazis attirent de nouveaux fans en Allemagne"},"content":{"rendered":"<p>Publi\u00e94. novembre 2025, 08:06<\/p>\n<p>Allemagne: Les rappeurs n\u00e9onazis gagnent de plus en plus de fans<\/p>\n<p>Antis\u00e9mitisme, th\u00e9ories du complot&#8230; Des rappeurs d&rsquo;extr\u00eame droite se font de plus en plus de place sur la sc\u00e8ne musicale germanophone.<\/p>\n<p>Les rappeurs d\u2019extr\u00eame droite se sont fait une place sur la sc\u00e8ne musicale germanophone, et r\u00e9pandent discours extr\u00e9mistes et d\u00e9sinformation sur des plateformes comme TikTok, en contournant les r\u00e8gles de mod\u00e9ration.<\/p>\n<p>L\u2019un de ces rappeurs, MaKss Damage, appelle dans une vid\u00e9o Isra\u00ebl \u00e0 se retirer de Gaza. Mais, dressant un parall\u00e8le entre le territoire palestinien et l\u2019Allemagne nazie, le rappeur au cr\u00e2ne ras\u00e9 vire \u00e0 l\u2019antis\u00e9mitisme et au r\u00e9visionnisme en sugg\u00e9rant qu\u2019Adolf Hitler avait raison de mettre en garde contre les Juifs.<\/p>\n<p>L\u2019Allemagne conna\u00eet une augmentation des crimes \u00e0 motivation id\u00e9ologique, y compris les attaques antis\u00e9mites. \u00ab\u00c0 l\u2019\u00e9poque c\u2019\u00e9tait l\u2019Allemagne, aujourd\u2019hui c\u2019est la Palestine\u00bb, rappe MaKss Damage, de son vrai nom Julian Fritsch, arborant un tatouage germanique triangulaire embl\u00e9matique de l\u2019extr\u00eame droite dans une vid\u00e9o sur TikTok. \u00abCette fois, les gens s\u2019interrogent et sont d\u00e9go\u00fbt\u00e9s. Ils entendent le discours du vieux peintre et comprennent l\u2019histoire\u00bb, ajoute-t-il, dans une allusion d\u00e9guis\u00e9e \u00e0 Hitler, connu pour avoir eu des ambitions d\u2019artiste peintre.<\/p>\n<p>Th\u00e9orie complotiste \u00e0 propos du 11-Septembre<\/p>\n<p>Dans la m\u00eame chanson, il fait r\u00e9f\u00e9rence \u00e0 une th\u00e9orie complotiste \u00e0 propos des attentats du 11 septembre 2001 aux \u00c9tats-Unis, selon lesquelles le propri\u00e9taire juif du World Trade Center \u00e9tait rest\u00e9 chez lui ce jour-l\u00e0, car il avait connaissance de l\u2019attaque \u00e0 venir, qui causa l\u2019effondrement des deux tours new-yorkaises et pr\u00e8s de 3 000 morts.<\/p>\n<p>Les r\u00e9seau social TikTok a ferm\u00e9 tous les comptes du rappeur apr\u00e8s avoir \u00e9t\u00e9 contact\u00e9 par l\u2019AFP, mais n\u2019a pas r\u00e9pondu aux questions concernant ses mesures pour lutter contre la haine en ligne.<\/p>\n<p>\u00abTroisi\u00e8me voie\u00bb<\/p>\n<p>Le service de renseignement int\u00e9rieur allemand a identifi\u00e9 Julian Fritsch comme un extr\u00e9miste membre de la Troisi\u00e8me voie, un parti d\u2019extr\u00eame droite radicale. Il participait \u00e0 des \u00e9v\u00e9nements antifascistes il y a plus de dix ans, mais encourage d\u00e9sormais ses fans \u00e0 le qualifier de nazi, selon un message sur TikTok vu par l\u2019AFP. Il fait partie d\u2019un groupe d\u2019interpr\u00e8tes germanophones de la sc\u00e8ne d\u2019extr\u00eame droite qui propage des discours extr\u00eames, dont des th\u00e9ories complotistes antis\u00e9mites, contournant le plus souvent les r\u00e8gles de mod\u00e9ration des r\u00e9seaux sociaux et des plateformes de streaming.<\/p>\n<p>Plus largement, ces rappeurs s\u2019inscrivent dans la mouvance n\u00e9onazie pr\u00e9sente sur internet et comptant en son sein des r\u00e9visionnistes. M\u00eame quand leur musique est retir\u00e9e des plateformes en ligne, ces artistes peuvent la commercialiser via le label musical allemand NDS, qui fait la promotion du m\u00e9dia d\u2019extr\u00eame droite Info-Direkt.<\/p>\n<p>La sc\u00e8ne musicale d\u2019extr\u00eame droite allemande est devenue \u00absignificativement plus radicale ces derni\u00e8res ann\u00e9es\u00bb, souligne Thorsten Hindrichs, un musicologue \u00e0 l\u2019universit\u00e9 de Mayence. Et selon les services de renseignement locaux, elle s\u2019\u00e9largit dans certains \u00c9tats comme la Saxe, dans l\u2019ex-R\u00e9publique d\u00e9mocratique allemande.<\/p>\n<p>Ambivalence envers les musulmans<\/p>\n<p>Julian Fritsch partage aussi des chansons sur Gaza qui refl\u00e8tent plus largement une ambivalence parmi l\u2019extr\u00eame droite europ\u00e9enne \u00e0 l\u2019\u00e9gard du monde musulman, rel\u00e8ve Bernhard Weidinger, un chercheur autrichien sp\u00e9cialiste de l\u2019extr\u00e9misme de droite.<\/p>\n<p>Dans leur pays, \u00abils vitup\u00e8rent contre \u00a0\u00bbl\u2019islamisation\u00a0\u00bb, d\u00e9crivant l\u2019islam comme incompatible avec les valeurs occidentales\u00bb, dit le chercheur. Mais quand il s\u2019agit de politique \u00e9trang\u00e8re, ils \u00abr\u00e9v\u00e8lent pratiquement (des) sympathies oppos\u00e9es, en particulier \u00e0 l\u2019\u00e9gard des Palestiniens\u00bb, affirmant que ceux-ci sont \u00ab\u00e9galement \u00e9cras\u00e9s par les Juifs et les Am\u00e9ricains\u00bb, poursuit-il.<\/p>\n<p>Un autre rappeur connu, E.Mar, qui se dit \u00abpatriote\u00bb, b\u00e9n\u00e9ficie de pr\u00e8s de 100&rsquo;000 \u00e9coutes par mois sur le site de streaming musical Spotify, avec des chansons d\u00e9non\u00e7ant la politique d\u2019immigration allemande, qui selon lui \u00ablaisse (venir) qui veut entrer dans le pays\u00bb. Il engrange des centaines de milliers de vues sur TikTok, arborant un masque noir \u00e0 la t\u00eate de mort et une veste de surv\u00eatement aux couleurs du drapeau allemand.<\/p>\n<p>Dans un morceau \u00e9galement disponible sur Apple Music et sur sa cha\u00eene YouTube, il rappe: \u00abNous sommes pr\u00eats pour la guerre \u2013 la politique en cours fait de toi un \u00e9tranger dans ton propre pays!\u00bb.<\/p>\n<p>\u00abHeil Hitler\u00bb bloqu\u00e9<\/p>\n<p>Le parti d\u2019extr\u00eame droite Alternative pour l\u2019Allemagne (AfD) voit sa pouss\u00e9e confort\u00e9e par le durcissement de l\u2019opinion allemande \u00e0 l\u2019\u00e9gard de l\u2019immigration. Spotify a d\u00e9clar\u00e9 \u00e0 l\u2019AFP bloquer les contenus faisant la promotion de la violence extr\u00e9miste, mais qu\u2019un contenu pouvait rester en ligne s\u2019il \u00abn\u2019incitait pas de mani\u00e8re explicite \u00e0 la violence ou \u00e0 la haine\u00bb.<\/p>\n<p>Le g\u00e9ant su\u00e9dois du streaming fait partie des plateformes qui ont aussit\u00f4t bloqu\u00e9 au d\u00e9but de l\u2019ann\u00e9e la chanson \u00abHeil Hitler\u00bb de la star am\u00e9ricaine Kanye West d\u00e9sormais tr\u00e8s critiqu\u00e9e pour ses prises de position, mais des copies restent disponibles en ligne.<\/p>\n<p>\u00abRecrutement extr\u00e9miste\u00bb<\/p>\n<p>Des chercheurs ont relev\u00e9 que les r\u00e9seaux n\u00e9onazis allemands migraient vers TikTok pour b\u00e9n\u00e9ficier de sa fonction de vid\u00e9o en direct qui permet aux auteurs d\u2019interagir avec le public en temps r\u00e9el. Ces discussions cr\u00e9ent un cadre \u00abplus priv\u00e9\u00bb, dit Markus B\u00f6sch, chercheur \u00e0 l\u2019universit\u00e9 de M\u00fcnster, et elles \u00abpourraient se transformer en une forme de recrutement extr\u00e9miste\u00bb.<\/p>\n<p>L\u2019AFP a tent\u00e9 d\u2019assister \u00e0 certains de ces streams en temps r\u00e9el \u00e0 l\u2019aide d\u2019un compte cr\u00e9\u00e9 sous pseudonyme, mais les animateurs des discussions ont r\u00e9guli\u00e8rement repouss\u00e9 ces tentatives, exprimant un soup\u00e7on.<\/p>\n<p>Tom Divon, un sp\u00e9cialiste des r\u00e9seaux sociaux \u00e0 l\u2019Universit\u00e9 h\u00e9bra\u00efque de J\u00e9rusalem, a estim\u00e9 que ces communaut\u00e9s TikTok n\u2019\u00e9taient \u00abpas massives, mais habiles\u00bb, migrant souvent de compte en compte. Ces utilisateurs s\u2019attendent \u00e0 \u00eatre bloqu\u00e9s, mais peuvent \u00absouvent revenir sur la plateforme sans difficult\u00e9\u00bb, selon Ciaran O\u2019Connor, un expert du think tank Institute for Strategic Dialogue.<\/p>\n<p>L\u2019AFP a vu des messages faisant la promotion de tels comptes sur TikTok. Certains participants utilisaient des \u00e9mojis pour des messages ou significations implicites, notamment un c\u0153ur bleu pour signifier le soutien \u00e0 l\u2019AfD, et deux \u00e9clairs pour faire r\u00e9f\u00e9rence aux SS, l\u2019unit\u00e9 d\u2019\u00e9lite de l\u2019Allemagne nazie.<\/p>\n<p>(AFP\/mc)<\/p>\n","protected":false},"excerpt":{"rendered":"Publi\u00e94. novembre 2025, 08:06 Allemagne: Les rappeurs n\u00e9onazis gagnent de plus en plus de fans Antis\u00e9mitisme, th\u00e9ories du&hellip;\n","protected":false},"author":2,"featured_media":510717,"comment_status":"","ping_status":"","sticky":false,"template":"","format":"standard","meta":{"footnotes":""},"categories":[1587],"tags":[11,672,1804,1805,1803,1777,674,1801,12,1802],"class_list":{"0":"post-510716","1":"post","2":"type-post","3":"status-publish","4":"format-standard","5":"has-post-thumbnail","7":"category-allemagne","8":"tag-actualites","9":"tag-allemagne","10":"tag-bundesrepublik-deutschland","11":"tag-de","12":"tag-deutschland","13":"tag-eu","14":"tag-europe","15":"tag-germany","16":"tag-news","17":"tag-republique-federale-dallemagne"},"share_on_mastodon":{"url":"https:\/\/pubeurope.com\/@fr\/115490472820442530","error":""},"_links":{"self":[{"href":"https:\/\/www.europesays.com\/fr\/wp-json\/wp\/v2\/posts\/510716","targetHints":{"allow":["GET"]}}],"collection":[{"href":"https:\/\/www.europesays.com\/fr\/wp-json\/wp\/v2\/posts"}],"about":[{"href":"https:\/\/www.europesays.com\/fr\/wp-json\/wp\/v2\/types\/post"}],"author":[{"embeddable":true,"href":"https:\/\/www.europesays.com\/fr\/wp-json\/wp\/v2\/users\/2"}],"replies":[{"embeddable":true,"href":"https:\/\/www.europesays.com\/fr\/wp-json\/wp\/v2\/comments?post=510716"}],"version-history":[{"count":0,"href":"https:\/\/www.europesays.com\/fr\/wp-json\/wp\/v2\/posts\/510716\/revisions"}],"wp:featuredmedia":[{"embeddable":true,"href":"https:\/\/www.europesays.com\/fr\/wp-json\/wp\/v2\/media\/510717"}],"wp:attachment":[{"href":"https:\/\/www.europesays.com\/fr\/wp-json\/wp\/v2\/media?parent=510716"}],"wp:term":[{"taxonomy":"category","embeddable":true,"href":"https:\/\/www.europesays.com\/fr\/wp-json\/wp\/v2\/categories?post=510716"},{"taxonomy":"post_tag","embeddable":true,"href":"https:\/\/www.europesays.com\/fr\/wp-json\/wp\/v2\/tags?post=510716"}],"curies":[{"name":"wp","href":"https:\/\/api.w.org\/{rel}","templated":true}]}}