{"id":510720,"date":"2025-11-04T08:26:12","date_gmt":"2025-11-04T08:26:12","guid":{"rendered":"https:\/\/www.europesays.com\/fr\/510720\/"},"modified":"2025-11-04T08:26:12","modified_gmt":"2025-11-04T08:26:12","slug":"son-irruption-en-politique-a-eu-un-cout-considerable-pour-tesla-estime-francois-lenglet","status":"publish","type":"post","link":"https:\/\/www.europesays.com\/fr\/510720\/","title":{"rendered":"\u00ab\u00a0Son irruption en politique a eu un co\u00fbt consid\u00e9rable\u00a0\u00bb pour Tesla, estime Fran\u00e7ois Lenglet"},"content":{"rendered":"<p class=\"article-p mdl\">En 2024, <strong>Elon Musk<\/strong> a financ\u00e9 la campagne pr\u00e9sidentielle de Donald Trump \u00e0 hauteur de 300 millions de dollars. Proche alli\u00e9 de l&rsquo;homme politique, le patron de Tesla a \u00e9galement exprim\u00e9 publiquement son soutien \u00e0 <strong>l&rsquo;extr\u00eame-droite britannique et allemande<\/strong>, allant jusqu&rsquo;\u00e0 effectuer un salut controvers\u00e9.\u00a0<\/p>\n<p class=\"article-p mdl\">Charg\u00e9 de<a class=\"link\" href=\"https:\/\/www.rtl.fr\/actu\/sciences-tech\/les-infos-de-12h30-twitter-elon-musk-lance-son-plan-de-licenciements-par-courriel-7900202375\" target=\"_blank\" rel=\"noopener\"> mettre en \u0153uvre des coupes budg\u00e9taires drastiques au sein du gouvernement am\u00e9ricain, il n&rsquo;a pas h\u00e9sit\u00e9 \u00e0\u00a0<\/a>licencier des d\u00e9partements entiers par e-mail, du jour au lendemain.<\/p>\n<p class=\"article-p mdl\">Les prises de position d&rsquo;Elon Musk ont <strong>entra\u00een\u00e9 une chute <\/strong>des ventes de son entreprise, Tesla. Quatre \u00e9conomistes de l&rsquo;Universit\u00e9 de Yale ont cherch\u00e9 \u00e0 \u00e9valuer <strong>l&rsquo;impact exact de ces choix <\/strong>sur les ventes de la marque. Les r\u00e9sultats de cette \u00e9tude, publi\u00e9s au\u00a0<a class=\"link\" href=\"https:\/\/www.nber.org\/papers\/w34413\" target=\"_blank\" rel=\"noopener\">prestigieux NBER<\/a>, le National Bureau of Economic Research, sont stup\u00e9fiants.\u00a0<\/p>\n<blockquote class=\"article-quote\">\n<p class=\"article-quote-text icon icon-quote-v2\">Elon Musk a fait monter les ventes de ses concurrents, de 17 \u00e0 22%<\/p>\n<p>Fran\u00e7ois Lenglet<\/p>\n<\/blockquote>\n<p class=\"article-p mdl\">L&rsquo;irruption d&rsquo;Elon Musk en politique a eu un co\u00fbt consid\u00e9rable pour Tesla. Selon les \u00e9conomistes, entre octobre 2022, date de son soutien affich\u00e9 \u00e0\u00a0<a class=\"link\" href=\"https:\/\/www.rtl.fr\/sujet\/donald-trump\" target=\"_blank\" rel=\"noopener\">Donald Trump<\/a>, et mars 2025, Tesla a perdu <strong>entre un et 1,2 million de ventes de voitures<\/strong>. Sans ces prises de position, les ventes auraient pu augmenter des deux tiers.<\/p>\n<p class=\"article-p mdl\">Deux autres cons\u00e9quences ont \u00e9t\u00e9 identifi\u00e9es. D&rsquo;une part, les ventes des concurrents de Tesla ont augment\u00e9 <strong>de 17 \u00e0 22%. <\/strong>D&rsquo;autre part, le plan de r\u00e9duction des \u00e9missions carbone de la Californie a pris du retard.<\/p>\n<p class=\"article-p mdl\">L&rsquo;image de Tesla a \u00e9galement souffert : Elon Musk a commis une <strong>erreur majeure de marketing. <\/strong>Sa client\u00e8le, compos\u00e9e de \u00ab\u00a0bobos\u00a0\u00bb am\u00e9ricains pr\u00e9occup\u00e9s par le climat et g\u00e9n\u00e9ralement de centre gauche, a \u00e9t\u00e9 prise \u00e0 revers par son soutien \u00e0 un conservatisme climato-sceptique. Ces clients ne voulaient pas \u00eatre associ\u00e9s \u00e0 de tels choix politiques<\/p>\n<p>            Quel est l&rsquo;avenir de Tesla ?<\/p>\n<p class=\"article-p mdl\">Les ventes de Tesla sont rest\u00e9es m\u00e9diocres, en partie \u00e0 cause d&rsquo;une <strong>gamme de produits peu renouvel\u00e9e<\/strong>, avec des mod\u00e8les re-lift\u00e9s depuis 15 ans. Il est possible que la marque soit morte : tant qu&rsquo;Elon Musk est \u00e0 sa t\u00eate, elle pourrait ne pas se redresser.<\/p>\n<p class=\"article-p mdl\">Cependant, cela n&rsquo;est peut-\u00eatre pas si grave. En effet, le centre de gravit\u00e9 de l&rsquo;entreprise<strong> s&rsquo;est d\u00e9plac\u00e9 vers les robots-taxis\u00a0<\/strong>et l&rsquo;intelligence artificielle, et la division\u00a0<a class=\"link\" href=\"https:\/\/www.rtl.fr\/sujet\/automobile\" target=\"_blank\" rel=\"noopener\">automobile\u00a0<\/a>pourrait \u00eatre vendue \u00e0 terme.\u00a0<\/p>\n<p class=\"article-p mdl\">La bourse ne semble pas en tenir rigueur \u00e0 ce patron visionnaire : Tesla n&rsquo;a jamais \u00e9t\u00e9 aussi valoris\u00e9e, atteignant <strong>1.500 milliards de dollars<\/strong>. Quant \u00e0 Elon Musk, malgr\u00e9 ses d\u00e9rapages, il restera dans l&rsquo;histoire comme celui qui a rendu la voiture \u00e9lectrique s\u00e9duisante et pratique.<\/p>\n<p>    La r\u00e9daction vous recommande<\/p>\n<p class=\"s-newsletter__title\">\n                L\u2019actualit\u00e9 par la r\u00e9daction de RTL dans votre bo\u00eete mail.\n            <\/p>\n<p class=\"s-newsletter__subtitle\">\n                Gr\u00e2ce \u00e0 votre compte RTL abonnez-vous \u00e0 la newsletter RTL info pour suivre toute l&rsquo;actualit\u00e9 au quotidien\n            <\/p>\n<p>\n                                    Lire la suite\n                                <\/p>\n","protected":false},"excerpt":{"rendered":"En 2024, Elon Musk a financ\u00e9 la campagne pr\u00e9sidentielle de Donald Trump \u00e0 hauteur de 300 millions de&hellip;\n","protected":false},"author":2,"featured_media":392965,"comment_status":"","ping_status":"","sticky":false,"template":"","format":"standard","meta":{"footnotes":""},"categories":[1586],"tags":[11,75,46,1777,674,1779,107,1011,27,12,25,717,1778,364],"class_list":{"0":"post-510720","1":"post","2":"type-post","3":"status-publish","4":"format-standard","5":"has-post-thumbnail","7":"category-europe","8":"tag-actualites","9":"tag-donald-trump","10":"tag-elon-musk","11":"tag-eu","12":"tag-europe","13":"tag-european-union","14":"tag-fil-info","15":"tag-fr","16":"tag-france","17":"tag-news","18":"tag-republique-francaise","19":"tag-technologie","20":"tag-ue","21":"tag-union-europeenne"},"share_on_mastodon":{"url":"https:\/\/pubeurope.com\/@fr\/115490480925897649","error":""},"_links":{"self":[{"href":"https:\/\/www.europesays.com\/fr\/wp-json\/wp\/v2\/posts\/510720","targetHints":{"allow":["GET"]}}],"collection":[{"href":"https:\/\/www.europesays.com\/fr\/wp-json\/wp\/v2\/posts"}],"about":[{"href":"https:\/\/www.europesays.com\/fr\/wp-json\/wp\/v2\/types\/post"}],"author":[{"embeddable":true,"href":"https:\/\/www.europesays.com\/fr\/wp-json\/wp\/v2\/users\/2"}],"replies":[{"embeddable":true,"href":"https:\/\/www.europesays.com\/fr\/wp-json\/wp\/v2\/comments?post=510720"}],"version-history":[{"count":0,"href":"https:\/\/www.europesays.com\/fr\/wp-json\/wp\/v2\/posts\/510720\/revisions"}],"wp:featuredmedia":[{"embeddable":true,"href":"https:\/\/www.europesays.com\/fr\/wp-json\/wp\/v2\/media\/392965"}],"wp:attachment":[{"href":"https:\/\/www.europesays.com\/fr\/wp-json\/wp\/v2\/media?parent=510720"}],"wp:term":[{"taxonomy":"category","embeddable":true,"href":"https:\/\/www.europesays.com\/fr\/wp-json\/wp\/v2\/categories?post=510720"},{"taxonomy":"post_tag","embeddable":true,"href":"https:\/\/www.europesays.com\/fr\/wp-json\/wp\/v2\/tags?post=510720"}],"curies":[{"name":"wp","href":"https:\/\/api.w.org\/{rel}","templated":true}]}}