{"id":510727,"date":"2025-11-04T08:30:37","date_gmt":"2025-11-04T08:30:37","guid":{"rendered":"https:\/\/www.europesays.com\/fr\/510727\/"},"modified":"2025-11-04T08:30:37","modified_gmt":"2025-11-04T08:30:37","slug":"comment-felix-mory-a-evite-in-extremis-une-penalite-pour-jeu-lent-a-majorque","status":"publish","type":"post","link":"https:\/\/www.europesays.com\/fr\/510727\/","title":{"rendered":"Comment F\u00e9lix Mory a \u00e9vit\u00e9 in extremis une p\u00e9nalit\u00e9 pour jeu lent \u00e0 Majorque"},"content":{"rendered":"<p>\t\t\t\t\t\t<img width=\"770\" height=\"557\" src=\"https:\/\/www.europesays.com\/fr\/wp-content\/uploads\/2025\/08\/felixmorydormy-770x557.jpg\" class=\"img-responsive wp-post-image\" alt=\"\" decoding=\"async\" fetchpriority=\"high\"  \/>\t\t\t\t\t<\/p>\n<p>\t\t\t\t\t\t Partager cet article <\/p>\n<p class=\"screen-reader-text juiz_sps_maybe_hidden_text\">Partager la publication \u00ab\u00a0Comment F\u00e9lix Mory a \u00e9vit\u00e9 in extremis une p\u00e9nalit\u00e9 pour jeu lent \u00e0 Majorque\u00a0\u00bb<\/p>\n<p><strong>D\u2019abord p\u00e9nalis\u00e9 d\u2019un coup pour jeu lent sur son 71e trou de la Rolex Grand Final \u00e0 Majorque, F\u00e9lix Mory est parvenu \u00e0 convaincre les arbitres qu\u2019il n\u2019avait pas enfreint la r\u00e8gle. La p\u00e9nalit\u00e9 lui a \u00e9t\u00e9 retir\u00e9e apr\u00e8s coup. Sa position \u00e0 la Road to Mallorca a ainsi \u00e9t\u00e9 am\u00e9lior\u00e9e.<\/strong><\/p>\n<p>\t\t\t\t\t<a id=\"188677\" href=\"https:\/\/www.mazaganbeachresort.com\/fr\/golfer-getaway\" target=\"_blank\" rel=\"sponsorised nofollow noopener\"><img decoding=\"async\" src=\"data:image\/svg+xml,%3Csvg%20xmlns=\" http:=\"\" class=\"img-responsive\" alt=\"\" data-lazy-src=\"https:\/\/www.europesays.com\/fr\/wp-content\/uploads\/2025\/10\/mazagan-e01-evasion-golfique-1170x275-1.jpeg\"\/><\/a><\/p>\n<p>Vainqueur du <strong>Swiss Challenge<\/strong> le 8 juin dernier, <strong>F\u00e9lix Mory<\/strong> abordait la semaine \u00e0 la 10\u1d49 place du classement g\u00e9n\u00e9ral, avec l\u2019objectif de renforcer ses chances d\u2019obtenir une carte pour le <strong>DP World Tour<\/strong> l\u2019ann\u00e9e prochaine. Sur le parcours du <strong>Club de Golf Alcanada<\/strong>, en Espagne, et dans des conditions venteuses, il s\u2019est brillamment maintenu dans le top 6.<\/p>\n<p>Longtemps deuxi\u00e8me dans ce dernier tour, il a fl\u00e9chi sur le retour avec des bogeys au 12 et au 18. Il y aurait pu \u00e9galement y avoir un autre bogey, au 17. Mais c\u2019est en parlementant avec des arbitres que le Lillois install\u00e9 en Bavi\u00e8re a \u00e9t\u00e9 absous d\u2019un coup de p\u00e9nalit\u00e9 que les officiels lui avaient d\u2019abord inflig\u00e9.<\/p>\n<p>\t\t\t\t\t<a id=\"190582\" href=\"https:\/\/www.formigolf.fr\/voyage-pays~_don_gregory_by_dunas_grande_canarie~618~canaries\" target=\"_blank\" rel=\"sponsorised nofollow noopener\"><img decoding=\"async\" src=\"data:image\/svg+xml,%3Csvg%20xmlns=\" http:=\"\" class=\"img-responsive\" alt=\"\" data-lazy-src=\"https:\/\/www.europesays.com\/fr\/wp-content\/uploads\/2025\/11\/formigolf-e11-grande-canarie-dunas-1170x275-1.gif\"\/><\/a><br \/>\nUn examen vid\u00e9o favorable<\/p>\n<p>Sur le par 3 du 17, \u00e0 sa sortie du green, que la sanction est tomb\u00e9e : p\u00e9nalit\u00e9 d\u2019un coup pour jeu lent, transformant son par en bogey.<\/p>\n<p>Environ une heure plus tard, rebondissement : apr\u00e8s r\u00e9examen des images, \u00e0 la demande du joueur, les officiels du DP World Tour ont donn\u00e9 raison \u00e0 Mory. La raison : le temps de jeu du Fran\u00e7ais \u00e9tait finalement conforme. La p\u00e9nalit\u00e9 a donc \u00e9t\u00e9 annul\u00e9e, son score au 17 a \u00e9t\u00e9 r\u00e9tabli avec un par.<\/p>\n<p data-start=\"1615\" data-end=\"1641\">Ce \u00ab\u00a0d\u00e9tail\u00a0\u00bb change beaucoup de choses<\/p>\n<p data-start=\"1643\" data-end=\"1902\">F\u00e9lix Mory est remont\u00e9 \u00e0 -10 total et a d\u00e9croch\u00e9 ainsi seul la 6\u1d49 place, am\u00e9liorant ses gains et sa position \u00e0 la <strong>Road to Mallorca<\/strong>.<\/p>\n<p>Il termine finalement 12\u1d49 du classement de l\u2019<strong>HotelPlanner Tour<\/strong>, et non 13e. Cette place dans le top 20 lui garantit une carte pour le DP World Tour en 2026, une premi\u00e8re pour lui.<\/p>\n<p data-start=\"1643\" data-end=\"1902\">\u00a0<\/p>\n<p>Photo : Luke Walker\/Getty Images<\/p>\n","protected":false},"excerpt":{"rendered":"Partager cet article Partager la publication \u00ab\u00a0Comment F\u00e9lix Mory a \u00e9vit\u00e9 in extremis une p\u00e9nalit\u00e9 pour jeu lent&hellip;\n","protected":false},"author":2,"featured_media":353142,"comment_status":"","ping_status":"","sticky":false,"template":"","format":"standard","meta":{"footnotes":""},"categories":[1418],"tags":[1011,27,1472,60],"class_list":{"0":"post-510727","1":"post","2":"type-post","3":"status-publish","4":"format-standard","5":"has-post-thumbnail","7":"category-golf","8":"tag-fr","9":"tag-france","10":"tag-golf","11":"tag-sports"},"share_on_mastodon":{"url":"https:\/\/pubeurope.com\/@fr\/115490496888733298","error":""},"_links":{"self":[{"href":"https:\/\/www.europesays.com\/fr\/wp-json\/wp\/v2\/posts\/510727","targetHints":{"allow":["GET"]}}],"collection":[{"href":"https:\/\/www.europesays.com\/fr\/wp-json\/wp\/v2\/posts"}],"about":[{"href":"https:\/\/www.europesays.com\/fr\/wp-json\/wp\/v2\/types\/post"}],"author":[{"embeddable":true,"href":"https:\/\/www.europesays.com\/fr\/wp-json\/wp\/v2\/users\/2"}],"replies":[{"embeddable":true,"href":"https:\/\/www.europesays.com\/fr\/wp-json\/wp\/v2\/comments?post=510727"}],"version-history":[{"count":0,"href":"https:\/\/www.europesays.com\/fr\/wp-json\/wp\/v2\/posts\/510727\/revisions"}],"wp:featuredmedia":[{"embeddable":true,"href":"https:\/\/www.europesays.com\/fr\/wp-json\/wp\/v2\/media\/353142"}],"wp:attachment":[{"href":"https:\/\/www.europesays.com\/fr\/wp-json\/wp\/v2\/media?parent=510727"}],"wp:term":[{"taxonomy":"category","embeddable":true,"href":"https:\/\/www.europesays.com\/fr\/wp-json\/wp\/v2\/categories?post=510727"},{"taxonomy":"post_tag","embeddable":true,"href":"https:\/\/www.europesays.com\/fr\/wp-json\/wp\/v2\/tags?post=510727"}],"curies":[{"name":"wp","href":"https:\/\/api.w.org\/{rel}","templated":true}]}}