{"id":510728,"date":"2025-11-04T08:32:16","date_gmt":"2025-11-04T08:32:16","guid":{"rendered":"https:\/\/www.europesays.com\/fr\/510728\/"},"modified":"2025-11-04T08:32:16","modified_gmt":"2025-11-04T08:32:16","slug":"le-prince-william-joue-au-beach-volley-sur-la-plage-de-copacabana","status":"publish","type":"post","link":"https:\/\/www.europesays.com\/fr\/510728\/","title":{"rendered":"Le prince William joue au beach-volley sur la plage de Copacabana"},"content":{"rendered":"<p>Le prince de Galles a entam\u00e9 son voyage de cinq jours au Br\u00e9sil, en posant ses valises \u00e0 Rio de Janeiro. Ce lundi, le prince William a visit\u00e9 quelques lieux touristiques de Rio. Il a notamment rejoint la plage mythique du quartier de Copacabana, o\u00f9 il a particip\u00e9 \u00e0 un match de volley-ball les pieds dans le sable.<\/p>\n<p><strong>Lire aussi : <a href=\"https:\/\/histoiresroyales.fr\/prince-william-recoit-cles-de-rio-sommet-pain-de-sucre-rio-visite-stade-maracana\/\" target=\"_blank\" rel=\"noopener\">Le prince William re\u00e7oit les cl\u00e9s de Rio au sommet du Pain de Sucre et visite le stade Maracan\u00e3 avec Cafu<\/a><\/strong><\/p>\n<p>Le prince de Galles sur la plage mythique de Copacabana<\/p>\n<p>Longue de 4,5 kilom\u00e8tres, la plage de Copacabana est l\u2019une des plages les plus connues au monde. Ce 3 novembre 2025, le prince William a fait un d\u00e9tour par la plage, au premier jour de son voyage au Br\u00e9sil. Copacabana est un quartier situ\u00e9 dans le sud de Rio de Janeiro, et sa plage en demi-lune est une attraction touristique aussi pris\u00e9e que le Paint de Sucre et le Corcovado.<\/p>\n<p><img fetchpriority=\"high\" decoding=\"async\" width=\"1300\" height=\"866\" src=\"https:\/\/www.europesays.com\/fr\/wp-content\/uploads\/2025\/11\/prince-william-beach-volley-plage-copacabana.jpg\" alt=\"\" class=\"wp-image-226968 lazyload\" data-  \/>Le prince William se jette dans le sable fin de la plage de Copacabana, au sud de Rio (Photo : Aaron Chown\/PA Wire\/ABACAPRESS.COM)<\/p>\n<p><strong>Lire aussi :\u00a0<a href=\"https:\/\/histoiresroyales.fr\/roi-charles-iii-prince-william-reunis-londres-mois-lancement-cop30\/\" target=\"_blank\" rel=\"noopener\">Le roi Charles III et le prince William r\u00e9unis \u00e0 Londres un mois avant le lancement de la COP30<\/a><\/strong><a href=\"https:\/\/www.actirise.com\/?utm_source=histoiresroyales.fr&amp;utm_campaign=intext\" target=\"_blank\" rel=\"noopener\"><a href=\"https:\/\/www.actirise.com\/?utm_source=histoiresroyales.fr&amp;utm_campaign=intext\" target=\"_blank\" rel=\"noopener\"><\/p>\n<p>Le <a href=\"https:\/\/histoiresroyales.fr\/famille-royale-britannique\/prince-william\/\" target=\"_blank\" rel=\"noopener\">prince de Galles<\/a>, 43 ans, est en voyage au Br\u00e9sil durant cinq jours. Il doit assister \u00e0 la c\u00e9r\u00e9monie de remise des prix de sa fondation Earthshot Prize \u00e0 Rio mercredi. Jeudi, William prendra la direction de Bel\u00e9m, dans le nord du pays, o\u00f9 se tiendra la COP30, grand sommet international auquel participeront des chefs d\u2019\u00c9tat du monde entier. Ce lundi, d\u00e8s son arriv\u00e9e \u00e0 Rio de Janeiro, deuxi\u00e8me ville du Br\u00e9sil apr\u00e8s S\u00e3o Paula, l\u2019<a href=\"https:\/\/histoiresroyales.fr\/prince-william-recoit-cles-de-rio-sommet-pain-de-sucre-rio-visite-stade-maracana\/\" target=\"_blank\" rel=\"noopener\">h\u00e9ritier du tr\u00f4ne britannique \u00e9tait attendu au sommet du Pain de Sucre<\/a> par le maire de Rio, qui lui a remis les cl\u00e9s de la ville en signe de bienvenue. <\/p>\n<p><img loading=\"lazy\" decoding=\"async\" width=\"1300\" height=\"1950\" src=\"https:\/\/www.europesays.com\/fr\/wp-content\/uploads\/2025\/11\/prince-de-galles-copacabana-match-volley-de-plage.jpg\" alt=\"\" class=\"wp-image-226969 lazyload\" data-  \/>Ce 3 novembre 2025, le prince de Galles se rend dans des lieux mythiques de Rio, lors de sa premi\u00e8re journ\u00e9e au Br\u00e9sil (Photo : Aaron Chown\/PA Wire\/ABACAPRESS.COM)<\/p>\n<p><img loading=\"lazy\" decoding=\"async\" width=\"1400\" height=\"932\" src=\"https:\/\/www.europesays.com\/fr\/wp-content\/uploads\/2025\/11\/prince-william-de-galles-match-volley-ball-plage-copabacana.jpg\" alt=\"\" class=\"wp-image-226970 lazyload\" data-  \/>Le prince William participe \u00e0 un entra\u00eenement de volley de plage (Photo : Aaron Chown\/PA Wire\/ABACAPRESS.COM)<\/p>\n<p><strong>Lire aussi :\u00a0<a href=\"https:\/\/histoiresroyales.fr\/prince-william-princesse-catherine-recoivent-prince-heritier-hussein-princesse-rajwa-windsor\/\" target=\"_blank\" rel=\"noopener\">Le prince William et la princesse Catherine re\u00e7oivent le prince h\u00e9ritier Hussein et la princesse Rajwa \u00e0 Windsor<\/a><\/strong><\/p>\n<p>Le prince William joue au beach-volley \u00e0 Rio de Janeiro<\/p>\n<p>Le prince William, amateur de football, a eu le privil\u00e8ge de visiter le stade Maracan\u00e3, accompagn\u00e9 de la l\u00e9gende br\u00e9silienne Cafu. En pleine d\u00e9couverte des lieux les plus touristiques de Rio, le prince William ne pouvait pas visiter la ville sans poser les pieds sur la plage de Copacabana. Le prince de Galles s\u2019est d\u00e9chauss\u00e9 pour enfoncer ses pieds dans le sable et a rejoint un groupe de volleyeurs. <\/p>\n<p><img loading=\"lazy\" decoding=\"async\" width=\"1400\" height=\"932\" src=\"https:\/\/www.europesays.com\/fr\/wp-content\/uploads\/2025\/11\/prince-william-enfant-beach-volley-rio-de-janeiro.jpg\" alt=\"\" class=\"wp-image-226971 lazyload\" data-  \/>Le prince William en \u00e9quipe avec une jeune joueuse de beach-volley et Carolina Solberg Salgado (Photo : Aaron Chown\/PA Wire\/ABACAPRESS.COM)<\/p>\n<p><strong>Lire aussi :\u00a0<a href=\"https:\/\/histoiresroyales.fr\/stress-joie-prince-william-princesse-charlotte-victoire-tirs-au-but-lionnes-euro-feminin-de-football\/\" target=\"_blank\" rel=\"noopener\">Le stress et la joie du prince William et de la princesse Charlotte durant cette finale de l\u2019Euro f\u00e9minin de football qui s\u2019est jou\u00e9e aux tirs au but<\/a><\/strong><\/p>\n<p>Le prince William a pris part \u00e0 une partie de beach-volley avec des jeunes \u00e9tudiants de l\u2019institut Levante, une \u00e9cole sportive locale. La star locale de beach-volley\u00a0Carolina Solberg Salgado arbitrait le match disput\u00e9 par le fils a\u00een\u00e9 du roi Charles III. Le prince William a \u00e9galement rencontr\u00e9 des surveillants de plage qui lui ont expliqu\u00e9 leur m\u00e9tier. Le prince de Galles les a f\u00e9licit\u00e9s pour leur vigilance et leur travail crucial dans ce lieu touristique.<\/p>\n<blockquote class=\"instagram-media\" data-instgrm-permalink=\"https:\/\/www.instagram.com\/p\/DQnPRPtjcIg\/?utm_source=ig_embed&amp;utm_campaign=loading\" data-instgrm-version=\"14\" style=\" background:#FFF; border:0; border-radius:3px; box-shadow:0 0 1px 0 rgba(0,0,0,0.5),0 1px 10px 0 rgba(0,0,0,0.15); margin: 1px; max-width:540px; min-width:326px; padding:0; width:99.375%; width:-webkit-calc(100% - 2px); width:calc(100% - 2px);\"\/>\n<p>La plage de Copacabana a aussi accueilli de grands \u00e9v\u00e9nements, comme la messe en plein air du pape Fran\u00e7ois, ainsi que des \u00e9v\u00e9nements sportifs. Les \u00e9preuves de beach-volley, de natation en plein air et de triathlon des Jeux olympiques de 2016 ont \u00e9t\u00e9 disput\u00e9es sur cette plage mythique. <\/p>\n<p>\t\t\t\t<img loading=\"lazy\" alt=\"Avatar photo\" src=\"https:\/\/www.europesays.com\/fr\/wp-content\/uploads\/2025\/04\/1516945716303-164x164.jpeg\"  class=\"avatar avatar-164 photo lazyload\" height=\"164\" width=\"164\" decoding=\"async\"\/><br \/>\n\t\t<a href=\"https:\/\/histoiresroyales.fr\/author\/royaliste123\/\" target=\"_blank\" rel=\"noopener\">Nicolas Fontaine<\/a><br \/>\n\t\t\t\t\tR\u00e9dacteur en chef<\/p>\n<p>Nicolas Fontaine a \u00e9t\u00e9 concepteur-r\u00e9dacteur et auteur pour de nombreuses marques et m\u00e9dias belges et fran\u00e7ais. Sp\u00e9cialiste de l&rsquo;actualit\u00e9 des familles royales, Nicolas a fond\u00e9 le site Histoires royales dont il est le r\u00e9dacteur en chef.&#13;<br \/>\n&#13;<br \/>\nnicolas@histoiresroyales.fr<\/p>\n<p>\t\t\t\t\t\t\t<a href=\"https:\/\/twitter.com\/ActusRoyales\" class=\"boxed-icon fill twitter\" target=\"_blank\" rel=\"noopener\"><\/a><br \/>\n\t\t\t\t\t\t\t\t\t<a href=\"https:\/\/www.instagram.com\/histoiresroyales.fr\/\" class=\"boxed-icon fill instagram\" target=\"_blank\" rel=\"noopener\"><\/a><\/p>\n<p>\t\t\t\t\t\t\t\t\t\t\t\t\t<script async src=\"https:\/\/platform.twitter.com\/widgets.js\" charset=\"utf-8\"><\/script><script async src=\"\/\/www.instagram.com\/embed.js\"><\/script><\/p>\n","protected":false},"excerpt":{"rendered":"Le prince de Galles a entam\u00e9 son voyage de cinq jours au Br\u00e9sil, en posant ses valises \u00e0&hellip;\n","protected":false},"author":2,"featured_media":510729,"comment_status":"","ping_status":"","sticky":false,"template":"","format":"standard","meta":{"footnotes":""},"categories":[1417],"tags":[27306,19362,1011,27,15656,3936,17718,517,60,1470,1469],"class_list":{"0":"post-510728","1":"post","2":"type-post","3":"status-publish","4":"format-standard","5":"has-post-thumbnail","7":"category-volley","8":"tag-beach-volley","9":"tag-bru00e9sil","10":"tag-fr","11":"tag-france","12":"tag-plage","13":"tag-prince-william","14":"tag-rio-de-janeiro","15":"tag-sport","16":"tag-sports","17":"tag-volley","18":"tag-volleyball"},"share_on_mastodon":{"url":"https:\/\/pubeurope.com\/@fr\/115490505737654873","error":""},"_links":{"self":[{"href":"https:\/\/www.europesays.com\/fr\/wp-json\/wp\/v2\/posts\/510728","targetHints":{"allow":["GET"]}}],"collection":[{"href":"https:\/\/www.europesays.com\/fr\/wp-json\/wp\/v2\/posts"}],"about":[{"href":"https:\/\/www.europesays.com\/fr\/wp-json\/wp\/v2\/types\/post"}],"author":[{"embeddable":true,"href":"https:\/\/www.europesays.com\/fr\/wp-json\/wp\/v2\/users\/2"}],"replies":[{"embeddable":true,"href":"https:\/\/www.europesays.com\/fr\/wp-json\/wp\/v2\/comments?post=510728"}],"version-history":[{"count":0,"href":"https:\/\/www.europesays.com\/fr\/wp-json\/wp\/v2\/posts\/510728\/revisions"}],"wp:featuredmedia":[{"embeddable":true,"href":"https:\/\/www.europesays.com\/fr\/wp-json\/wp\/v2\/media\/510729"}],"wp:attachment":[{"href":"https:\/\/www.europesays.com\/fr\/wp-json\/wp\/v2\/media?parent=510728"}],"wp:term":[{"taxonomy":"category","embeddable":true,"href":"https:\/\/www.europesays.com\/fr\/wp-json\/wp\/v2\/categories?post=510728"},{"taxonomy":"post_tag","embeddable":true,"href":"https:\/\/www.europesays.com\/fr\/wp-json\/wp\/v2\/tags?post=510728"}],"curies":[{"name":"wp","href":"https:\/\/api.w.org\/{rel}","templated":true}]}}