{"id":510732,"date":"2025-11-04T08:34:11","date_gmt":"2025-11-04T08:34:11","guid":{"rendered":"https:\/\/www.europesays.com\/fr\/510732\/"},"modified":"2025-11-04T08:34:11","modified_gmt":"2025-11-04T08:34:11","slug":"aryna-sabalenka-et-nick-kyrgios-vont-saffronter-dans-un-remake-de-la-bataille-des-sexes","status":"publish","type":"post","link":"https:\/\/www.europesays.com\/fr\/510732\/","title":{"rendered":"Aryna Sabalenka et Nick Kyrgios vont s\u2019affronter dans un remake de \u00ab\u00a0La bataille des sexes\u00a0\u00bb"},"content":{"rendered":"<p><a href=\"https:\/\/www.20minutes.fr\/sport\/tennis\/4171638-20250907-us-open-2025-avance-classement-prize-money-victoire-sabalenka-chiffres\" target=\"_blank\" class=\"c-link c-link--is-underlined\" rel=\"noopener\">Aryna Sabalenka<\/a> imitera-t-elle Billie Jean King. En\u00a01973, l\u2019Am\u00e9ricaine avait battu s\u00e8chement ce goujat de Bobby Riggs (55 ans), autoproclam\u00e9 \u00ab\u00a0champion du tennis f\u00e9minin\u00a0\u00bb, apr\u00e8s avoir battu quelques semaines auparavant Margaret Court, alors l\u2019une des meilleures joueuses du monde. Un peu plus de cinquante ans plus tard, <a href=\"https:\/\/www.20minutes.fr\/sport\/tennis\/roland-garros\/4147803-20250412-pauline-vs-men-pauline-payet-veut-remettre-valeur-tennis-feminin-battant-plus-hommes-possibles\" target=\"_blank\" class=\"c-link c-link--is-underlined\" rel=\"noopener\">une nouvelle \u00ab\u00a0Bataille des sexes\u00a0\u00bb<\/a> va avoir lieu.<\/p>\n<p>Elle mettra aux prises, le 28\u00a0d\u00e9cembre \u00e0 Duba\u00ef, la n\u00b0\u00a01 mondiale Aryna Sabalenka \u00e0 <a href=\"https:\/\/www.20minutes.fr\/sport\/tennis\/open_d_australie\/4133253-20250112-open-australie-retraite-kyrgios-veut-faire-enfants-fumer-gros-joint-bahamas\" target=\"_blank\" class=\"c-link c-link--is-underlined\" rel=\"noopener\">l\u2019Australien Nick Kyrgios<\/a> (ancien n\u00b0\u00a013 \u00e0 l\u2019ATP), qui est tr\u00e8s loin d\u00e9sormais de son meilleur niveau. Les organisateurs promettent une soir\u00e9e \u00ab\u00a0qui c\u00e9l\u00e8bre les performances de l\u2019\u00e9lite, l\u2019esprit sportif et un spectacle inoubliable\u00a0\u00bb.<\/p>\n<p>Sabalenka, \u00ab\u00a0une vraie championne\u00a0\u00bb<\/p>\n<p>\u00ab\u00a0J\u2019ai beaucoup de respect pour Billie Jean King et pour ce qu\u2019elle a fait pour le tennis f\u00e9minin, a expliqu\u00e9 <a href=\"https:\/\/www.20minutes.fr\/sport\/tennis\/roland-garros\/4157464-20250607-roland-garros-2025-mykonos-alcool-sucre-aryna-sabalenka-veut-oublier-pire-finale-jouee\" target=\"_blank\" class=\"c-link c-link--is-underlined\" rel=\"noopener\">Sabalenka, finaliste malheureuse \u00e0 Roland-Garros<\/a>, dans un communiqu\u00e9. Je suis fi\u00e8re de repr\u00e9senter le tennis f\u00e9minin et de participer \u00e0 cette version moderne du match embl\u00e9matique de la bataille des sexes.\u00a0\u00bb<\/p>\n<\/p>\n<p>\u00ab\u00a0Quand la n\u00b0\u00a01 mondiale vous met au d\u00e9fi, vous r\u00e9pondez \u00e0 l\u2019appel, a r\u00e9pondu l\u2019Australien de 30 ans. J\u2019ai beaucoup de respect pour Aryna, c\u2019est une vraie championne. Mais je n\u2019ai jamais recul\u00e9 devant un d\u00e9fi, et je ne suis pas seulement l\u00e0 pour jouer, je suis l\u00e0 pour divertir. C\u2019est pour cela que je vis.\u00a0\u00bb<\/p>\n","protected":false},"excerpt":{"rendered":"Aryna Sabalenka imitera-t-elle Billie Jean King. En\u00a01973, l\u2019Am\u00e9ricaine avait battu s\u00e8chement ce goujat de Bobby Riggs (55 ans),&hellip;\n","protected":false},"author":2,"featured_media":510733,"comment_status":"","ping_status":"","sticky":false,"template":"","format":"standard","meta":{"footnotes":""},"categories":[1415],"tags":[7615,5017,1011,27,63206,517,60,1467],"class_list":{"0":"post-510732","1":"post","2":"type-post","3":"status-publish","4":"format-standard","5":"has-post-thumbnail","7":"category-tennis","8":"tag-aryna-sabalenka","9":"tag-dubai","10":"tag-fr","11":"tag-france","12":"tag-nick-kyrgios","13":"tag-sport","14":"tag-sports","15":"tag-tennis"},"share_on_mastodon":{"url":"https:\/\/pubeurope.com\/@fr\/115490512177536292","error":""},"_links":{"self":[{"href":"https:\/\/www.europesays.com\/fr\/wp-json\/wp\/v2\/posts\/510732","targetHints":{"allow":["GET"]}}],"collection":[{"href":"https:\/\/www.europesays.com\/fr\/wp-json\/wp\/v2\/posts"}],"about":[{"href":"https:\/\/www.europesays.com\/fr\/wp-json\/wp\/v2\/types\/post"}],"author":[{"embeddable":true,"href":"https:\/\/www.europesays.com\/fr\/wp-json\/wp\/v2\/users\/2"}],"replies":[{"embeddable":true,"href":"https:\/\/www.europesays.com\/fr\/wp-json\/wp\/v2\/comments?post=510732"}],"version-history":[{"count":0,"href":"https:\/\/www.europesays.com\/fr\/wp-json\/wp\/v2\/posts\/510732\/revisions"}],"wp:featuredmedia":[{"embeddable":true,"href":"https:\/\/www.europesays.com\/fr\/wp-json\/wp\/v2\/media\/510733"}],"wp:attachment":[{"href":"https:\/\/www.europesays.com\/fr\/wp-json\/wp\/v2\/media?parent=510732"}],"wp:term":[{"taxonomy":"category","embeddable":true,"href":"https:\/\/www.europesays.com\/fr\/wp-json\/wp\/v2\/categories?post=510732"},{"taxonomy":"post_tag","embeddable":true,"href":"https:\/\/www.europesays.com\/fr\/wp-json\/wp\/v2\/tags?post=510732"}],"curies":[{"name":"wp","href":"https:\/\/api.w.org\/{rel}","templated":true}]}}