{"id":510736,"date":"2025-11-04T08:39:11","date_gmt":"2025-11-04T08:39:11","guid":{"rendered":"https:\/\/www.europesays.com\/fr\/510736\/"},"modified":"2025-11-04T08:39:11","modified_gmt":"2025-11-04T08:39:11","slug":"om-medhi-benatia-sur-le-depart","status":"publish","type":"post","link":"https:\/\/www.europesays.com\/fr\/510736\/","title":{"rendered":"OM : Medhi Benatia sur le d\u00e9part ?"},"content":{"rendered":"<p><strong>Le recrutement de Federico Balzaretti, qui devrait \u00eatre son adjoint dans un premier temps, pourrait \u00eatre une fa\u00e7on pour Medhi Benatia de pr\u00e9parer sa sortie \u00e0 l\u2019OM.<\/strong><\/p>\n<p>La nouvelle est tomb\u00e9e hier : <a href=\"https:\/\/www.butfootballclub.fr\/626069-om-pluie-de-bonnes-nouvelles-avant-latalanta-bergame\/\" target=\"_blank\" rel=\"noopener\">l\u2019OM<\/a> s\u2019appr\u00eate \u00e0 recruter <a href=\"https:\/\/www.butfootballclub.fr\/626207-om-mercato-une-recrue-va-debarquer-a-marseille\/\" target=\"_blank\" rel=\"noopener\">Federico Balzaretti<\/a>. L\u2019ancien lat\u00e9ral gauche italien va devenir l\u2019adjoint de Medhi Benatia, qu\u2019il a connu \u00e0 l\u2019AS Roma. Il sera notamment charg\u00e9 du scouting, une cellule \u00e9tant mise en place par la direction marseillaise. Les qualit\u00e9s de Balzaretti sont unanimement reconnues et beaucoup saluent un nouveau gros coup r\u00e9alis\u00e9 par le directeur sportif marseillais, qui continue de placer ses hommes au sein du club. Mais le compte X Le Petit OM jette un froid au milieu de cette euphorie.<\/p>\n<p>Balzaretti, futur successeur de Benatia ?<\/p>\n<p>Il \u00e9crit : \u00ab\u00a0Si \u00e7a permet \u00e0 Medhi Benatia de se projeter un peu plus que les trois ans pr\u00e9vus, \u00e7a serait vraiment cool\u2026 Mais dans une bo\u00eete normale, \u00e7a ressemble fortement \u00e0 une passation en douceur. A suivre vu que l\u2019OM n\u2019est pas un club normal\u2026\u00a0\u00bb. Il est vrai que, d\u00e8s son arriv\u00e9e, \u00e0 l\u2019hiver 2023-24, Benatia a annonc\u00e9 qu\u2019il ne ferait pas de vieux os \u00e0 Marseille. Et vu le travail remarquable qu\u2019il r\u00e9alise depuis deux ans, il y a fort \u00e0 parier qu\u2019il ne manque pas de propositions parmi les grands clubs du continent.<\/p>\n<p>Le voir pr\u00e9parer sa sortie, alors que son projet de relance de l\u2019OM sur trois ans est \u00e0 mi-chemin, n\u2019est pas saugrenu. Ce serait m\u00eame le meilleur moment pour se lancer dans cette entreprise, ce qui donne du poids \u00e0 la r\u00e9flexion du Petit OM\u2026<\/p>\n","protected":false},"excerpt":{"rendered":"Le recrutement de Federico Balzaretti, qui devrait \u00eatre son adjoint dans un premier temps, pourrait \u00eatre une fa\u00e7on&hellip;\n","protected":false},"author":2,"featured_media":510737,"comment_status":"","ping_status":"","sticky":false,"template":"","format":"standard","meta":{"footnotes":""},"categories":[1410],"tags":[11,448,63,1011,27,66,3388,12,60,10662],"class_list":{"0":"post-510736","1":"post","2":"type-post","3":"status-publish","4":"format-standard","5":"has-post-thumbnail","7":"category-football","8":"tag-actualites","9":"tag-champions-league","10":"tag-football","11":"tag-fr","12":"tag-france","13":"tag-ligue-1","14":"tag-matchs","15":"tag-news","16":"tag-sports","17":"tag-transferts"},"share_on_mastodon":{"url":"https:\/\/pubeurope.com\/@fr\/115490532067994865","error":""},"_links":{"self":[{"href":"https:\/\/www.europesays.com\/fr\/wp-json\/wp\/v2\/posts\/510736","targetHints":{"allow":["GET"]}}],"collection":[{"href":"https:\/\/www.europesays.com\/fr\/wp-json\/wp\/v2\/posts"}],"about":[{"href":"https:\/\/www.europesays.com\/fr\/wp-json\/wp\/v2\/types\/post"}],"author":[{"embeddable":true,"href":"https:\/\/www.europesays.com\/fr\/wp-json\/wp\/v2\/users\/2"}],"replies":[{"embeddable":true,"href":"https:\/\/www.europesays.com\/fr\/wp-json\/wp\/v2\/comments?post=510736"}],"version-history":[{"count":0,"href":"https:\/\/www.europesays.com\/fr\/wp-json\/wp\/v2\/posts\/510736\/revisions"}],"wp:featuredmedia":[{"embeddable":true,"href":"https:\/\/www.europesays.com\/fr\/wp-json\/wp\/v2\/media\/510737"}],"wp:attachment":[{"href":"https:\/\/www.europesays.com\/fr\/wp-json\/wp\/v2\/media?parent=510736"}],"wp:term":[{"taxonomy":"category","embeddable":true,"href":"https:\/\/www.europesays.com\/fr\/wp-json\/wp\/v2\/categories?post=510736"},{"taxonomy":"post_tag","embeddable":true,"href":"https:\/\/www.europesays.com\/fr\/wp-json\/wp\/v2\/tags?post=510736"}],"curies":[{"name":"wp","href":"https:\/\/api.w.org\/{rel}","templated":true}]}}