{"id":510738,"date":"2025-11-04T08:40:12","date_gmt":"2025-11-04T08:40:12","guid":{"rendered":"https:\/\/www.europesays.com\/fr\/510738\/"},"modified":"2025-11-04T08:40:12","modified_gmt":"2025-11-04T08:40:12","slug":"un-immense-honneur-jonathan-bailey-sacre-homme-le-plus-sexy-du-monde-2025-par-le-magazine-people","status":"publish","type":"post","link":"https:\/\/www.europesays.com\/fr\/510738\/","title":{"rendered":"\u00ab\u00a0Un immense honneur\u00a0\u00bb\u00a0: Jonathan Bailey sacr\u00e9 homme le plus sexy du monde 2025 par le magazine People"},"content":{"rendered":"<p class=\"paragraph text_align_left lp-f-body-02\">C\u2019est une premi\u00e8re pour un acteur ouvertement gay. Jonathan Bailey a \u00e9t\u00e9 sacr\u00e9 l\u2019homme le plus sexy de l\u2019ann\u00e9e 2025 par le magazine People. L\u2019acteur britannique de 37 ans, connu pour son r\u00f4le d\u2019Anthony Bridgerton dans la s\u00e9rie Netflix <a href=\"https:\/\/www.leparisien.fr\/culture-loisirs\/series\/la-chronique-des-bridgerton-sur-netflix-le-jeu-des-7-differences-entre-la-saison-3-et-les-livres-13-06-2024-DCGRGZLYDFHP5MCK6FKSQLNXTU.php\" target=\"_self\" rel=\"nofollow noopener\">\u00ab La Chronique des Bridgerton \u00bb<\/a> et du Prince Fiyero dans <a href=\"https:\/\/www.leparisien.fr\/culture-loisirs\/cinema\/wicked-cette-comedie-musicale-avec-ariana-grande-nous-rend-vert-de-rage-04-12-2024-DP4CRSH6SFCFLC2E4MJAVC3TZM.php\" target=\"_self\" rel=\"nofollow noopener\">\u00ab Wicked \u00bb<\/a>, succ\u00e8de aux acteurs am\u00e9ricains John Krasinki, alias Jim Halpert dans \u00ab The Office \u00bb, et Patrick Dempsey, l\u2019interpr\u00e8te de Derek Sheperd dans \u00ab Grey\u2019s Anatomy \u00bb.<\/p>\n<p class=\"paragraph text_align_left lp-f-body-02\">L\u2019annonce du sacre a \u00e9t\u00e9 faite lundi soir dans l\u2019\u00e9mission \u00ab The Tonight Show \u00bb de Jimmy Fallon. \u00ab C\u2019est un immense honneur \u00bb, a r\u00e9agi l\u2019acteur.<\/p>\n<p class=\"paragraph text_align_left lp-f-body-02\">People a d\u00e9j\u00e0 publi\u00e9 deux Une de l\u2019acteur, dont une avec son chien Benson, le seul \u00e0 \u00eatre dans la confidence avant lundi. \u00ab J\u2019ai vraiment h\u00e2te que mes amis et ma famille le d\u00e9couvrent \u00bb, confiait-il au magazine. \u00ab Derri\u00e8re l\u2019image de l\u2019homme sexy se cachent d\u2019autres v\u00e9rit\u00e9s qu\u2019ils connaissent et dont ils ont \u00e9t\u00e9 t\u00e9moins. Ils connaissent les secrets. \u00bb<\/p>\n<p>\u00ab Le physique n\u2019est pas le seul crit\u00e8re \u00bb<\/p>\n<p class=\"paragraph text_align_left lp-f-body-02\">Jonathan Bailey, \u00e9lev\u00e9 dans la campagne d\u2019Oxfordshire avec ses trois s\u0153urs, raconte avoir voulu \u00eatre acteur depuis l\u2019\u00e2ge de 5 ans. \u00c0 7 ans, il jouait d\u00e9j\u00e0 dans la Royal Shakespeare Company de Londres. Une pr\u00e9cocit\u00e9 qui ne l\u2019a pas rendu toujours tr\u00e8s confiant pour autant.<\/p>\n<p class=\"paragraph text_align_left lp-f-body-02\">\u00ab Je me sens souvent mal \u00e0 l\u2019aise. J\u2019ai l\u2019impression que cet \u00e9tat me suivra toute ma vie \u00bb, explique-t-il \u00e0 <a href=\"https:\/\/people.com\/jonathan-bailey-is-sexiest-man-alive-2025-11842000\" target=\"_self\" rel=\"nofollow noopener\">People<\/a>.<\/p>\n<p class=\"paragraph text_align_left lp-f-body-02\">Le titre d\u2019homme le plus sexy de l\u2019ann\u00e9e est quasiment toujours d\u00e9cern\u00e9 \u00e0 un acteur, mais \u00ab le physique n\u2019est pas le seul crit\u00e8re d\u2019\u00e9valuation des candidats \u00bb, rappelle <a href=\"https:\/\/edition.cnn.com\/2025\/11\/03\/entertainment\/jonathan-bailey-sexiest-man-alive-people\" target=\"_self\" rel=\"nofollow noopener\">CNN<\/a>. Michael B. Jordan a notamment re\u00e7u le titre supr\u00eame en 2020 en raison de son engagement politique. Il avait manifest\u00e9 aux c\u00f4t\u00e9s des militants du mouvement<a href=\"https:\/\/www.leparisien.fr\/societe\/mort-de-george-floyd-cinq-questions-sur-black-lives-matter-mouvement-militant-antiraciste-05-06-2020-8330310.php\" target=\"_self\" rel=\"nofollow noopener\"> \u00ab Black Lives Matter \u00bb<\/a> aux \u00c9tats-Unis.<\/p>\n","protected":false},"excerpt":{"rendered":"C\u2019est une premi\u00e8re pour un acteur ouvertement gay. Jonathan Bailey a \u00e9t\u00e9 sacr\u00e9 l\u2019homme le plus sexy de&hellip;\n","protected":false},"author":2,"featured_media":510739,"comment_status":"","ping_status":"","sticky":false,"template":"","format":"standard","meta":{"footnotes":""},"categories":[1359],"tags":[650,872,58,59,1011,27,973],"class_list":{"0":"post-510738","1":"post","2":"type-post","3":"status-publish","4":"format-standard","5":"has-post-thumbnail","7":"category-people","8":"tag-cinema","9":"tag-culture-et-loisirs","10":"tag-divertissement","11":"tag-entertainment","12":"tag-fr","13":"tag-france","14":"tag-people"},"share_on_mastodon":{"url":"https:\/\/pubeurope.com\/@fr\/115490535736817625","error":""},"_links":{"self":[{"href":"https:\/\/www.europesays.com\/fr\/wp-json\/wp\/v2\/posts\/510738","targetHints":{"allow":["GET"]}}],"collection":[{"href":"https:\/\/www.europesays.com\/fr\/wp-json\/wp\/v2\/posts"}],"about":[{"href":"https:\/\/www.europesays.com\/fr\/wp-json\/wp\/v2\/types\/post"}],"author":[{"embeddable":true,"href":"https:\/\/www.europesays.com\/fr\/wp-json\/wp\/v2\/users\/2"}],"replies":[{"embeddable":true,"href":"https:\/\/www.europesays.com\/fr\/wp-json\/wp\/v2\/comments?post=510738"}],"version-history":[{"count":0,"href":"https:\/\/www.europesays.com\/fr\/wp-json\/wp\/v2\/posts\/510738\/revisions"}],"wp:featuredmedia":[{"embeddable":true,"href":"https:\/\/www.europesays.com\/fr\/wp-json\/wp\/v2\/media\/510739"}],"wp:attachment":[{"href":"https:\/\/www.europesays.com\/fr\/wp-json\/wp\/v2\/media?parent=510738"}],"wp:term":[{"taxonomy":"category","embeddable":true,"href":"https:\/\/www.europesays.com\/fr\/wp-json\/wp\/v2\/categories?post=510738"},{"taxonomy":"post_tag","embeddable":true,"href":"https:\/\/www.europesays.com\/fr\/wp-json\/wp\/v2\/tags?post=510738"}],"curies":[{"name":"wp","href":"https:\/\/api.w.org\/{rel}","templated":true}]}}