{"id":510740,"date":"2025-11-04T08:41:15","date_gmt":"2025-11-04T08:41:15","guid":{"rendered":"https:\/\/www.europesays.com\/fr\/510740\/"},"modified":"2025-11-04T08:41:15","modified_gmt":"2025-11-04T08:41:15","slug":"lautomne-vu-par-les-photographes-du-dauphine-libere","status":"publish","type":"post","link":"https:\/\/www.europesays.com\/fr\/510740\/","title":{"rendered":"l&rsquo;automne vu par les photographes du Dauphin\u00e9 Lib\u00e9r\u00e9"},"content":{"rendered":"<p>La saison d&rsquo;automne plonge les paysages des Pays de Savoie dans une atmosph\u00e8re hors du temps. Du massif du mont Blanc \u00e0 la Maurienne, en passant par Annecy et les rives du L\u00e9man en Suisse, les photoreporters du Dauphin\u00e9 Lib\u00e9r\u00e9 Greg Yetchmeniza, Louise Raymond et Tom Pham Van Suu ont sillonn\u00e9 les pays de Savoie ces derni\u00e8res semaines. Voici leurs impressions glan\u00e9es entre deux reportages d&rsquo;actualit\u00e9.<\/p>\n","protected":false},"excerpt":{"rendered":"La saison d&rsquo;automne plonge les paysages des Pays de Savoie dans une atmosph\u00e8re hors du temps. Du massif&hellip;\n","protected":false},"author":2,"featured_media":510741,"comment_status":"","ping_status":"","sticky":false,"template":"","format":"standard","meta":{"footnotes":""},"categories":[1358],"tags":[1348,1384,1385,7782,1687,1386,58,3856,7001,4637,9543,7003,59,13717,1011,27,2797,5325,2798,4638,5508],"class_list":{"0":"post-510740","1":"post","2":"type-post","3":"status-publish","4":"format-standard","5":"has-post-thumbnail","7":"category-arts-et-design","8":"tag-arts","9":"tag-arts-and-design","10":"tag-arts-et-design","11":"tag-balades-et-randonnees","12":"tag-culture-loisirs","13":"tag-design","14":"tag-divertissement","15":"tag-edition-annecy-rumilly-les-aravis","16":"tag-edition-chambery-aix-les-bains","17":"tag-edition-grand-geneve-chablais-ain","18":"tag-edition-mont-blanc-arve","19":"tag-edition-tarentaise-maurienne","20":"tag-entertainment","21":"tag-format","22":"tag-fr","23":"tag-france","24":"tag-galerie-loisirs","25":"tag-galerie-media","26":"tag-galerie-photo","27":"tag-haute-savoie","28":"tag-savoie"},"share_on_mastodon":{"url":"https:\/\/pubeurope.com\/@fr\/115490539624640127","error":""},"_links":{"self":[{"href":"https:\/\/www.europesays.com\/fr\/wp-json\/wp\/v2\/posts\/510740","targetHints":{"allow":["GET"]}}],"collection":[{"href":"https:\/\/www.europesays.com\/fr\/wp-json\/wp\/v2\/posts"}],"about":[{"href":"https:\/\/www.europesays.com\/fr\/wp-json\/wp\/v2\/types\/post"}],"author":[{"embeddable":true,"href":"https:\/\/www.europesays.com\/fr\/wp-json\/wp\/v2\/users\/2"}],"replies":[{"embeddable":true,"href":"https:\/\/www.europesays.com\/fr\/wp-json\/wp\/v2\/comments?post=510740"}],"version-history":[{"count":0,"href":"https:\/\/www.europesays.com\/fr\/wp-json\/wp\/v2\/posts\/510740\/revisions"}],"wp:featuredmedia":[{"embeddable":true,"href":"https:\/\/www.europesays.com\/fr\/wp-json\/wp\/v2\/media\/510741"}],"wp:attachment":[{"href":"https:\/\/www.europesays.com\/fr\/wp-json\/wp\/v2\/media?parent=510740"}],"wp:term":[{"taxonomy":"category","embeddable":true,"href":"https:\/\/www.europesays.com\/fr\/wp-json\/wp\/v2\/categories?post=510740"},{"taxonomy":"post_tag","embeddable":true,"href":"https:\/\/www.europesays.com\/fr\/wp-json\/wp\/v2\/tags?post=510740"}],"curies":[{"name":"wp","href":"https:\/\/api.w.org\/{rel}","templated":true}]}}