{"id":510745,"date":"2025-11-04T08:45:19","date_gmt":"2025-11-04T08:45:19","guid":{"rendered":"https:\/\/www.europesays.com\/fr\/510745\/"},"modified":"2025-11-04T08:45:19","modified_gmt":"2025-11-04T08:45:19","slug":"en-2001-lavant-premiere-du-film-harry-potter-a-lecole-des-sorciers","status":"publish","type":"post","link":"https:\/\/www.europesays.com\/fr\/510745\/","title":{"rendered":"En 2001, l\u2019avant-premi\u00e8re du film \u00ab\u00a0Harry Potter \u00e0 l\u2019\u00e9cole des sorciers\u00a0\u00bb"},"content":{"rendered":"<p>Le 4\u00a0novembre 2001, l\u2019avant-premi\u00e8re mondiale de \u00ab\u00a0<a href=\"https:\/\/www.sudouest.fr\/culture\/harry-potter-a-l-ecole-des-sorciers-20-ans-apres-retour-sur-les-debuts-au-cinema-de-cette-saga-culte-7235588.php\" target=\"_blank\" rel=\"follow nofollow noopener\">Harry Potter \u00e0 l\u2019\u00e9cole des sorciers<\/a>\u00a0\u00bb \u00e0 l\u2019Odeon Leicester Square \u00e0 Londres fut un \u00e9v\u00e9nement magique. Des milliers de fans, souvent v\u00eatus de capes et de chapeaux de sorciers, se sont d\u00e9plac\u00e9s pour apercevoir les jeunes stars, Daniel Radcliffe (Harry Potter), Rupert Grint (Ron Weasley) et <a href=\"https:\/\/www.sudouest.fr\/culture\/cinema\/l-actrice-emma-watson-se-retire-du-monde-du-cinema-a-seulement-30-ans-1433262.php\" target=\"_blank\" rel=\"follow nofollow noopener\">Emma Watson<\/a> (Hermione Granger), ainsi que l\u2019auteure J.K. Rowling. Le cin\u00e9ma, transform\u00e9 \u00e0 l\u2019effigie de l\u2019\u00e9cole de Poudlard pour l\u2019occasion, a accueilli un parterre de c\u00e9l\u00e9brit\u00e9s venues c\u00e9l\u00e9brer le d\u00e9but d\u2019un ph\u00e9nom\u00e8ne cin\u00e9matographique.<\/p>\n<p>Le film retrace la premi\u00e8re ann\u00e9e \u00e0 l\u2019\u00e9cole des sorciers d\u2019Harry Potter, un jeune orphelin qui d\u00e9couvre le jour de ses 11\u00a0ans qu\u2019il est un sorcier. \u00c9chappant \u00e0 ses parents adoptifs, il int\u00e8gre la prestigieuse \u00e9cole de Poudlard. Il s\u2019y fait des amis fid\u00e8les, Ron et Hermione, et d\u00e9couvre les secrets de son pass\u00e9 tout en enqu\u00eatant sur un myst\u00e9rieux objet cach\u00e9 dans l\u2019\u00e9cole\u00a0: la Pierre Philosophale.<\/p>\n<p>\u00c0 la Une de \u00ab\u00a0Sud Ouest\u00a0\u00bb du 4\u00a0novembre 1957<\/p>\n<p>        <img decoding=\"async\" id=\"26521714\" src=\"https:\/\/www.europesays.com\/fr\/wp-content\/uploads\/2025\/11\/sudouest-04111957-p1.jpg\" alt=\"En 1957, les Sovi\u00e9tiques lancent dans l\u2019espace la\u00a0petite chienne La\u00efka\u00a0\u00e0 bord de\u00a0Spoutnik II.\" itemprop=\"contentURL\"\/><\/p>\n<p>    En 1957, les Sovi\u00e9tiques lancent dans l\u2019espace la\u00a0petite chienne La\u00efka\u00a0\u00e0 bord de\u00a0Spoutnik II.<\/p>\n<p>Archives \u00ab\u00a0Sud Ouest\u00a0\u00bb<\/p>\n<p><strong>Pour retrouver et visualiser les articles PDF de \u00ab\u00a0Sud Ouest\u00a0\u00bb\u00a0:<\/strong> <a href=\"https:\/\/archives.sudouest.fr\/\" target=\"_blank\" rel=\"nofollow noopener\">cliquez ici<\/a>.<\/p>\n<p>Dans le calendrier<\/p>\n<p><strong>Saint-Charles Borrom\u00e9e<\/strong>, neveu du pape Pie IV au XVIe\u00a0si\u00e8cle, fut nomm\u00e9 cardinal \u00e0 22\u00a0ans avec des revenus consid\u00e9rables qu\u2019il abandonna plus tard pour devenir pr\u00eatre et vivre en saint. <strong>Les Charles sont intelligents et g\u00e9n\u00e9reux. Leur couleur\u00a0:<\/strong> le rouge.<strong>\u00a0Leur chiffre\u00a0:<\/strong> le 3. <strong>Le dicton du jour<\/strong> \u00ab\u00a0\u00c0 Saint-Charles, la gel\u00e9e parle.\u00a0\u00bb<\/p>\n<p>\u00c7a s\u2019est pass\u00e9 un 4\u00a0novembre<\/p>\n<p><strong>1737 <\/strong>Inauguration du Teatro San Carlos \u00e0 Naples <strong>1783 <\/strong>Cr\u00e9ation de la Symphonie n\u00b036 de Mozart. <strong>1982<\/strong>\u00a0Mort du cin\u00e9aste fran\u00e7ais\u00a0Jacques Tati. <strong>1983 <\/strong><a href=\"https:\/\/www.sudouest.fr\/archives\/video-il-y-a-quarante-ans-quand-francois-mitterrand-inaugurait-la-maison-de-la-culture-a-la-rochelle-17315216.php\" target=\"_blank\" rel=\"follow nofollow noopener\">Le pr\u00e9sident de la R\u00e9publique, Fran\u00e7ois Mitterrand vient inaugurer la Maison de la culture \u00e0 La\u00a0Rochelle (17) aux c\u00f4t\u00e9s de Michel Cr\u00e9peau<\/a>. <strong>2006 <\/strong><a href=\"https:\/\/www.sudouest.fr\/lot-et-garonne\/agen\/lot-et-garonne-cet-agenais-qui-a-battu-le-record-du-monde-de-nage-en-piscine-en-2006-12775136.php\" target=\"_blank\" rel=\"follow nofollow noopener\">Pierre Saucaz-Laram\u00e9 bat, en 16\u00a0heures et 2 minutes, le record du monde de nage en piscine<\/a>, sans palme, ni combinaison et sans sortir du bassin \u00e0 Agen. <strong>2008<\/strong>\u00a0\u00c9lection de Barack Obama, premier pr\u00e9sident noir des \u00c9tats-Unis.<\/p>\n<p><strong>2011<\/strong> \u00ab\u00a0Retour sur terre\u00a0\u00bb de six volontaires, russes, europ\u00e9ens et chinois, enferm\u00e9s pendant pr\u00e8s d\u2019un an et demi dans une r\u00e9plique de vaisseau spatial pour\u00a0simuler un voyage sur Mars.\u00a0<strong>2016 <\/strong>Premier attentat revendiqu\u00e9 par l\u2019\u00c9tat islamique en Turquie. <strong>2018<\/strong>\u00a0La Nouvelle-Cal\u00e9donie choisit de rester fran\u00e7aise &#8211; le non \u00e0 l\u2019ind\u00e9pendance l\u2019emporte avec 56\u00a0% des voix lors d\u2019un premier r\u00e9f\u00e9rendum d\u2019autod\u00e9termination. <strong>2019 <\/strong><a href=\"https:\/\/www.sudouest.fr\/justice\/oloron-sainte-marie-le-casse-choc-pour-derober-le-tresor-de-la-cathedrale-2428291.php\" target=\"_blank\" rel=\"follow nofollow noopener\">Un impressionnant cambriolage se d\u00e9roule dans la cath\u00e9drale Sainte Marie \u00e0 Oloron-Sainte-Marie<\/a>. Une porte est d\u00e9fonc\u00e9e \u00e0 la voiture b\u00e9lier et des pi\u00e8ces inestimables disparaissent.<\/p>\n<p>Ils sont n\u00e9s un 4\u00a0novembre<\/p>\n<p>Marl\u00e8ne Jobert, actrice fran\u00e7aise (1940). Magyd Cherfi, musicien et \u00e9crivain fran\u00e7ais, membre du groupe\u00a0Zebda (1962). <a href=\"https:\/\/www.sudouest.fr\/culture\/programmes-tv\/television-c-est-canteloup-fete-ses-10-ans-6158672.php\" target=\"_blank\" rel=\"follow nofollow noopener\">Nicolas Canteloup<\/a>, humoriste fran\u00e7ais (1963). Lu\u00eds Figo, footballeur portugais (1972).<\/p>\n","protected":false},"excerpt":{"rendered":"Le 4\u00a0novembre 2001, l\u2019avant-premi\u00e8re mondiale de \u00ab\u00a0Harry Potter \u00e0 l\u2019\u00e9cole des sorciers\u00a0\u00bb \u00e0 l\u2019Odeon Leicester Square \u00e0 Londres&hellip;\n","protected":false},"author":2,"featured_media":510746,"comment_status":"","ping_status":"","sticky":false,"template":"","format":"standard","meta":{"footnotes":""},"categories":[1354],"tags":[58,59,1346,1011,27,1360],"class_list":{"0":"post-510745","1":"post","2":"type-post","3":"status-publish","4":"format-standard","5":"has-post-thumbnail","7":"category-films","8":"tag-divertissement","9":"tag-entertainment","10":"tag-films","11":"tag-fr","12":"tag-france","13":"tag-movies"},"share_on_mastodon":{"url":"https:\/\/pubeurope.com\/@fr\/115490556140488422","error":""},"_links":{"self":[{"href":"https:\/\/www.europesays.com\/fr\/wp-json\/wp\/v2\/posts\/510745","targetHints":{"allow":["GET"]}}],"collection":[{"href":"https:\/\/www.europesays.com\/fr\/wp-json\/wp\/v2\/posts"}],"about":[{"href":"https:\/\/www.europesays.com\/fr\/wp-json\/wp\/v2\/types\/post"}],"author":[{"embeddable":true,"href":"https:\/\/www.europesays.com\/fr\/wp-json\/wp\/v2\/users\/2"}],"replies":[{"embeddable":true,"href":"https:\/\/www.europesays.com\/fr\/wp-json\/wp\/v2\/comments?post=510745"}],"version-history":[{"count":0,"href":"https:\/\/www.europesays.com\/fr\/wp-json\/wp\/v2\/posts\/510745\/revisions"}],"wp:featuredmedia":[{"embeddable":true,"href":"https:\/\/www.europesays.com\/fr\/wp-json\/wp\/v2\/media\/510746"}],"wp:attachment":[{"href":"https:\/\/www.europesays.com\/fr\/wp-json\/wp\/v2\/media?parent=510745"}],"wp:term":[{"taxonomy":"category","embeddable":true,"href":"https:\/\/www.europesays.com\/fr\/wp-json\/wp\/v2\/categories?post=510745"},{"taxonomy":"post_tag","embeddable":true,"href":"https:\/\/www.europesays.com\/fr\/wp-json\/wp\/v2\/tags?post=510745"}],"curies":[{"name":"wp","href":"https:\/\/api.w.org\/{rel}","templated":true}]}}