{"id":510747,"date":"2025-11-04T08:46:12","date_gmt":"2025-11-04T08:46:12","guid":{"rendered":"https:\/\/www.europesays.com\/fr\/510747\/"},"modified":"2025-11-04T08:46:12","modified_gmt":"2025-11-04T08:46:12","slug":"les-chercheurs-decouvrent-un-lien-insoupconne-entre-les-siestes-et-le-risque-de-demence","status":"publish","type":"post","link":"https:\/\/www.europesays.com\/fr\/510747\/","title":{"rendered":"Les chercheurs d\u00e9couvrent un lien insoup\u00e7onn\u00e9 entre les siestes et le risque de d\u00e9mence"},"content":{"rendered":"<p>La d\u00e9mence recouvre plusieurs maladies affectant la m\u00e9moire, la pens\u00e9e et la capacit\u00e9 \u00e0 r\u00e9aliser des t\u00e2ches quotidiennes, dont la plus fr\u00e9quente est la <a href=\"https:\/\/www.futura-sciences.com\/sante\/questions-reponses\/maladie-alzheimer-alzheimer-demence-sont-differences-19578\/\" title=\"Alzheimer et d\u00e9mence : quelles sont les diff\u00e9rences ?\" target=\"_blank\" rel=\"noopener\">maladie d\u2019Alzheimer<\/a> (60 \u00e0 70\u202f% des cas).<\/p>\n<p>Les sympt\u00f4mes\u00a0: oublis, perte d&rsquo;objets, d\u00e9sorientation, perte de la notion de temps, difficult\u00e9s \u00e0 prendre des d\u00e9cisions, \u00e0 converser ou \u00e0 r\u00e9aliser des t\u00e2ches habituelles qui peuvent progressivement mener \u00e0 une perte d&rsquo;<a href=\"https:\/\/www.futura-sciences.com\/tech\/definitions\/technologie-autonomie-18346\/\" target=\"_blank\" rel=\"noopener\">autonomie<\/a>. Ces signes s&rsquo;accompagnent souvent d&rsquo;anxi\u00e9t\u00e9 et d&rsquo;un manque d&rsquo;int\u00e9r\u00eat pour les \u00e9motions des autres.<\/p>\n<p>Les liens entre sommeil et d\u00e9mence encore mal connus<\/p>\n<p>Outre l&rsquo;\u00e2ge (la d\u00e9mence est plus fr\u00e9quente apr\u00e8s 65 ans), on sait que <a href=\"https:\/\/www.futura-sciences.com\/sante\/actualites\/demence-sedentarite-prolongee-augmenterait-risque-demence-chez-personnes-agees-107696\/\" title=\"La s\u00e9dentarit\u00e9 prolong\u00e9e augmenterait le risque de d\u00e9mence chez les personnes \u00e2g\u00e9es\" target=\"_blank\" rel=\"noopener\">la s\u00e9dentarit\u00e9<\/a>, la surcharge pond\u00e9rale, la perte d&rsquo;audition, l&rsquo;isolement social, le tabac et l&rsquo;<a href=\"https:\/\/www.futura-sciences.com\/sciences\/definitions\/chimie-alcool-640\/\" target=\"_blank\" rel=\"noopener\">alcool<\/a>, le diab\u00e8te mal contr\u00f4l\u00e9 sont des facteurs de risque de d\u00e9mence.<\/p>\n<p>Si plusieurs \u00e9tudes montrent que les troubles du sommeil pourraient aussi intervenir, il est aujourd&rsquo;hui difficile de savoir si c&rsquo;est le manque de sommeil ou au contraire l&rsquo;exc\u00e8s qui p\u00e8se le plus dans la balance. Ces incertitudes seraient li\u00e9es au fait que les travaux scientifiques men\u00e9s jusqu&rsquo;\u00e0 aujourd&rsquo;hui sont bas\u00e9s sur les d\u00e9clarations des participants et pas sur une mesure objective du temps de sommeil.<\/p>\n<p class=\"fs-media\">\n<p><img decoding=\"async\" data-imgid=\"full\" src=\"https:\/\/www.europesays.com\/fr\/wp-content\/uploads\/2025\/11\/demence-sante-cerveau.jpeg\" width=\"1080\" height=\"720\" alt=\"\" loading=\"lazy\"\/><br \/>\nLes habitudes de sommeil pourraient servir de marqueur pr\u00e9coce du risque de d\u00e9mence. \u00a9 Robert Kneschke, Adobe Stock<\/p>\n<p>Mesurer l\u2019\u00e9volution du sommeil au cours du vieillissement<\/p>\n<p>Pour tenter d&rsquo;apporter de nouveaux \u00e9l\u00e9ments de r\u00e9ponse, une \u00e9quipe de chercheurs de l&rsquo;Universit\u00e9 de Californie \u00e0 San Francisco a recrut\u00e9 733 femmes \u00e2g\u00e9es de 82 ans en moyenne et qui ne souffraient d&rsquo;aucun <a href=\"https:\/\/www.futura-sciences.com\/sante\/actualites\/vieillissement-retraite-favorise-t-elle-declin-cognitif-102818\/\" title=\"La retraite favorise-t-elle le d\u00e9clin cognitif ?\" target=\"_blank\" rel=\"noopener\">d\u00e9clin cognitif<\/a>. Durant cinq ann\u00e9es, ils ont mesur\u00e9 l&rsquo;\u00e9volution de leurs habitudes de sommeil pour d\u00e9terminer si elles \u00e9taient li\u00e9es \u00e0 l&rsquo;apparition d&rsquo;une d\u00e9mence.<\/p>\n<p>Au d\u00e9but de l&rsquo;\u00e9tude et cinq\u00a0ans plus tard, les volontaires ont \u00e9t\u00e9 \u00e9quip\u00e9es pendant trois\u00a0jours d&rsquo;un actigraphe, un appareil fix\u00e9 sur le poignet qui mesure les <a href=\"https:\/\/www.futura-sciences.com\/sciences\/definitions\/physique-mouvement-316\/\" target=\"_blank\" rel=\"noopener\">mouvements<\/a> du corps et qui permet de d\u00e9terminer la <a href=\"https:\/\/www.futura-sciences.com\/sciences\/definitions\/physique-duree-14966\/\" target=\"_blank\" rel=\"noopener\">dur\u00e9e<\/a> du sommeil <a href=\"https:\/\/www.futura-sciences.com\/planete\/definitions\/zoologie-nocturne-6741\/\" target=\"_blank\" rel=\"noopener\">nocturne<\/a>, des siestes, des cycles de veille-sommeil ainsi que les sch\u00e9mas de rythme repos\/activit\u00e9. Chacune des volontaires devait \u00e9galement remplir un journal de sommeil.<\/p>\n<p>\u00c0 l&rsquo;issue des cinq ans, les chercheurs ont calcul\u00e9 que la dur\u00e9e des siestes avait augment\u00e9 de 33,1 minutes en moyenne et le temps total de sommeil de 18,7 minutes. L&rsquo;efficacit\u00e9 du sommeil avait en revanche diminu\u00e9 de 6\u202f%. Par ailleurs, 44\u202f% des femmes avaient gard\u00e9 des habitudes de sommeil stables et 21,3\u202f% avaient connu \u00ab une forte augmentation de la dur\u00e9e et de la qualit\u00e9 du sommeil <a href=\"https:\/\/www.futura-sciences.com\/planete\/definitions\/zoologie-diurne-6743\/\" target=\"_blank\" rel=\"noopener\">diurne<\/a> et nocturne \u00bb.<\/p>\n<p>Deux fois plus de risque de d\u00e9mence quand la somnolence s\u2019accro\u00eet<\/p>\n<p>Sur la base de tests neuropsychologiques et d&rsquo;analyse des dossiers m\u00e9dicaux, les scientifiques ont \u00e9galement calcul\u00e9 que 22,4\u202f% des volontaires avaient d\u00e9velopp\u00e9 un <a href=\"https:\/\/www.futura-sciences.com\/sante\/definitions\/medecine-trouble-cognitif-leger-12740\/\" target=\"_blank\" rel=\"noopener\">trouble cognitif l\u00e9ger<\/a> (TCL) et 12,7\u202f% une d\u00e9mence.<\/p>\n<p>Les r\u00e9sultats, publi\u00e9s dans la revue <a href=\"https:\/\/www.neurology.org\/doi\/10.1212\/WNL.0000000000213403\" title=\"Five-Year Changes in 24-Hour Sleep-Wake Activity and Dementia Risk in Oldest Old Women\" target=\"_blank\" rel=\"noopener\">Neurology<\/a>, indiquent que les femmes qui pendant la journ\u00e9e avaient une <a href=\"https:\/\/www.futura-sciences.com\/sante\/actualites\/medecine-somnolence-francais-cinq-manque-sommeil-28876\/\" title=\"Somnolence : un Fran\u00e7ais sur cinq manque de sommeil\" target=\"_blank\" rel=\"noopener\">somnolence<\/a> accrue, notamment qui faisaient des siestes plus longues et plus fr\u00e9quentes, avaient pr\u00e8s de deux fois plus de risques de souffrir de d\u00e9mence que celles dont les habitudes de sommeil \u00e9taient rest\u00e9es stables. La diminution du temps de \u00ab\u00a0sommeil de qualit\u00e9\u00a0\u00bb (pass\u00e9 \u00e0 r\u00e9ellement dormir) et l&rsquo;augmentation de la dur\u00e9e des <a href=\"https:\/\/www.futura-sciences.com\/sante\/definitions\/sommeil-insomnie-15232\/\" target=\"_blank\" rel=\"noopener\">insomnies<\/a> \u00e9taient \u00e9galement li\u00e9es \u00e0 une augmentation du risque de d\u00e9mence.<\/p>\n<p>Vers une meilleure prise en charge de la d\u00e9mence<\/p>\n<p>Ces r\u00e9sultats ne permettent pas de trancher la question de savoir si les probl\u00e8mes de sommeil favorisent la d\u00e9mence ou si c&rsquo;est la d\u00e9mence qui favorise les probl\u00e8mes de sommeil. En revanche, ils indiquent que la mesure sur 24\u00a0heures de l&rsquo;activit\u00e9 veille-sommeil est un moyen simple d&rsquo;\u00e9valuer le risque de d\u00e9mence d&rsquo;une personne. Ce crit\u00e8re pourrait aussi servir de marqueur pr\u00e9coce permettant la mise en place d&rsquo;une prise en charge de meilleure qualit\u00e9.<\/p>\n<p>Car la <a href=\"https:\/\/www.futura-sciences.com\/sante\/actualites\/demence-risque-demence-diminue-chez-seniors-utilisent-souvent-internet-105198\/\" title=\"Le risque de d\u00e9mence diminue chez les seniors qui utilisent souvent Internet\" target=\"_blank\" rel=\"noopener\">d\u00e9mence<\/a> est un probl\u00e8me majeur de sant\u00e9 publique. Selon l&rsquo;<a href=\"https:\/\/www.futura-sciences.com\/sante\/definitions\/medecine-oms-4321\/\" target=\"_blank\" rel=\"noopener\">OMS<\/a>, elle touchait 57 millions de personnes en 2021. Chaque ann\u00e9e, 10 millions de nouveaux cas se d\u00e9clarent. C&rsquo;est la septi\u00e8me cause de d\u00e9c\u00e8s et l&rsquo;une des principales causes d&rsquo;invalidit\u00e9 et de d\u00e9pendance chez la personne \u00e2g\u00e9e.<\/p>\n","protected":false},"excerpt":{"rendered":"La d\u00e9mence recouvre plusieurs maladies affectant la m\u00e9moire, la pens\u00e9e et la capacit\u00e9 \u00e0 r\u00e9aliser des t\u00e2ches quotidiennes,&hellip;\n","protected":false},"author":2,"featured_media":510748,"comment_status":"","ping_status":"","sticky":false,"template":"","format":"standard","meta":{"footnotes":""},"categories":[10],"tags":[772,63207,47961,60684,281,289,1011,27,72,4982,71,279,12967,282],"class_list":{"0":"post-510747","1":"post","2":"type-post","3":"status-publish","4":"format-standard","5":"has-post-thumbnail","7":"category-sante","8":"tag-alzheimer","9":"tag-analyse-du-sommeil","10":"tag-bien-dormir","11":"tag-declin-cognitif-du-a-lage","12":"tag-demence","13":"tag-dormir","14":"tag-fr","15":"tag-france","16":"tag-health","17":"tag-insomnie","18":"tag-sante","19":"tag-sommeil","20":"tag-troubles-cognitifs","21":"tag-vieillissement"},"share_on_mastodon":{"url":"https:\/\/pubeurope.com\/@fr\/115490559994678497","error":""},"_links":{"self":[{"href":"https:\/\/www.europesays.com\/fr\/wp-json\/wp\/v2\/posts\/510747","targetHints":{"allow":["GET"]}}],"collection":[{"href":"https:\/\/www.europesays.com\/fr\/wp-json\/wp\/v2\/posts"}],"about":[{"href":"https:\/\/www.europesays.com\/fr\/wp-json\/wp\/v2\/types\/post"}],"author":[{"embeddable":true,"href":"https:\/\/www.europesays.com\/fr\/wp-json\/wp\/v2\/users\/2"}],"replies":[{"embeddable":true,"href":"https:\/\/www.europesays.com\/fr\/wp-json\/wp\/v2\/comments?post=510747"}],"version-history":[{"count":0,"href":"https:\/\/www.europesays.com\/fr\/wp-json\/wp\/v2\/posts\/510747\/revisions"}],"wp:featuredmedia":[{"embeddable":true,"href":"https:\/\/www.europesays.com\/fr\/wp-json\/wp\/v2\/media\/510748"}],"wp:attachment":[{"href":"https:\/\/www.europesays.com\/fr\/wp-json\/wp\/v2\/media?parent=510747"}],"wp:term":[{"taxonomy":"category","embeddable":true,"href":"https:\/\/www.europesays.com\/fr\/wp-json\/wp\/v2\/categories?post=510747"},{"taxonomy":"post_tag","embeddable":true,"href":"https:\/\/www.europesays.com\/fr\/wp-json\/wp\/v2\/tags?post=510747"}],"curies":[{"name":"wp","href":"https:\/\/api.w.org\/{rel}","templated":true}]}}