{"id":51075,"date":"2025-04-25T06:21:08","date_gmt":"2025-04-25T06:21:08","guid":{"rendered":"https:\/\/www.europesays.com\/fr\/51075\/"},"modified":"2025-04-25T06:21:08","modified_gmt":"2025-04-25T06:21:08","slug":"on-na-rien-en-commun-chantal-goya-cash-sur-jean-jacques-debout-son-mari-depuis-60-ans","status":"publish","type":"post","link":"https:\/\/www.europesays.com\/fr\/51075\/","title":{"rendered":"\u00ab\u00a0On n&rsquo;a rien en commun\u2026\u00a0\u00bb : Chantal Goya cash sur Jean-Jacques Debout, son mari depuis 60 ans"},"content":{"rendered":"<p>Figure embl\u00e9matique de la chanson fran\u00e7aise pour enfants, <a href=\"https:\/\/www.public.fr\/exclu-public-je-travaillerai-toujours-chantal-goya-revele-toucher-600-euros-de-retraite\" target=\"_blank\" rel=\"noopener\">Chantal Goya<\/a> s&rsquo;appr\u00eate \u00e0 c\u00e9l\u00e9brer ses 50 ans de carri\u00e8re avec une tourn\u00e9e exceptionnelle intitul\u00e9e 50 ans d&rsquo;amour.<\/p>\n<p>Cette s\u00e9rie de concerts, qui devrait d\u00e9buter au Palais des Congr\u00e8s de Paris le 25 mai prochain, rendra hommage \u00e0 son univers f\u00e9erique incarn\u00e9 par le personnage de Marie-Rose.<\/p>\n<p>Chantal Goya et Jean-Jacques Debout : un mariage qui dure<\/p>\n<p>\u00c0 l&rsquo;occasion de cet anniversaire, Chantal Goya \u00e9tait l&rsquo;invit\u00e9e d&rsquo;Anne-\u00c9lisabeth Lemoine sur le plateau de l&rsquo;\u00e9mission <a href=\"https:\/\/x.com\/cavousf5\" target=\"_blank\" rel=\"noreferrer noopener\">C \u00e0 vous<\/a> ce jeudi 24 avril 2025. Un rendez-vous durant lequel la chanteuse a notamment \u00e9voqu\u00e9 sa relation avec <strong><a href=\"https:\/\/www.public.fr\/vicelard-et-degueulasse-39-ans-apres-le-jeu-de-la-verite-jean-jacques-debout-regle-ses-comptes-avec-patrick-sabatier\" target=\"_blank\" rel=\"noopener\">Jean-Jacques Debout<\/a>, son \u00e9poux depuis pr\u00e8s de 60 ans<\/strong>.<\/p>\n<p>\u00ab\u00a0Chantal, le secret de long\u00e9vit\u00e9 de votre mariage ? C&rsquo;est bient\u00f4t vos noces de diamant je crois, non ?\u00a0\u00bb, lui a demand\u00e9 l&rsquo;animatrice vedette. Une question \u00e0 laquelle l&rsquo;artiste s&rsquo;est empress\u00e9e de r\u00e9pondre : \u00ab\u00a0Ah \u00e9coutez&#8230;On oublie toujours de f\u00eater, le 25 f\u00e9vrier, de f\u00eater l&rsquo;anniversaire de mariage. C&rsquo;est les noces de quoi ? Je ne sais pas&#8230;\u00a0\u00bb<\/p>\n<p>Chacun sa chambre <\/p>\n<p>Toujours aussi uni, le couple cultive pourtant quelques jardins secret<strong>s. \u00ab\u00a0On n\u2019a rien en commun ! On n\u2019a pas les m\u00eames go\u00fbts, pas les m\u00eames amis&#8230; Lui vit la nuit et moi il faut que je dorme.<\/strong> Il se l\u00e8ve tr\u00e8s tard.\u00a0Et je ne peux pas dormir \u00e0 c\u00f4t\u00e9 de lui car quand je dors \u00e0 c\u00f4t\u00e9 je me prends Victor Hugo dans le dos, Jean Cocteau dans les hanches, Les Mis\u00e9rables dans la t\u00eate&#8230;Il y a tous les livres ! Il n&rsquo;y a pas de place pour Goya. Il regarde la t\u00e9l\u00e9, il \u00e9coute le jukebox&#8230;\u00a0\u00bb, a confi\u00e9 Chantal Goya. <\/p>\n<p>D&rsquo;autant que m\u00eame lorsque son mari dort, l&rsquo;interpr\u00e8te de Pandi Panda reste sur le qui-vive. \u00ab\u00a0Tout d&rsquo;un coup, il fait\u00a0&lsquo;ah&rsquo;,\u00a0alors vous sursautez et demandez\u00a0&lsquo;qu&rsquo;est-ce qui se passe ?\u00a0\u00bb. Ce \u00e0 quoi le concern\u00e9 r\u00e9pond : \u00ab\u00a0Je veux juste voir si je suis encore vivant !\u00a0\u00bb. <\/p>\n<p>Face \u00e0 cette situation plus que d\u00e9rangeante, Chantal Goya a donc pris une d\u00e9cision radicale : \u00ab\u00a0<strong>Je prends mon oreiller, je m&rsquo;en vais au salon et maintenant j&rsquo;ai ma chambre<\/strong>.\u00a0\u00bb<\/p>\n<blockquote class=\"twitter-tweet\">\n<p>\u2728 \u00ab\u00a0On n\u2019a rien en commun avec mon mari, Jean-Jacques Debout ! Il vit la nuit et moi le jour. Je ne peux pas dormir \u00e0 c\u00f4t\u00e9 de lui parce que je me prends tous ses livres dans la t\u00eate, il regarde la t\u00e9l\u00e9, il \u00e9coute de la musique\u2026\u00a0\u00bb<\/p>\n<p>Les confidences de Chantal Goya dans <a href=\"https:\/\/twitter.com\/hashtag\/C%C3%A0Vous?src=hash&amp;ref_src=twsrc%5Etfw\" target=\"_blank\" rel=\"noopener\">#C\u00e0Vous<\/a> <a href=\"https:\/\/t.co\/X7Wsc5SJzQ\">pic.twitter.com\/X7Wsc5SJzQ<\/a><\/p>\n<p>\u2014 C \u00e0 vous (@cavousf5) <a href=\"https:\/\/twitter.com\/cavousf5\/status\/1915485159836590352?ref_src=twsrc%5Etfw\" target=\"_blank\" rel=\"noopener\">April 24, 2025<\/a><\/p><\/blockquote>\n<p>      Mentionn\u00e9s dans cet article<\/p>\n<p>\u00c0 lire aussi<\/p>\n<p><script async src=\"https:\/\/platform.twitter.com\/widgets.js\" charset=\"utf-8\"><\/script><\/p>\n","protected":false},"excerpt":{"rendered":"Figure embl\u00e9matique de la chanson fran\u00e7aise pour enfants, Chantal Goya s&rsquo;appr\u00eate \u00e0 c\u00e9l\u00e9brer ses 50 ans de carri\u00e8re&hellip;\n","protected":false},"author":2,"featured_media":51076,"comment_status":"","ping_status":"","sticky":false,"template":"","format":"standard","meta":{"footnotes":""},"categories":[1355],"tags":[14397,58,59,1011,27,14398,1361,873],"class_list":{"0":"post-51075","1":"post","2":"type-post","3":"status-publish","4":"format-standard","5":"has-post-thumbnail","7":"category-musique","8":"tag-chantal-goya","9":"tag-divertissement","10":"tag-entertainment","11":"tag-fr","12":"tag-france","13":"tag-jean-jacques-debout","14":"tag-music","15":"tag-musique"},"share_on_mastodon":{"url":"https:\/\/pubeurope.com\/@fr\/114397163284663686","error":""},"_links":{"self":[{"href":"https:\/\/www.europesays.com\/fr\/wp-json\/wp\/v2\/posts\/51075","targetHints":{"allow":["GET"]}}],"collection":[{"href":"https:\/\/www.europesays.com\/fr\/wp-json\/wp\/v2\/posts"}],"about":[{"href":"https:\/\/www.europesays.com\/fr\/wp-json\/wp\/v2\/types\/post"}],"author":[{"embeddable":true,"href":"https:\/\/www.europesays.com\/fr\/wp-json\/wp\/v2\/users\/2"}],"replies":[{"embeddable":true,"href":"https:\/\/www.europesays.com\/fr\/wp-json\/wp\/v2\/comments?post=51075"}],"version-history":[{"count":0,"href":"https:\/\/www.europesays.com\/fr\/wp-json\/wp\/v2\/posts\/51075\/revisions"}],"wp:featuredmedia":[{"embeddable":true,"href":"https:\/\/www.europesays.com\/fr\/wp-json\/wp\/v2\/media\/51076"}],"wp:attachment":[{"href":"https:\/\/www.europesays.com\/fr\/wp-json\/wp\/v2\/media?parent=51075"}],"wp:term":[{"taxonomy":"category","embeddable":true,"href":"https:\/\/www.europesays.com\/fr\/wp-json\/wp\/v2\/categories?post=51075"},{"taxonomy":"post_tag","embeddable":true,"href":"https:\/\/www.europesays.com\/fr\/wp-json\/wp\/v2\/tags?post=51075"}],"curies":[{"name":"wp","href":"https:\/\/api.w.org\/{rel}","templated":true}]}}