{"id":510759,"date":"2025-11-04T08:53:12","date_gmt":"2025-11-04T08:53:12","guid":{"rendered":"https:\/\/www.europesays.com\/fr\/510759\/"},"modified":"2025-11-04T08:53:12","modified_gmt":"2025-11-04T08:53:12","slug":"dahbia-benkired-na-pas-fait-appel-de-sa-condamnation-a-la-perpetuite-incompressible","status":"publish","type":"post","link":"https:\/\/www.europesays.com\/fr\/510759\/","title":{"rendered":"Dahbia Benkired n\u2019a pas fait appel de sa condamnation \u00e0 la perp\u00e9tuit\u00e9 incompressible"},"content":{"rendered":"<p>\n    L\u2019Alg\u00e9rienne de 27 ans ne sera donc pas rejug\u00e9e. Sa condamnation d\u00e9finitive met un point final \u00e0 une affaire criminelle hors normes qui a sid\u00e9r\u00e9 toute la France.<\/p>\n<p class=\"fig-paragraph\"><a href=\"http:\/\/www.lefigaro.fr\/faits-divers\/dahbia-benkired-condamnee-a-la-perpetuite-incompressible-pour-le-meurtre-de-lola-dans-les-coulisses-du-proces-d-un-crime-barbare-20251024\" target=\"_blank\" data-fig-type=\"Article\" rel=\"noopener\" data-gtm-custom-categorie=\"navigation\" data-gtm-custom-action=\"crossclick\" data-gtm-custom-label=\"Contextuel\" data-gtm-event=\"customEventSPE\" data-fig-domain=\"LEFIGARO\">Condamn\u00e9e vendredi 24 octobre \u00e0 la r\u00e9clusion criminelle \u00e0 perp\u00e9tuit\u00e9 incompressible<\/a>\u00a0pour le viol et le meurtre de la petite Lola avec actes de torture et de barbarie, Dahbia Benkired n\u2019a pas interjet\u00e9 appel, a appris Le Figaro ce mardi matin par son avocat, Me Alexandre Valois. La famille de Lola, qui redoutait cet appel, n\u2019aura donc pas \u00e0 vivre un nouveau proc\u00e8s \u00e9prouvant.<\/p>\n<p class=\"fig-paragraph\">\u00abNous sommes soulag\u00e9es de savoir la d\u00e9cision de la cour d\u2019assises d\u00e9finitive. Un autre travail d\u00e9sormais sera celui de Delphine (la m\u00e8re de Lola, NDLR) pour continuer \u00e0 vivre avec les siens\u00bb, r\u00e9agit aupr\u00e8s du Figaro Me Clotilde Lepetit, une des avocates de la famille de Lola.<\/p>\n<p>                                    <a class=\"fig-a11y-skip a11y-hidden\" href=\"#fig-a11y-skip-main-inarticle\"><br \/>\n        Passer la publicit\u00e9<br \/>\n    <\/a><\/p>\n<p class=\"fig-paragraph\">La condamnation de l\u2019Alg\u00e9rienne de 27 ans \u00e0 la perp\u00e9tuit\u00e9 incompressible, assortie d\u2019une interdiction d\u00e9finitive du territoire fran\u00e7ais, est une peine rarissime, la plus lourde pr\u00e9vue par le Code p\u00e9nal, emp\u00eachant tout am\u00e9nagement de peine. Avant le prononc\u00e9 du verdict, le pr\u00e9sident de la cour d\u2019assises avait \u00e9voqu\u00e9 \u00abl\u2019extr\u00eame cruaut\u00e9\u00bb du crime inflig\u00e9 \u00e0 Lola, qualifi\u00e9 par la cour de \u00abv\u00e9ritable supplice\u00bb.<\/p>\n<p class=\"fig-paragraph\">\u00ab\u00c7a m\u2019apaise un peu mais Lola ne reviendra pas&#8230; C\u2019est moi, mon fils et ma famille qui avons pris perp\u00e9tuit\u00e9. \u00c7a nous a soulag\u00e9s que, pour une fois, la justice aille jusqu\u2019au bout et prononce le verdict qu\u2019on attendait. L\u00e0-dessus, je suis contente d\u2019avoir \u00e9t\u00e9 entendue\u00bb,\u00a0<a href=\"http:\/\/www.lefigaro.fr\/faits-divers\/il-y-aura-toujours-des-questions-apres-le-proces-de-dahbia-benkired-la-mere-de-lola-se-confie-au-figaro-20251027\" target=\"_blank\" data-fig-type=\"Article\" rel=\"noopener\" data-gtm-custom-categorie=\"navigation\" data-gtm-custom-action=\"crossclick\" data-gtm-custom-label=\"Contextuel\" data-gtm-event=\"customEventSPE\" data-fig-domain=\"LEFIGARO\">confiait la m\u00e8re de Lola au Figaro<\/a>, apr\u00e8s la condamnation. Elle ajoutait\u00a0: \u00abOn esp\u00e8re qu\u2019elle ne fera pas appel\u00bb.<\/p>\n<p class=\"fig-body-link\">\n            \u00c0 lire aussi<br \/>\n        <a class=\"fig-body-link__link fig-premium-mark\" href=\"http:\/\/www.lefigaro.fr\/faits-divers\/dahbia-benkired-condamnee-a-la-perpetuite-incompressible-pour-le-meurtre-de-lola-dans-les-coulisses-du-proces-d-un-crime-barbare-20251024\" target=\"_blank\" data-fig-type=\"Article\" rel=\"noopener\" data-gtm-custom-categorie=\"navigation\" data-gtm-custom-action=\"crossclick\" data-gtm-custom-label=\"Contextuel\" data-gtm-event=\"customEventSPE\" data-fig-domain=\"LEFIGARO\"><\/p>\n<p>        Dahbia Benkired condamn\u00e9e \u00e0 la perp\u00e9tuit\u00e9 incompressible pour le meurtre de Lola\u00a0: dans les coulisses du proc\u00e8s d\u2019un crime barbare<br \/>\n    <\/a>\n<\/p>\n<p>Un crime barbare<\/p>\n<p class=\"fig-paragraph\">Le jour des faits, le 14 octobre 2022 peu apr\u00e8s 15h, Dahbia Benkired a entra\u00een\u00e9 Lola Daviet, 12 ans, dans le studio de sa s\u0153ur, dans la r\u00e9sidence Manin (Paris 19e), o\u00f9 elle \u00e9tait parfois h\u00e9berg\u00e9e. La fillette, dont les parents \u00e9taient gardiens d\u2019immeuble, vivait dans le m\u00eame b\u00e2timent.<\/p>\n<p class=\"fig-paragraph\">D\u00e9bute alors \u00ab1h37 de supplices qui ont \u00f4t\u00e9 \u00e0 l\u2019enfant son humanit\u00e9\u00bb, selon les mots de l\u2019avocat g\u00e9n\u00e9ral lors du proc\u00e8s. Dahbia Benkired d\u00e9shabille l\u2019enfant, la force \u00e0 prendre une douche, la viole \u00e0 plusieurs reprises puis lui entoure le visage avec du gros scotch gris. La fillette est laiss\u00e9e nue en train d\u2019agoniser dans l\u2019entr\u00e9e de l\u2019appartement. Elle meurt asphyxi\u00e9e pendant que son bourreau \u00e9coute de la musique \u00ab pour ne pas entendre ses tremblements\u00a0\u00bb.<\/p>\n<p class=\"fig-paragraph\">Dahbia Benkired a aussi fait subir \u00e0 Lola des actes de torture et de barbarie avec un couteau et une paire de ciseaux. Trente-huit plaies ont \u00e9t\u00e9 recens\u00e9es sur son corps. Certaines blessures ont \u00e9t\u00e9 inflig\u00e9es alors que la coll\u00e9gienne \u00e9tait encore vivante, selon les expertises m\u00e9dicales. Enfin, l\u2019accus\u00e9e a inscrit les chiffres \u00ab0\u00bb et \u00ab1\u00bb, avec du vernis rouge, sous les pieds de Lola avant de placer son cadavre asperg\u00e9 de javel dans une malle en plastique \u00e0 roulettes. Cette derni\u00e8re sera retrouv\u00e9e le soir m\u00eame dans l\u2019enceinte de la r\u00e9sidence\u00a0<a href=\"http:\/\/www.lefigaro.fr\/faits-divers\/elle-avait-un-sourire-en-coin-les-agissements-sinistres-de-dahbia-benkired-dans-les-heures-qui-ont-suivi-le-meurtre-de-lola-20251020\" target=\"_blank\" data-fig-type=\"Article\" rel=\"noopener\" data-gtm-custom-categorie=\"navigation\" data-gtm-custom-action=\"crossclick\" data-gtm-custom-label=\"Contextuel\" data-gtm-event=\"customEventSPE\" data-fig-domain=\"LEFIGARO\">au terme d\u2019un p\u00e9riple aussi sinistre qu\u2019improbable de la meurtri\u00e8re<\/a>.<\/p>\n<p>                                    <a class=\"fig-a11y-skip a11y-hidden\" href=\"#fig-a11y-skip-main-inarticle_mtf\"><br \/>\n        Passer la publicit\u00e9<br \/>\n    <\/a><\/p>\n<p>Un mobile flou<\/p>\n<p class=\"fig-paragraph\">Plusieurs mobiles ont pu \u00e9merger au gr\u00e9 des d\u00e9clarations tr\u00e8s fluctuantes de la meurtri\u00e8re\u00a0: une vengeance li\u00e9e \u00e0 un badge d\u2019acc\u00e8s que la m\u00e8re de Lola, gardienne d\u2019immeuble, lui aurait refus\u00e9, \u00abun sacrifice humain pour devenir riche\u00bb &#8211; Dahbia Benkired avait fait des recherches en ce sens sur internet et aurait propos\u00e9 \u00abun rein\u00bb de Lola contre 5.000 euros \u00e0 un jeune homme crois\u00e9 dans le 19e arrondissement juste apr\u00e8s le crime -, des croyances occultes li\u00e9es \u00e0 la sorcellerie ou encore une vengeance sentimentale envers un ex-compagnon dont l\u2019enfant aurait \u00e9t\u00e9 une \u00abvictime collat\u00e9rale\u00bb. \u00abJ\u2019avais la haine contre lui. J\u2019ai pris la premi\u00e8re personne que j\u2019ai crois\u00e9e sur mon chemin\u00bb, a pu expliquer l\u2019Alg\u00e9rienne au proc\u00e8s.<\/p>\n<p class=\"fig-paragraph\">Une chose est s\u00fbre, la famille de Lola restera \u00e0 vie avec d\u2019innombrables questions sans l\u2019espoir de r\u00e9ponses.<\/p>\n","protected":false},"excerpt":{"rendered":"L\u2019Alg\u00e9rienne de 27 ans ne sera donc pas rejug\u00e9e. Sa condamnation d\u00e9finitive met un point final \u00e0 une&hellip;\n","protected":false},"author":2,"featured_media":510760,"comment_status":"","ping_status":"","sticky":false,"template":"","format":"standard","meta":{"footnotes":""},"categories":[2],"tags":[11,1011,27,303,52922,12,2694],"class_list":{"0":"post-510759","1":"post","2":"type-post","3":"status-publish","4":"format-standard","5":"has-post-thumbnail","7":"category-actualites","8":"tag-actualites","9":"tag-fr","10":"tag-france","11":"tag-justice","12":"tag-meurtre-de-lola","13":"tag-news","14":"tag-proces"},"share_on_mastodon":{"url":"https:\/\/pubeurope.com\/@fr\/115490586729934433","error":""},"_links":{"self":[{"href":"https:\/\/www.europesays.com\/fr\/wp-json\/wp\/v2\/posts\/510759","targetHints":{"allow":["GET"]}}],"collection":[{"href":"https:\/\/www.europesays.com\/fr\/wp-json\/wp\/v2\/posts"}],"about":[{"href":"https:\/\/www.europesays.com\/fr\/wp-json\/wp\/v2\/types\/post"}],"author":[{"embeddable":true,"href":"https:\/\/www.europesays.com\/fr\/wp-json\/wp\/v2\/users\/2"}],"replies":[{"embeddable":true,"href":"https:\/\/www.europesays.com\/fr\/wp-json\/wp\/v2\/comments?post=510759"}],"version-history":[{"count":0,"href":"https:\/\/www.europesays.com\/fr\/wp-json\/wp\/v2\/posts\/510759\/revisions"}],"wp:featuredmedia":[{"embeddable":true,"href":"https:\/\/www.europesays.com\/fr\/wp-json\/wp\/v2\/media\/510760"}],"wp:attachment":[{"href":"https:\/\/www.europesays.com\/fr\/wp-json\/wp\/v2\/media?parent=510759"}],"wp:term":[{"taxonomy":"category","embeddable":true,"href":"https:\/\/www.europesays.com\/fr\/wp-json\/wp\/v2\/categories?post=510759"},{"taxonomy":"post_tag","embeddable":true,"href":"https:\/\/www.europesays.com\/fr\/wp-json\/wp\/v2\/tags?post=510759"}],"curies":[{"name":"wp","href":"https:\/\/api.w.org\/{rel}","templated":true}]}}