{"id":510780,"date":"2025-11-04T09:05:14","date_gmt":"2025-11-04T09:05:14","guid":{"rendered":"https:\/\/www.europesays.com\/fr\/510780\/"},"modified":"2025-11-04T09:05:14","modified_gmt":"2025-11-04T09:05:14","slug":"grenoble-une-importante-operation-de-secours-deployee-dans-lisere-ce-quil-sest-passe","status":"publish","type":"post","link":"https:\/\/www.europesays.com\/fr\/510780\/","title":{"rendered":"Grenoble. Une importante op\u00e9ration de secours d\u00e9ploy\u00e9e dans l&rsquo;Is\u00e8re, ce qu&rsquo;il s&rsquo;est pass\u00e9"},"content":{"rendered":"<p>            Par<br \/>\n        <strong><br \/>\n            <a href=\"https:\/\/actu.fr\/auteur\/julien-sournies\" title=\"Consulter tous les articles de Julien Sournies\" rel=\"nofollow noopener\" target=\"_blank\">Julien Sournies<\/a><br \/>\n        <\/strong><\/p>\n<p>        Publi\u00e9 le<\/p>\n<p>            4 nov. 2025 \u00e0 9h30        <\/p>\n<p>S\u2019est-il noy\u00e9 ou bien est-il parvenu \u00e0 remonter\u2009? Apr\u00e8s avoir discut\u00e9 un moment avec le requ\u00e9rant des sapeurs-pompiers, un homme s\u2019est <strong>volontairement jet\u00e9 dans l\u2019Is\u00e8re<\/strong> depuis le pont Saint-Laurent \u00e0 <a href=\"https:\/\/actu.fr\/grenoble\/\" rel=\"nofollow noopener\" target=\"_blank\">Grenoble<\/a> (<a href=\"https:\/\/actu.fr\/auvergne-rhone-alpes\/isere_38\" rel=\"nofollow noopener\" target=\"_blank\">Is\u00e8re<\/a>) peu apr\u00e8s 20\u00a0heures ce lundi 3\u00a0novembre 2025, informe la Direction interd\u00e9partementale de la police nationale \u00e0 la r\u00e9daction.<\/p>\n<p>Des recherches vaines<\/p>\n<p class=\" wall-content\">Des <strong>recherches<\/strong> ont ainsi \u00e9t\u00e9 d\u00e9ploy\u00e9es par les sapeurs-pompiers, \u00e9paul\u00e9s par une \u00e9quipe des plongeurs de Savoie, des chiens de recherches et un drone pour tenter de le retrouver.<\/p>\n<p>    <a href=\"https:\/\/www.google.com\/maps\/embed?pb=!1m18!1m12!1m3!1d2017.2046771791868!2d5.7265604747774415!3d45.19439965140197!2m3!1f0!2f0!3f0!3m2!1i1024!2i768!4f13.1!3m3!1m2!1s0x478af461ec286f19%3A0xa081cffad9ff06c0!2sPont%20Saint-Laurent%2C%2038000%20Grenoble!5e1!3m2!1sfr!2sfr!4v1762244226551!5m2!1sfr!2sfr\" title=\"Ouvrie le lien\" rel=\"nofollow noopener\" target=\"_blank\">Cliquez ici pour visualiser le contenu<\/a><\/p>\n<p class=\" wall-content\">Apr\u00e8s plus d\u2019une heure de recherches approfondies dans les eaux de la rivi\u00e8re, les secours ne sont finalement pas parvenus \u00e0 mettre la main sur l\u2019individu. L\u2019op\u00e9ration s\u2019est achev\u00e9e peu avant 22\u00a0heures.<\/p>\n<p class=\" wall-content\">Une <strong>enqu\u00eate a \u00e9t\u00e9 ouverte<\/strong> pour tenter d\u2019identifier l\u2019individu recherch\u00e9.<\/p>\n<p class=\" wall-content\">Personnalisez votre actualit\u00e9 en ajoutant vos villes et m\u00e9dias en favori avec <a href=\"https:\/\/moncompte.actu.fr\" title=\"D\u00e9couvez Mon Actu\" rel=\"nofollow noopener\" data-trk=\"{&quot;cta&quot;:{&quot;action&quot;:&quot;https:\\\/\\\/moncompte.actu.fr&quot;,&quot;category&quot;:&quot;mon compte&quot;,&quot;from&quot;:&quot;article footer&quot;,&quot;name&quot;:&quot;Mon actu&quot;,&quot;type&quot;:&quot;cta&quot;}}\" target=\"_blank\">Mon Actu<\/a>.<\/p>\n","protected":false},"excerpt":{"rendered":"Par Julien Sournies Publi\u00e9 le 4 nov. 2025 \u00e0 9h30 S\u2019est-il noy\u00e9 ou bien est-il parvenu \u00e0 remonter\u2009?&hellip;\n","protected":false},"author":2,"featured_media":510781,"comment_status":"","ping_status":"","sticky":false,"template":"","format":"standard","meta":{"footnotes":""},"categories":[9566],"tags":[1111,11,2430,1777,674,118,1011,27,2731,12,1311,25],"class_list":{"0":"post-510780","1":"post","2":"type-post","3":"status-publish","4":"format-standard","5":"has-post-thumbnail","7":"category-grenoble","8":"tag-actu","9":"tag-actualites","10":"tag-auvergne-rhone-alpes","11":"tag-eu","12":"tag-europe","13":"tag-faits-divers","14":"tag-fr","15":"tag-france","16":"tag-grenoble","17":"tag-news","18":"tag-pompiers","19":"tag-republique-francaise"},"share_on_mastodon":{"url":"https:\/\/pubeurope.com\/@fr\/115490634075060689","error":""},"_links":{"self":[{"href":"https:\/\/www.europesays.com\/fr\/wp-json\/wp\/v2\/posts\/510780","targetHints":{"allow":["GET"]}}],"collection":[{"href":"https:\/\/www.europesays.com\/fr\/wp-json\/wp\/v2\/posts"}],"about":[{"href":"https:\/\/www.europesays.com\/fr\/wp-json\/wp\/v2\/types\/post"}],"author":[{"embeddable":true,"href":"https:\/\/www.europesays.com\/fr\/wp-json\/wp\/v2\/users\/2"}],"replies":[{"embeddable":true,"href":"https:\/\/www.europesays.com\/fr\/wp-json\/wp\/v2\/comments?post=510780"}],"version-history":[{"count":0,"href":"https:\/\/www.europesays.com\/fr\/wp-json\/wp\/v2\/posts\/510780\/revisions"}],"wp:featuredmedia":[{"embeddable":true,"href":"https:\/\/www.europesays.com\/fr\/wp-json\/wp\/v2\/media\/510781"}],"wp:attachment":[{"href":"https:\/\/www.europesays.com\/fr\/wp-json\/wp\/v2\/media?parent=510780"}],"wp:term":[{"taxonomy":"category","embeddable":true,"href":"https:\/\/www.europesays.com\/fr\/wp-json\/wp\/v2\/categories?post=510780"},{"taxonomy":"post_tag","embeddable":true,"href":"https:\/\/www.europesays.com\/fr\/wp-json\/wp\/v2\/tags?post=510780"}],"curies":[{"name":"wp","href":"https:\/\/api.w.org\/{rel}","templated":true}]}}