{"id":510784,"date":"2025-11-04T09:07:15","date_gmt":"2025-11-04T09:07:15","guid":{"rendered":"https:\/\/www.europesays.com\/fr\/510784\/"},"modified":"2025-11-04T09:07:15","modified_gmt":"2025-11-04T09:07:15","slug":"a-rennes-un-homme-reconnait-le-meurtre-dune-femme-retrouvee-morte-chez-elle","status":"publish","type":"post","link":"https:\/\/www.europesays.com\/fr\/510784\/","title":{"rendered":"\u00e0 Rennes, un homme reconna\u00eet le meurtre d&rsquo;une femme retrouv\u00e9e morte chez elle"},"content":{"rendered":"<p>            Par<br \/>\n        <strong><br \/>\n            <a href=\"https:\/\/actu.fr\/auteur\/brian-legoff\" title=\"Consulter tous les articles de Brian Le Goff\" rel=\"nofollow noopener\" target=\"_blank\">Brian Le Goff<\/a><br \/>\n        <\/strong><\/p>\n<p>        Publi\u00e9 le<\/p>\n<p>            4 nov. 2025 \u00e0 8h39        <\/p>\n<p>Les circonstances exactes de la <a href=\"https:\/\/actu.fr\/bretagne\/rennes_35238\/une-femme-atteinte-de-schizophrenie-retrouvee-morte-a-rennes-deux-personnes-recherchees_63362522.html\" rel=\"nofollow noopener\" target=\"_blank\">mort d\u2019une femme de 36\u00a0ans \u00e0 Rennes<\/a> doivent encore \u00eatre \u00e9claircies, mais<strong> l\u2019auteur soup\u00e7onn\u00e9<\/strong> des faits est aujourd\u2019hui<strong> en d\u00e9tention provisoire<\/strong>, apr\u00e8s avoir \u00e9t\u00e9 <a href=\"https:\/\/actu.fr\/bretagne\/rennes_35238\/femme-retrouvee-morte-a-son-domicile-a-rennes-une-personne-mise-en-examen_63386837.html\" rel=\"nofollow noopener\" target=\"_blank\">mis en examen<\/a>, indique \u00e0 <a href=\"https:\/\/actu.fr\/rennes\/\" rel=\"nofollow noopener\" target=\"_blank\">actu Rennes<\/a> Fr\u00e9d\u00e9ric Teillet, procureur de la R\u00e9publique.<\/p>\n<p class=\" wall-content\">Lundi 27\u00a0octobre, une femme avait \u00e9t\u00e9 <strong>retrouv\u00e9e sans vie \u00e0 son domicile par deux infirmi\u00e8res<\/strong>, dans le quartier de la Bellangerais. Elle \u00e9tait atteinte de <strong>schizophr\u00e9nie<\/strong>, a-t-on appris. <strong>L\u2019\u00e9motion<\/strong> avait tout de suite gagn\u00e9 ses <strong>voisins<\/strong>, surpris par le drame.<\/p>\n<p>Les cl\u00e9s de l\u2019appartement enterr\u00e9es<\/p>\n<p class=\" wall-content\">Si, au d\u00e9part, deux hommes \u00e9taient recherch\u00e9s, l\u2019enqu\u00eate a permis de recentrer les investigations sur un seul homme. Il a \u00e9t\u00e9 <strong>interpell\u00e9 le vendredi 31\u00a0octobre, en fin de journ\u00e9e,<\/strong> par la division de la criminalit\u00e9 organis\u00e9e et sp\u00e9cialis\u00e9e, \u00ab\u2009alors qu\u2019il se cachait dans un camping \u00e0 Carnac (Morbihan)\u2009\u00bb, retrace Fr\u00e9d\u00e9ric Teillet.<\/p>\n<blockquote class=\"ac-article-quote wall-content\">\n<p>Auditionn\u00e9, il a reconnu avoir pris la fuite, apr\u00e8s avoir referm\u00e9 l\u2019appartement \u00e0 cl\u00e9, cl\u00e9s retrouv\u00e9es enterr\u00e9es l\u00e0 o\u00f9 il l\u2019avait indiqu\u00e9 aux enqu\u00eateurs.<\/p>\n<p>    <strong>Fr\u00e9d\u00e9ric Teillet<\/strong><br \/>\n        Procureur de la R\u00e9publique au tribunal judiciaire de Rennes    <\/p><\/blockquote>\n<p class=\" wall-content\"><strong>Durant son audition,<\/strong> l\u2019homme a reconnu les faits, <strong>expliquant avoir \u00ab\u2009p\u00e9t\u00e9 les plombs\u2009\u00bb<\/strong>, souligne le magistrat, sans pr\u00e9cisions suppl\u00e9mentaires.<\/p>\n<p class=\" wall-content\">Il a \u00e9t\u00e9 mis en examen, dimanche 2\u00a0novembre, sous la qualification de <strong>\u00ab\u2009meurtre sur personne vuln\u00e9rable\u2009\u00bb<\/strong> et plac\u00e9 en d\u00e9tention provisoire conform\u00e9ment aux r\u00e9quisitions du parquet.<\/p>\n<p class=\" wall-content\">Personnalisez votre actualit\u00e9 en ajoutant vos villes et m\u00e9dias en favori avec <a href=\"https:\/\/moncompte.actu.fr\" title=\"D\u00e9couvez Mon Actu\" rel=\"nofollow noopener\" data-trk=\"{&quot;cta&quot;:{&quot;action&quot;:&quot;https:\\\/\\\/moncompte.actu.fr&quot;,&quot;category&quot;:&quot;mon compte&quot;,&quot;from&quot;:&quot;article footer&quot;,&quot;name&quot;:&quot;Mon actu&quot;,&quot;type&quot;:&quot;cta&quot;}}\" target=\"_blank\">Mon Actu<\/a>.<\/p>\n","protected":false},"excerpt":{"rendered":"Par Brian Le Goff Publi\u00e9 le 4 nov. 2025 \u00e0 8h39 Les circonstances exactes de la mort d\u2019une&hellip;\n","protected":false},"author":2,"featured_media":510785,"comment_status":"","ping_status":"","sticky":false,"template":"","format":"standard","meta":{"footnotes":""},"categories":[2821],"tags":[1111,11,829,1777,674,118,1011,27,303,777,12,1072,584,25],"class_list":{"0":"post-510784","1":"post","2":"type-post","3":"status-publish","4":"format-standard","5":"has-post-thumbnail","7":"category-rennes","8":"tag-actu","9":"tag-actualites","10":"tag-bretagne","11":"tag-eu","12":"tag-europe","13":"tag-faits-divers","14":"tag-fr","15":"tag-france","16":"tag-justice","17":"tag-meurtre","18":"tag-news","19":"tag-police","20":"tag-rennes","21":"tag-republique-francaise"},"share_on_mastodon":{"url":"https:\/\/pubeurope.com\/@fr\/115490642095019754","error":""},"_links":{"self":[{"href":"https:\/\/www.europesays.com\/fr\/wp-json\/wp\/v2\/posts\/510784","targetHints":{"allow":["GET"]}}],"collection":[{"href":"https:\/\/www.europesays.com\/fr\/wp-json\/wp\/v2\/posts"}],"about":[{"href":"https:\/\/www.europesays.com\/fr\/wp-json\/wp\/v2\/types\/post"}],"author":[{"embeddable":true,"href":"https:\/\/www.europesays.com\/fr\/wp-json\/wp\/v2\/users\/2"}],"replies":[{"embeddable":true,"href":"https:\/\/www.europesays.com\/fr\/wp-json\/wp\/v2\/comments?post=510784"}],"version-history":[{"count":0,"href":"https:\/\/www.europesays.com\/fr\/wp-json\/wp\/v2\/posts\/510784\/revisions"}],"wp:featuredmedia":[{"embeddable":true,"href":"https:\/\/www.europesays.com\/fr\/wp-json\/wp\/v2\/media\/510785"}],"wp:attachment":[{"href":"https:\/\/www.europesays.com\/fr\/wp-json\/wp\/v2\/media?parent=510784"}],"wp:term":[{"taxonomy":"category","embeddable":true,"href":"https:\/\/www.europesays.com\/fr\/wp-json\/wp\/v2\/categories?post=510784"},{"taxonomy":"post_tag","embeddable":true,"href":"https:\/\/www.europesays.com\/fr\/wp-json\/wp\/v2\/tags?post=510784"}],"curies":[{"name":"wp","href":"https:\/\/api.w.org\/{rel}","templated":true}]}}