{"id":510792,"date":"2025-11-04T09:11:10","date_gmt":"2025-11-04T09:11:10","guid":{"rendered":"https:\/\/www.europesays.com\/fr\/510792\/"},"modified":"2025-11-04T09:11:10","modified_gmt":"2025-11-04T09:11:10","slug":"pres-de-nice-un-chauffard-percute-deux-personnes-et-senfuit-une-femme-toujours-entre-la-vie-et-la-mort","status":"publish","type":"post","link":"https:\/\/www.europesays.com\/fr\/510792\/","title":{"rendered":"Pr\u00e8s de Nice. Un chauffard percute deux personnes et s&rsquo;enfuit, une femme toujours entre la vie et la mort"},"content":{"rendered":"<p>            Par<br \/>\n        <strong><br \/>\n            <a href=\"https:\/\/actu.fr\/auteur\/arthur-frand\" title=\"Consulter tous les articles de Arthur Frand\" rel=\"nofollow noopener\" target=\"_blank\">Arthur Frand<\/a><br \/>\n        <\/strong><\/p>\n<p>        Publi\u00e9 le<\/p>\n<p>            4 nov. 2025 \u00e0 10h04        <\/p>\n<p>Une soir\u00e9e d\u2019Halloween toute proche de virer au drame \u00e0 <a href=\"https:\/\/actu.fr\/provence-alpes-cote-d-azur\/cannes_06029\" rel=\"nofollow noopener\" target=\"_blank\">Cannes<\/a>, pr\u00e8s de <a href=\"https:\/\/actu.fr\/nice\/\" rel=\"nofollow noopener\" target=\"_blank\">Nice<\/a> dans les <a href=\"https:\/\/actu.fr\/provence-alpes-cote-d-azur\/alpes-maritimes_06\" rel=\"nofollow noopener\" target=\"_blank\">Alpes-Maritimes<\/a>. Le vendredi 31\u00a0octobre 2025 aux alentours de 21h, un v\u00e9hicule lanc\u00e9 \u00e0 vive allure en ville a percut\u00e9 un autre v\u00e9hicule stationn\u00e9, ainsi que <strong>deux pi\u00e9tons<\/strong> qui d\u00e9chargeaient des affaires \u00e0 proximit\u00e9. Le conducteur, apr\u00e8s avoir effectu\u00e9 une marche arri\u00e8re, a <strong>imm\u00e9diatement pris la fuite<\/strong>. Rapidement interpell\u00e9, le mis en cause, \u00e2g\u00e9 de 22\u00a0ans, a \u00e9t\u00e9 d\u00e9f\u00e9r\u00e9 devant la justice a pr\u00e9cis\u00e9 le parquet de Grasse, ce lundi 3\u00a0novembre au soir. Ce que l\u2019on sait.<\/p>\n<p>    <a href=\"https:\/\/www.google.com\/maps\/embed?pb=!1m18!1m12!1m3!1d46277.401261312945!2d6.968496607314131!3d43.53700455344782!2m3!1f0!2f0!3f0!3m2!1i1024!2i768!4f13.1!3m3!1m2!1s0x12ce81f1c3939aa1%3A0x52b5ad01e9d30474!2sBd%20Carnot!5e0!3m2!1sfr!2sfr!4v1762245210048!5m2!1sfr!2sfr\" title=\"Ouvrie le lien\" rel=\"nofollow noopener\" target=\"_blank\">Cliquez ici pour visualiser le contenu<\/a><\/p>\n<p class=\" wall-content\">Les faits se sont produits en pleine soir\u00e9e. Vendredi 31\u00a0octobre, deux femmes ont failli perdre la vie dans les rues de Cannes \u00e0 cause d\u2019un chauffard de 22\u00a0ans. Ce dernier a d\u00e9boul\u00e9 boulevard Carnot avec son Range Rover.<\/p>\n<p class=\" wall-content\">Il a alors <strong>d\u00e9vi\u00e9 de sa trajectoire<\/strong>, venant percuter une femme de 35\u00a0ans, sous les yeux de sa fille, et sa ni\u00e8ce de 14\u00a0ans par-derri\u00e8re. Alors que ces derni\u00e8res rangeaient simplement leurs courses dans la voiture, stationn\u00e9e juste \u00e0 c\u00f4t\u00e9.<\/p>\n<p>D\u00e9lit de fuite, deux passagers toujours recherch\u00e9s<\/p>\n<p class=\" wall-content\">Le chauffard ne s\u2019est pas arr\u00eat\u00e9 sur les lieux de l\u2019accident. Il a <strong>repris la route en vitesse <\/strong>mais a \u00e9t\u00e9 d\u2019\u00eatre interpell\u00e9 par les forces de l\u2019ordre au\u00a0Cannet quelques kilom\u00e8tres plus loin apr\u00e8s avoir percut\u00e9 un terre-plein central. Sans faire d\u2019autres victimes.<\/p>\n<p class=\" wall-content\">Le mis en cause, \u00e2g\u00e9 de 22\u00a0ans, se trouve <strong>\u00eatre inconnu des services de police<\/strong> et de<br \/>la justice. \u00ab\u2009Il \u00e9tait sous une tr\u00e8s forte impr\u00e9gnation alcoolique au point de tituber et de tenir des propos incoh\u00e9rents\u2009\u00bb, pr\u00e9cise le parquet de Grasse.<br \/>En revanche, les deux passagers qui l\u2019accompagnaient n\u2019ont <strong>pas pu \u00eatre interpell\u00e9s<\/strong>, ayant tr\u00e8s rapidement pris la fuite. Ils sont toujours activement recherch\u00e9s, poursuite le parquet.<\/p>\n<p class=\" wall-content\">Une enqu\u00eate <strong>a \u00e9t\u00e9 ouverte<\/strong>, diligent\u00e9e en flagrance par la circonscription de police nationale de Cannes, pour blessures routi\u00e8res avec incapacit\u00e9 sup\u00e9rieure \u00e0 3\u00a0mois par conducteur d\u2019un v\u00e9hicule terrestre \u00e0 moteur commises avec au moins deux circonstances aggravantes (alcool et d\u00e9lit de fuite).<\/p>\n<p>Votre r\u00e9gion, votre actu !<\/p>\n<p>Recevez chaque jour les infos qui comptent pour vous.<\/p>\n<p>\t<a href=\"https:\/\/actu.fr\/newsletter\" class=\"ac-btn ac-btn--corner ac-btn--medium ac-btn--blue800\" rel=\"nofollow noopener\" target=\"_blank\">S&rsquo;incrire<\/a><br \/>\nPronostic vital toujours engag\u00e9 pour une victime<\/p>\n<p class=\" wall-content\">Le conducteur mis en cause a \u00e9t\u00e9 pr\u00e9sent\u00e9 ce dimanche 2\u00a0novembre \u00e0 un juge d\u2019instruction, souligne le parquet de Grasse. Mis en examen, il a sollicit\u00e9 un d\u00e9lai devant le juge des libert\u00e9s et de la d\u00e9tention pour pr\u00e9parer sa d\u00e9fense. Dans l\u2019attente du d\u00e9bat relatif \u00e0 son placement en d\u00e9tention provisoire qui doit avoir lieu dans les quatre jours, il a \u00e9t\u00e9 incarc\u00e9r\u00e9.<\/p>\n<p class=\" wall-content\">Les deux victimes, de 35\u00a0ans et 14\u00a0ans ont subi <strong>un choc tr\u00e8s violent<\/strong>. Elles ont \u00e9t\u00e9 prises en charge <strong>en urgence absolue<\/strong> par les secours. \u00ab\u2009\u00c0 ce jour, seul le pronostic vital de l\u2019une d\u2019elles n\u2019est plus engag\u00e9\u2009\u00bb, explique le procureur de la R\u00e9publique de Grasse.<\/p>\n<p class=\" wall-content\">La m\u00e8re de famille avait \u00e9t\u00e9 projet\u00e9e contre le coffre de sa voiture et a d\u00fb subir une importante op\u00e9ration du dos. Elle reste plac\u00e9e dans un coma artificiel tandis que sa ni\u00e8ce a \u00e9t\u00e9 s\u00e9v\u00e8rement touch\u00e9e \u00e0 la jambe. Heureusement, l\u2019amputation a pu \u00eatre \u00e9vit\u00e9e. Leur entourage familial b\u00e9n\u00e9ficie d\u2019un accompagnement dans le cadre du \u00ab\u2009parcours victime\u2009\u00bb.<\/p>\n<p class=\" wall-content\">Personnalisez votre actualit\u00e9 en ajoutant vos villes et m\u00e9dias en favori avec <a href=\"https:\/\/moncompte.actu.fr\" title=\"D\u00e9couvez Mon Actu\" rel=\"nofollow noopener\" data-trk=\"{&quot;cta&quot;:{&quot;action&quot;:&quot;https:\\\/\\\/moncompte.actu.fr&quot;,&quot;category&quot;:&quot;mon compte&quot;,&quot;from&quot;:&quot;article footer&quot;,&quot;name&quot;:&quot;Mon actu&quot;,&quot;type&quot;:&quot;cta&quot;}}\" target=\"_blank\">Mon Actu<\/a>.<\/p>\n","protected":false},"excerpt":{"rendered":"Par Arthur Frand Publi\u00e9 le 4 nov. 2025 \u00e0 10h04 Une soir\u00e9e d\u2019Halloween toute proche de virer au&hellip;\n","protected":false},"author":2,"featured_media":510793,"comment_status":"","ping_status":"","sticky":false,"template":"","format":"standard","meta":{"footnotes":""},"categories":[2819],"tags":[119,1111,11,1777,674,1011,27,303,12,2401,882,25,104],"class_list":{"0":"post-510792","1":"post","2":"type-post","3":"status-publish","4":"format-standard","5":"has-post-thumbnail","7":"category-nice","8":"tag-accident","9":"tag-actu","10":"tag-actualites","11":"tag-eu","12":"tag-europe","13":"tag-fr","14":"tag-france","15":"tag-justice","16":"tag-news","17":"tag-nice","18":"tag-provence-alpes-cote-dazur","19":"tag-republique-francaise","20":"tag-societe"},"share_on_mastodon":{"url":"https:\/\/pubeurope.com\/@fr\/115490657867135504","error":""},"_links":{"self":[{"href":"https:\/\/www.europesays.com\/fr\/wp-json\/wp\/v2\/posts\/510792","targetHints":{"allow":["GET"]}}],"collection":[{"href":"https:\/\/www.europesays.com\/fr\/wp-json\/wp\/v2\/posts"}],"about":[{"href":"https:\/\/www.europesays.com\/fr\/wp-json\/wp\/v2\/types\/post"}],"author":[{"embeddable":true,"href":"https:\/\/www.europesays.com\/fr\/wp-json\/wp\/v2\/users\/2"}],"replies":[{"embeddable":true,"href":"https:\/\/www.europesays.com\/fr\/wp-json\/wp\/v2\/comments?post=510792"}],"version-history":[{"count":0,"href":"https:\/\/www.europesays.com\/fr\/wp-json\/wp\/v2\/posts\/510792\/revisions"}],"wp:featuredmedia":[{"embeddable":true,"href":"https:\/\/www.europesays.com\/fr\/wp-json\/wp\/v2\/media\/510793"}],"wp:attachment":[{"href":"https:\/\/www.europesays.com\/fr\/wp-json\/wp\/v2\/media?parent=510792"}],"wp:term":[{"taxonomy":"category","embeddable":true,"href":"https:\/\/www.europesays.com\/fr\/wp-json\/wp\/v2\/categories?post=510792"},{"taxonomy":"post_tag","embeddable":true,"href":"https:\/\/www.europesays.com\/fr\/wp-json\/wp\/v2\/tags?post=510792"}],"curies":[{"name":"wp","href":"https:\/\/api.w.org\/{rel}","templated":true}]}}