{"id":510802,"date":"2025-11-04T09:16:16","date_gmt":"2025-11-04T09:16:16","guid":{"rendered":"https:\/\/www.europesays.com\/fr\/510802\/"},"modified":"2025-11-04T09:16:16","modified_gmt":"2025-11-04T09:16:16","slug":"gagnez-vos-places-guts-et-poirier-en-duo-a-interference-une-soiree-tropicale-pour-lancer-leur-tournee-europeenne","status":"publish","type":"post","link":"https:\/\/www.europesays.com\/fr\/510802\/","title":{"rendered":"Gagnez vos places ! Guts et Poirier en duo \u00e0 Interference : une soir\u00e9e tropicale pour lancer leur tourn\u00e9e europ\u00e9enne"},"content":{"rendered":"<p>Une soir\u00e9e<strong> sous le signe des tropique<\/strong>s&#8230; Les artistes <strong>Guts et Poirier<\/strong> ont rendez-vous sur<strong> la sc\u00e8ne d&rsquo;Interference vendredi 7 novembre 2025<\/strong>, pour la premi\u00e8re date de leur <strong>projet en duo<\/strong>. L&rsquo;un est Fran\u00e7ais et vit en Espagne, l&rsquo;autre est\u00a0Canadien : ils ont r\u00e9uni <strong>leur talent et leur \u00e9nergie<\/strong> pour une <strong>tourn\u00e9e europ\u00e9enne<\/strong>&#8230;<\/p>\n<p>\u00a0<\/p>\n<p>Une rencontre qui fait date<\/p>\n<p>Si Guts a fait sensation lors de son passage au Petit Bikini l&rsquo;\u00e9t\u00e9 dernier, ce sera<strong> la premi\u00e8re fois<\/strong> qu&rsquo;il se produit \u00e0 Interference, <a href=\"https:\/\/www.toulouscope.fr\/2025\/02\/14\/interference-la-nouvelle-salle-de-concert-ultra-modulable-a-balma-promet-une-acoustique-exceptionnelle-12512443.php\" target=\"_self\" rel=\"nofollow noopener\">la nouvelle salle de concerts de Balma<\/a>. \u00ab\u00a0Je suis <strong>tr\u00e8s sensible \u00e0 l&rsquo;acoustique et au sound system<\/strong>, je poss\u00e8de une relation privil\u00e9gi\u00e9e avec le son, qui est <strong>un \u00e9l\u00e9ment majeur de ma culture<\/strong>, explique le producteur et DJ. J&rsquo;ai donc <strong>tr\u00e8s h\u00e2te de tester cette salle <\/strong>et de ressentir\u00a0<strong>la vibration,\u00a0l&rsquo;\u00e9motion, la couleur <\/strong>qu&rsquo;elle peut donner \u00e0 ma musique !\u00a0\u00bb<\/p>\n<p>Guts confie avoir rencontr\u00e9 Poirier lors d&rsquo;<strong>un festival ultra-confidentie<\/strong>l qu&rsquo;il a organis\u00e9 durant des ann\u00e9es. Il a invit\u00e9 l&rsquo;artiste r\u00e9put\u00e9 Poirier \u00e0 <strong>se produire sur sc\u00e8ne au Canada<\/strong>&#8230; et l&rsquo;alchimie a op\u00e9r\u00e9. \u00ab\u00a0<strong>Poirier \u00e9tait enchant\u00e9<\/strong> et m&rsquo;a propos\u00e9 de<strong> collaborer<\/strong> lors d&rsquo;une tourn\u00e9e europ\u00e9enne\u00a0\u00bb. C&rsquo;est ainsi qu&rsquo;est n\u00e9e l&rsquo;id\u00e9e de cette s\u00e9rie de concerts (<strong>neuf dates\u00a0dont deux en France<\/strong>,\u00a0\u00e0 Toulouse et \u00e0 Lyon), que le duo inaugurera \u00e0 Interference.<\/p>\n<blockquote data-instgrm-captioned=\"\" data-instgrm-permalink=\"https:\/\/www.instagram.com\/p\/DQBvnd1iCHc\/?utm_source=ig_embed&amp;utm_campaign=loading\" data-instgrm-version=\"14\" data-class=\"instagram-media\">\n<\/blockquote>\n<p>Des ponts entre les cultures<\/p>\n<p>Ce qui les lie ? \u00ab\u00a0Notre<strong> h\u00e9ritage musical<\/strong> :<strong> m\u00e9lodies urbaines,\u00a0afro descendantes,\u00a0carib\u00e9ennes<\/strong>&#8230; Mais mon son est plus orient\u00e9 <strong>groove, organique et dans le tempo<\/strong>, tandis que celui de Poirier est plus ax\u00e9 <strong>club et \u00e9lectro<\/strong>\u00ab\u00a0, analyse Guts. De quoi <strong>plaire\u00a0\u00e0 tous les publics<\/strong>, puisque Guts entamera la soir\u00e9e avec <strong>trois heures de DJ set<\/strong>, suivies par le show de son acolyte.\u00a0<\/p>\n<p>        <img decoding=\"async\" class=\"std-img__img responsive-img\" src=\"https:\/\/www.europesays.com\/fr\/wp-content\/uploads\/2025\/11\/1762247776_665_image.jpg\" alt=\"Une soir\u00e9e qui s'annonce festive \u00e0 Interference\"\/><\/p>\n<p>                Une soir\u00e9e qui s&rsquo;annonce festive \u00e0 Interference<br \/>\n                                    \u00a9 Interference<\/p>\n<p>Il y aura donc <strong>deux\u00a0sets bien distincts <\/strong>sur sc\u00e8ne : \u00ab\u00a0On va raconter<strong> notre histoire musicale<\/strong> !\u00a0\u00bb. En effet, Guts et Poirier ont r\u00e9alis\u00e9 qu&rsquo;ils f\u00eataient chacun\u00a0cette ann\u00e9e <strong>les 15 ans de cr\u00e9ation d&rsquo;un album<\/strong>, devenu un classique de leur discographie (<strong>\u201cParadise For All\u201d <\/strong>sur Heavenly Sweetness pour le premier et <strong>\u00ab\u00a0Running High<\/strong>\u00a0\u00bb sur Ninja Tune pour le deuxi\u00e8me). Allant plus loin, Guts a donc d\u00e9cid\u00e9 de r\u00e9aliser <strong>une\u00a0r\u00e9trospective de tous ses disques<\/strong> de\u00a02007 \u00e0 2022.<\/p>\n<p>\u00a0<\/p>\n<p>\u00a0<\/p>\n<p>Guts, un amoureux de musique sous toutes ses formes<\/p>\n<p>Le DJ aux <strong>plus de 30 ans de carri\u00e8re<\/strong> est ravi de <strong>ce challenge stimulant<\/strong> et de sa collaboration avec Poirier, \u00ab\u00a0<strong>une\u00a0personne brillante aux platines<\/strong>, dans la compo et pour les remix\u00a0\u00bb. Guts, grand <strong>passionn\u00e9 de digging<\/strong> (recherche musicale) <strong>ach\u00e8te presque un vinyle par jour <\/strong>depuis ses 16 ans (\u00ab\u00a0et\u00a0j&rsquo;en ai 54 !\u00a0\u00bb, s&rsquo;amuse-t-il). Ce vendredi soir, une fois de plus, il fera <strong>danser le public<\/strong> en jouant aussi bien<strong> ses classiques que des \u00ab\u00a0perles\u00a0\u00bb<\/strong> m\u00e9connues.<\/p>\n<p>\u00ab\u00a0Si j&rsquo;ai une recommandation, c&rsquo;est d&rsquo;<strong>arriver \u00e0 l&rsquo;heure<\/strong> pour ne pas manquer le d\u00e9but du film\u00a0\u00bb, n&rsquo;oublie pas de pr\u00e9ciser Guts. Un <strong>voyage musical<\/strong> qui s&rsquo;annonce d&rsquo;ores et d\u00e9j\u00e0 <strong>hypnotique<\/strong>&#8230;<\/p>\n<p>\u00a0<\/p>\n<p>Gagnez vos places avec Toulouscope<\/p>\n<p><strong>Interference<\/strong> et <strong>Toulouscope <\/strong>s&rsquo;associent pour vous faire <strong>gagner 2 x 2 places <\/strong>pour la soir\u00e9e du 7 novembre ! Pour participer, rendez-vous sur <a href=\"https:\/\/www.instagram.com\/p\/DQmMLV2DZZJ\/?img_index=1\" target=\"_self\" rel=\"nofollow noopener\">la page Instagram de Toulouscope<\/a>.<\/p>\n<blockquote data-instgrm-captioned=\"\" data-instgrm-permalink=\"https:\/\/www.instagram.com\/p\/DQmMLV2DZZJ\/?utm_source=ig_embed&amp;utm_campaign=loading\" data-instgrm-version=\"14\" data-class=\"instagram-media\">\n<\/blockquote>\n<p>\n            Horaires :<br \/>\n            De 23h55 \u00e0 6 heures\n        <\/p>\n<p>\n            Lieu :<br \/>\n            Interference\n        <\/p>\n<p>\n            Adresse :<br \/>\n            56 Route de Lavaur, 31130 Balma\n        <\/p>\n<p>\n            Tarif :<br \/>\n            Tarif unique, placement libre debout : 13\u20ac\n        <\/p>\n<p>\n            Contact :<br \/>\n            https:\/\/interference-toulouse.fr\/\n        <\/p>\n<p>                                                                                    <script async src=\"\/\/www.instagram.com\/embed.js\"><\/script><\/p>\n","protected":false},"excerpt":{"rendered":"Une soir\u00e9e sous le signe des tropiques&#8230; Les artistes Guts et Poirier ont rendez-vous sur la sc\u00e8ne d&rsquo;Interference&hellip;\n","protected":false},"author":2,"featured_media":510803,"comment_status":"","ping_status":"","sticky":false,"template":"","format":"standard","meta":{"footnotes":""},"categories":[2816],"tags":[1111,11,1777,674,1011,27,12,2680,25,2312],"class_list":{"0":"post-510802","1":"post","2":"type-post","3":"status-publish","4":"format-standard","5":"has-post-thumbnail","7":"category-toulouse","8":"tag-actu","9":"tag-actualites","10":"tag-eu","11":"tag-europe","12":"tag-fr","13":"tag-france","14":"tag-news","15":"tag-occitanie","16":"tag-republique-francaise","17":"tag-toulouse"},"share_on_mastodon":{"url":"https:\/\/pubeurope.com\/@fr\/115490677918250539","error":""},"_links":{"self":[{"href":"https:\/\/www.europesays.com\/fr\/wp-json\/wp\/v2\/posts\/510802","targetHints":{"allow":["GET"]}}],"collection":[{"href":"https:\/\/www.europesays.com\/fr\/wp-json\/wp\/v2\/posts"}],"about":[{"href":"https:\/\/www.europesays.com\/fr\/wp-json\/wp\/v2\/types\/post"}],"author":[{"embeddable":true,"href":"https:\/\/www.europesays.com\/fr\/wp-json\/wp\/v2\/users\/2"}],"replies":[{"embeddable":true,"href":"https:\/\/www.europesays.com\/fr\/wp-json\/wp\/v2\/comments?post=510802"}],"version-history":[{"count":0,"href":"https:\/\/www.europesays.com\/fr\/wp-json\/wp\/v2\/posts\/510802\/revisions"}],"wp:featuredmedia":[{"embeddable":true,"href":"https:\/\/www.europesays.com\/fr\/wp-json\/wp\/v2\/media\/510803"}],"wp:attachment":[{"href":"https:\/\/www.europesays.com\/fr\/wp-json\/wp\/v2\/media?parent=510802"}],"wp:term":[{"taxonomy":"category","embeddable":true,"href":"https:\/\/www.europesays.com\/fr\/wp-json\/wp\/v2\/categories?post=510802"},{"taxonomy":"post_tag","embeddable":true,"href":"https:\/\/www.europesays.com\/fr\/wp-json\/wp\/v2\/tags?post=510802"}],"curies":[{"name":"wp","href":"https:\/\/api.w.org\/{rel}","templated":true}]}}