{"id":510804,"date":"2025-11-04T09:17:32","date_gmt":"2025-11-04T09:17:32","guid":{"rendered":"https:\/\/www.europesays.com\/fr\/510804\/"},"modified":"2025-11-04T09:17:32","modified_gmt":"2025-11-04T09:17:32","slug":"un-enfant-de-5-ans-enleve-par-son-pere-a-toulouse-retrouve-de-justesse-en-espagne","status":"publish","type":"post","link":"https:\/\/www.europesays.com\/fr\/510804\/","title":{"rendered":"Un enfant de 5 ans enlev\u00e9 par son p\u00e8re \u00e0 Toulouse retrouv\u00e9 de justesse en Espagne"},"content":{"rendered":"<p>Pendant une visite planifi\u00e9e dans un point rencontre, la garde exclusive ayant \u00e9t\u00e9 accord\u00e9e \u00e0 la m\u00e8re sur d\u00e9cision judiciaire, un p\u00e8re s\u2019est enfui avec son fils de 5 ans en Espagne, en passant par un poste-fronti\u00e8re peu contr\u00f4l\u00e9.<\/p>\n<p>\u00c0 la suite d\u2019un mandat d\u2019arr\u00eat international visant ce Franco-Alg\u00e9rien de 40 ans, la police espagnole a proc\u00e9d\u00e9 \u00e0 son interpellation au port de Valence, lundi matin \u00ab alors qu\u2019il embarquait avec son fils pour la destination de Mostaganem, en Alg\u00e9rie \u00bb, a pr\u00e9cis\u00e9 le parquet dans un communiqu\u00e9.<\/p>\n<p>L\u2019enfant a pu rejoindre sa m\u00e8re et le p\u00e8re devait \u00eatre remis aux autorit\u00e9s fran\u00e7aises, selon la m\u00eame source. Il encourt une peine maximale de 3 ans d\u2019emprisonnement et de 45 000 euros d\u2019amende.<\/p>\n","protected":false},"excerpt":{"rendered":"Pendant une visite planifi\u00e9e dans un point rencontre, la garde exclusive ayant \u00e9t\u00e9 accord\u00e9e \u00e0 la m\u00e8re sur&hellip;\n","protected":false},"author":2,"featured_media":510805,"comment_status":"","ping_status":"","sticky":false,"template":"","format":"standard","meta":{"footnotes":""},"categories":[2816],"tags":[1111,11,765,2716,1777,674,118,1011,27,12,2680,25,2312],"class_list":{"0":"post-510804","1":"post","2":"type-post","3":"status-publish","4":"format-standard","5":"has-post-thumbnail","7":"category-toulouse","8":"tag-actu","9":"tag-actualites","10":"tag-en-continu","11":"tag-enlevement","12":"tag-eu","13":"tag-europe","14":"tag-faits-divers","15":"tag-fr","16":"tag-france","17":"tag-news","18":"tag-occitanie","19":"tag-republique-francaise","20":"tag-toulouse"},"share_on_mastodon":{"url":"https:\/\/pubeurope.com\/@fr\/115490681382720797","error":""},"_links":{"self":[{"href":"https:\/\/www.europesays.com\/fr\/wp-json\/wp\/v2\/posts\/510804","targetHints":{"allow":["GET"]}}],"collection":[{"href":"https:\/\/www.europesays.com\/fr\/wp-json\/wp\/v2\/posts"}],"about":[{"href":"https:\/\/www.europesays.com\/fr\/wp-json\/wp\/v2\/types\/post"}],"author":[{"embeddable":true,"href":"https:\/\/www.europesays.com\/fr\/wp-json\/wp\/v2\/users\/2"}],"replies":[{"embeddable":true,"href":"https:\/\/www.europesays.com\/fr\/wp-json\/wp\/v2\/comments?post=510804"}],"version-history":[{"count":0,"href":"https:\/\/www.europesays.com\/fr\/wp-json\/wp\/v2\/posts\/510804\/revisions"}],"wp:featuredmedia":[{"embeddable":true,"href":"https:\/\/www.europesays.com\/fr\/wp-json\/wp\/v2\/media\/510805"}],"wp:attachment":[{"href":"https:\/\/www.europesays.com\/fr\/wp-json\/wp\/v2\/media?parent=510804"}],"wp:term":[{"taxonomy":"category","embeddable":true,"href":"https:\/\/www.europesays.com\/fr\/wp-json\/wp\/v2\/categories?post=510804"},{"taxonomy":"post_tag","embeddable":true,"href":"https:\/\/www.europesays.com\/fr\/wp-json\/wp\/v2\/tags?post=510804"}],"curies":[{"name":"wp","href":"https:\/\/api.w.org\/{rel}","templated":true}]}}