{"id":510811,"date":"2025-11-04T09:21:11","date_gmt":"2025-11-04T09:21:11","guid":{"rendered":"https:\/\/www.europesays.com\/fr\/510811\/"},"modified":"2025-11-04T09:21:11","modified_gmt":"2025-11-04T09:21:11","slug":"marseille-un-homme-de-40-ans-retrouve-mort-dans-un-parking-souterrain-une-enquete-ouverte","status":"publish","type":"post","link":"https:\/\/www.europesays.com\/fr\/510811\/","title":{"rendered":"Marseille. Un homme de 40 ans retrouv\u00e9 mort dans un parking souterrain, une enqu\u00eate ouverte"},"content":{"rendered":"<p>            Par<br \/>\n        <strong><br \/>\n            <a href=\"https:\/\/actu.fr\/auteur\/thibault-nadal-actu-fr\" title=\"Consulter tous les articles de Thibault Nadal\" target=\"_blank\" rel=\"noopener\">Thibault Nadal<\/a><br \/>\n        <\/strong><\/p>\n<p>        Publi\u00e9 le<\/p>\n<p>            4 nov. 2025 \u00e0 10h10        <\/p>\n<p>Terrible d\u00e9couverte dans le 5e arrondissement de <a href=\"https:\/\/actu.fr\/marseille\/\" target=\"_blank\" rel=\"noopener\">Marseille<\/a>. Ce lundi 3\u00a0novembre 2025, dans la matin\u00e9e, le corps d\u2019un homme a \u00e9t\u00e9 retrouv\u00e9 <strong>dans le sous-sol d\u2019un parking<\/strong>, apprend-on des <a href=\"https:\/\/actu.fr\/tag\/marin-pompier\" target=\"_blank\" rel=\"noopener\">marins-pompiers<\/a>, confirmant une information initiale de <a href=\"https:\/\/www.laprovence.com\/article\/faits-divers-justice\/15305727004326\/un-cadavre-decouvert-dans-le-sous-sol-dun-parking-du-5e-arrondissement-a-marseille\" target=\"_blank\" rel=\"noopener\">La Provence<\/a>.<\/p>\n<p>La victime pr\u00e9sentait de multiples contusions<\/p>\n<p class=\" wall-content\">Selon les premiers \u00e9l\u00e9ments transmis par les secours, le corps de la victime, \u00e2g\u00e9 de <strong>40\u00a0ans<\/strong>, a \u00e9t\u00e9 retrouv\u00e9 dans un parking souterrain de <strong>la rue Ferrari<\/strong>, situ\u00e9 \u00e0 deux pas de La Plaine.<\/p>\n<p>    <a href=\"https:\/\/www.google.com\/maps\/embed?pb=!1m18!1m12!1m3!1d3420.3620087244103!2d5.389075536140645!3d43.29346926430573!2m3!1f0!2f0!3f0!3m2!1i1024!2i768!4f13.1!3m3!1m2!1s0x12c9c0a6df8288e9%3A0x8220c668ad3b2e7d!2sRue%20Ferrari%2C%2013005%20Marseille!5e0!3m2!1sfr!2sfr!4v1762244635180!5m2!1sfr!2sfr\" title=\"Ouvrie le lien\" target=\"_blank\" rel=\"noopener\">Cliquez ici pour visualiser le contenu<\/a><\/p>\n<p class=\" wall-content\">Nos confr\u00e8res r\u00e9v\u00e8lent que la victime pr\u00e9sentait de multiples contusions. <strong>Une autopsie<\/strong> doit \u00eatre pratiqu\u00e9e ce mardi 4 novembre pour conna\u00eetre les causes exactes de la mort.<\/p>\n<p class=\" wall-content\">Une <strong>enqu\u00eate<\/strong> a \u00e9t\u00e9 ouverte pour faire toute la lumi\u00e8re sur cette histoire. Elle a \u00e9t\u00e9 confi\u00e9e \u00e0 la division de la criminalit\u00e9 organis\u00e9e et sp\u00e9cialis\u00e9e (DCOS).<\/p>\n<p class=\" wall-content\">Personnalisez votre actualit\u00e9 en ajoutant vos villes et m\u00e9dias en favori avec <a href=\"https:\/\/moncompte.actu.fr\" title=\"D\u00e9couvez Mon Actu\" rel=\"nofollow noopener\" data-trk=\"{&quot;cta&quot;:{&quot;action&quot;:&quot;https:\\\/\\\/moncompte.actu.fr&quot;,&quot;category&quot;:&quot;mon compte&quot;,&quot;from&quot;:&quot;article footer&quot;,&quot;name&quot;:&quot;Mon actu&quot;,&quot;type&quot;:&quot;cta&quot;}}\" target=\"_blank\">Mon Actu<\/a>.<\/p>\n","protected":false},"excerpt":{"rendered":"Par Thibault Nadal Publi\u00e9 le 4 nov. 2025 \u00e0 10h10 Terrible d\u00e9couverte dans le 5e arrondissement de Marseille.&hellip;\n","protected":false},"author":2,"featured_media":99500,"comment_status":"","ping_status":"","sticky":false,"template":"","format":"standard","meta":{"footnotes":""},"categories":[2814],"tags":[1111,11,1777,674,118,1011,27,17289,884,12,1072,882,25],"class_list":{"0":"post-510811","1":"post","2":"type-post","3":"status-publish","4":"format-standard","5":"has-post-thumbnail","7":"category-marseille","8":"tag-actu","9":"tag-actualites","10":"tag-eu","11":"tag-europe","12":"tag-faits-divers","13":"tag-fr","14":"tag-france","15":"tag-marin-pompier","16":"tag-marseille","17":"tag-news","18":"tag-police","19":"tag-provence-alpes-cote-dazur","20":"tag-republique-francaise"},"share_on_mastodon":{"url":"https:\/\/pubeurope.com\/@fr\/115490697003575201","error":""},"_links":{"self":[{"href":"https:\/\/www.europesays.com\/fr\/wp-json\/wp\/v2\/posts\/510811","targetHints":{"allow":["GET"]}}],"collection":[{"href":"https:\/\/www.europesays.com\/fr\/wp-json\/wp\/v2\/posts"}],"about":[{"href":"https:\/\/www.europesays.com\/fr\/wp-json\/wp\/v2\/types\/post"}],"author":[{"embeddable":true,"href":"https:\/\/www.europesays.com\/fr\/wp-json\/wp\/v2\/users\/2"}],"replies":[{"embeddable":true,"href":"https:\/\/www.europesays.com\/fr\/wp-json\/wp\/v2\/comments?post=510811"}],"version-history":[{"count":0,"href":"https:\/\/www.europesays.com\/fr\/wp-json\/wp\/v2\/posts\/510811\/revisions"}],"wp:featuredmedia":[{"embeddable":true,"href":"https:\/\/www.europesays.com\/fr\/wp-json\/wp\/v2\/media\/99500"}],"wp:attachment":[{"href":"https:\/\/www.europesays.com\/fr\/wp-json\/wp\/v2\/media?parent=510811"}],"wp:term":[{"taxonomy":"category","embeddable":true,"href":"https:\/\/www.europesays.com\/fr\/wp-json\/wp\/v2\/categories?post=510811"},{"taxonomy":"post_tag","embeddable":true,"href":"https:\/\/www.europesays.com\/fr\/wp-json\/wp\/v2\/tags?post=510811"}],"curies":[{"name":"wp","href":"https:\/\/api.w.org\/{rel}","templated":true}]}}