{"id":510816,"date":"2025-11-04T09:25:11","date_gmt":"2025-11-04T09:25:11","guid":{"rendered":"https:\/\/www.europesays.com\/fr\/510816\/"},"modified":"2025-11-04T09:25:11","modified_gmt":"2025-11-04T09:25:11","slug":"ile-de-france-avec-455-km-de-bouchons-la-galere-continue-pour-les-automobilistes-ce-mardi","status":"publish","type":"post","link":"https:\/\/www.europesays.com\/fr\/510816\/","title":{"rendered":"\u00cele-de-France\u00a0: avec 455\u00a0km de bouchons, la gal\u00e8re continue pour les automobilistes ce mardi"},"content":{"rendered":"<p class=\"paragraph text_align_left lp-f-body-02\">Apr\u00e8s un <a href=\"https:\/\/www.leparisien.fr\/info-paris-ile-de-france-oise\/transports\/embouteillages-exceptionnel-450-km-de-bouchons-enregistres-lundi-matin-en-ile-de-france-pour-le-retour-de-la-toussaint-03-11-2025-PSRIFCZXARDRHGQYZQ3DRTH34A.php\" target=\"_blank\" rel=\"noreferrer noopener\">lundi d\u00e9j\u00e0 tr\u00e8s congestionn\u00e9<\/a>, les automobilistes franciliens esp\u00e9raient un r\u00e9pit. Mais ce mardi 4 novembre, la circulation s\u2019est r\u00e9v\u00e9l\u00e9e tout aussi compliqu\u00e9e. \u00c0 9 heures, le site gouvernemental Sytadin enregistrait 455 km de bouchons cumul\u00e9s en <a href=\"https:\/\/www.leparisien.fr\/info-paris-ile-de-france-oise\/\" target=\"_blank\" rel=\"noreferrer noopener\">\u00cele-de-France<\/a>, soit un niveau \u00ab exceptionnel \u00bb.<\/p>\n<p class=\"paragraph text_align_left lp-f-body-02\">La matin\u00e9e a \u00e9t\u00e9 marqu\u00e9e par une s\u00e9rie d\u2019incidents qui ont paralys\u00e9 les principaux axes de la r\u00e9gion. Le premier accident s\u2019est produit \u00e0 7h58 sur la nationale 1104 en direction de <a href=\"https:\/\/www.leparisien.fr\/paris-75\/\" target=\"_blank\" rel=\"noreferrer noopener\">Paris<\/a>, au niveau de Compans en Seine-et-Marne. Un bus et une camionnette sont entr\u00e9s en collision, provoquant la neutralisation de deux voies sur trois. Seule une voie restait circul\u00e9e, cr\u00e9ant un goulot d\u2019\u00e9tranglement.<\/p>\n<p class=\"paragraph text_align_left lp-f-body-02\">\u00c0 8h21, un nouvel accident a \u00e9t\u00e9 signal\u00e9 sur l\u2019A6B en direction de Paris. Un v\u00e9hicule l\u00e9ger et une moto ont \u00e9t\u00e9 impliqu\u00e9s dans cette collision. Trente-trois minutes plus tard, \u00e0 8h54, c\u2019est sur l\u2019A3 province-Paris qu\u2019une moto a \u00e9t\u00e9 accident\u00e9e. L\u2019incident a entra\u00een\u00e9 la fermeture de la bande d\u2019arr\u00eat d\u2019urgence sur les deux voies disponibles.<\/p>\n<p>De gros travaux sur l\u2019A104<\/p>\n<p class=\"paragraph text_align_left lp-f-body-02\">\u00c0 8h58, un quatri\u00e8me accident a perturb\u00e9 la circulation sur l\u2019A86 int\u00e9rieur. Un v\u00e9hicule l\u00e9ger et une moto sont entr\u00e9s en collision, n\u00e9cessitant la fermeture d\u2019une voie sur deux, la voie de gauche \u00e9tant neutralis\u00e9e.<\/p>\n<p class=\"paragraph text_align_left lp-f-body-02\">Mais au-del\u00e0 des accidents, c\u2019est la fermeture d\u2019une bretelle sur l\u2019A104 sens ext\u00e9rieur \u00e0 Gonesse qui a consid\u00e9rablement aggrav\u00e9 la situation. Depuis le 3 novembre au soir, \u00e0 21h26, la sortie vers l\u2019A3 en direction de l\u2019A1 Lille et de <a href=\"https:\/\/www.leparisien.fr\/val-d-oise-95\/cetait-un-tres-bon-element-un-douanier-se-donne-la-mort-avec-son-arme-de-service-au-sein-de-laeroport-roissy-charles-de-gaulle-03-11-2025-NG3TQNHKPNB3XHMYJBYVTBT2OM.php\" target=\"_blank\" rel=\"noreferrer noopener\">l\u2019a\u00e9roport Charles de Gaulle<\/a> est ferm\u00e9e en raison de travaux de r\u00e9fection de la chauss\u00e9e. Des travaux dont la dur\u00e9e reste ind\u00e9termin\u00e9e. Les automobilistes doivent emprunter un itin\u00e9raire de d\u00e9viation complexe passant par la D170 et la D370, via deux ronds-points, pour rejoindre l\u2019A1 et l\u2019a\u00e9roport.<\/p>\n<p class=\"paragraph text_align_left lp-f-body-02\">Cette fermeture touche un point n\u00e9vralgique du r\u00e9seau francilien, l\u2019A104 constituant un axe majeur de contournement de la capitale.<\/p>\n","protected":false},"excerpt":{"rendered":"Apr\u00e8s un lundi d\u00e9j\u00e0 tr\u00e8s congestionn\u00e9, les automobilistes franciliens esp\u00e9raient un r\u00e9pit. Mais ce mardi 4 novembre, la&hellip;\n","protected":false},"author":2,"featured_media":200276,"comment_status":"","ping_status":"","sticky":false,"template":"","format":"standard","meta":{"footnotes":""},"categories":[1592],"tags":[1111,11,1777,674,1011,27,662,1944,12,626,25,2382],"class_list":{"0":"post-510816","1":"post","2":"type-post","3":"status-publish","4":"format-standard","5":"has-post-thumbnail","7":"category-ile-de-france","8":"tag-actu","9":"tag-actualites","10":"tag-eu","11":"tag-europe","12":"tag-fr","13":"tag-france","14":"tag-ile-de-france","15":"tag-ma-ville","16":"tag-news","17":"tag-paris","18":"tag-republique-francaise","19":"tag-transport-idf-oise"},"share_on_mastodon":{"url":"https:\/\/pubeurope.com\/@fr\/115490712773402128","error":""},"_links":{"self":[{"href":"https:\/\/www.europesays.com\/fr\/wp-json\/wp\/v2\/posts\/510816","targetHints":{"allow":["GET"]}}],"collection":[{"href":"https:\/\/www.europesays.com\/fr\/wp-json\/wp\/v2\/posts"}],"about":[{"href":"https:\/\/www.europesays.com\/fr\/wp-json\/wp\/v2\/types\/post"}],"author":[{"embeddable":true,"href":"https:\/\/www.europesays.com\/fr\/wp-json\/wp\/v2\/users\/2"}],"replies":[{"embeddable":true,"href":"https:\/\/www.europesays.com\/fr\/wp-json\/wp\/v2\/comments?post=510816"}],"version-history":[{"count":0,"href":"https:\/\/www.europesays.com\/fr\/wp-json\/wp\/v2\/posts\/510816\/revisions"}],"wp:featuredmedia":[{"embeddable":true,"href":"https:\/\/www.europesays.com\/fr\/wp-json\/wp\/v2\/media\/200276"}],"wp:attachment":[{"href":"https:\/\/www.europesays.com\/fr\/wp-json\/wp\/v2\/media?parent=510816"}],"wp:term":[{"taxonomy":"category","embeddable":true,"href":"https:\/\/www.europesays.com\/fr\/wp-json\/wp\/v2\/categories?post=510816"},{"taxonomy":"post_tag","embeddable":true,"href":"https:\/\/www.europesays.com\/fr\/wp-json\/wp\/v2\/tags?post=510816"}],"curies":[{"name":"wp","href":"https:\/\/api.w.org\/{rel}","templated":true}]}}