{"id":510823,"date":"2025-11-04T09:29:20","date_gmt":"2025-11-04T09:29:20","guid":{"rendered":"https:\/\/www.europesays.com\/fr\/510823\/"},"modified":"2025-11-04T09:29:20","modified_gmt":"2025-11-04T09:29:20","slug":"paris-sg-bayern-munich-voici-la-meilleure-solution-pour-voir-le-match-en-direct-ce-mardi-soir","status":"publish","type":"post","link":"https:\/\/www.europesays.com\/fr\/510823\/","title":{"rendered":"Paris SG \u2013 Bayern Munich : voici la meilleure solution pour voir le match en direct ce mardi soir"},"content":{"rendered":"<p class=\"paragraph text_align_left lp-f-body-02\">\u00c0 l\u2019heure actuelle, les deux clubs sont au coude \u00e0 coude avec neuf points au compteur. Jusqu\u2019\u00e0 pr\u00e9sent, le Paris SG a remport\u00e9 les duels contre l\u2019Atalanta Bergame, le FC Barcelone et le Bayer Leverkusen, gr\u00e2ce \u00e0 treize buts inscrits. De son c\u00f4t\u00e9, le Bayern Munich s\u2019est impos\u00e9 face \u00e0 Chelsea, Paphos et le Club Bruges. Pour m\u00e9moire, les trois derni\u00e8res rencontres entre les deux \u00e9quipes en UEFA Champions League se sont sold\u00e9es en faveur des Bavarois. <b>Le match Paris SG \u2013 Bayern Munich est diffus\u00e9 ce mardi 4 novembre \u00e0 21 heures, <\/b><a href=\"https:\/\/ad.doubleclick.net\/ddm\/trackclk\/N6600.145219.LEPARISIEN.FR\/B32944843.412602251;dc_trk_aid=604786711;dc_trk_cid=228480032;dc_lat=;dc_rdid=;tag_for_child_directed_treatment=;tfua=;gdpr=$%7BGDPR%7D;gdpr_consent=$%7BGDPR_CONSENT_755%7D;ltd=;dc_tdv=1\" rel=\"sponsored nofollow noopener\" target=\"_blank\"><b>en direct sur CANAL+LIVE<\/b><\/a> 1. <\/p>\n<p>Suivez le match Paris SG \u2013 Bayern Munich avec une offre CANAL+<\/p>\n<p class=\"paragraph text_align_left lp-f-body-02\">Vous pouvez regarder le match qui oppose le Paris SG et le Bayern Munich en souscrivant <a href=\"https:\/\/ad.doubleclick.net\/ddm\/trackclk\/N6600.145219.LEPARISIEN.FR\/B32944843.412602251;dc_trk_aid=604786711;dc_trk_cid=228480032;dc_lat=;dc_rdid=;tag_for_child_directed_treatment=;tfua=;gdpr=$%7BGDPR%7D;gdpr_consent=$%7BGDPR_CONSENT_755%7D;ltd=;dc_tdv=1\" rel=\"sponsored nofollow noopener\" target=\"_blank\">l\u2019offre CANAL+ &amp; PASS COUPES D\u2019EUROPE au prix de 29, 99 euros par mois pendant un an <\/a>, puis 34, 99 euros par mois, avec un engagement de 2 ans. Cette formule vous donne acc\u00e8s \u00e0 l\u2019int\u00e9gralit\u00e9 des programmes diffus\u00e9s sur les cha\u00eenes CANAL+, CANAL+BOX OFFICE, CANAL+GRAND \u00c9CRAN, CANAL+SPORT 360, CANAL+DOCS, CANAL+KIDS et CANAL+LIVE. Vous suivez ainsi 100 %** des matchs de l\u2019UEFA Champions League, de l\u2019UEFA Europa League et de l\u2019UEFA Conference League. Vous retrouvez aussi deux rencontres par journ\u00e9e de Premier League et deux affiches par journ\u00e9e du TOP 14. Vous profitez \u00e9galement de tous les Grands Prix\u2122 de Formule 1\u00ae (hors essais et qualifications) et des Grands Prix\u2122 du MotoGP\u2122. Les contenus sont disponibles sur l\u2019\u00e9cran connect\u00e9 et compatible de votre choix, en qualit\u00e9 UHD HDR et son Dolby Atmos.<\/p>\n<p class=\"paragraph text_align_left lp-f-body-02\"><b>Cliquez ici pour <\/b><a href=\"https:\/\/ad.doubleclick.net\/ddm\/trackclk\/N6600.145219.LEPARISIEN.FR\/B32944843.412602251;dc_trk_aid=604786711;dc_trk_cid=228480032;dc_lat=;dc_rdid=;tag_for_child_directed_treatment=;tfua=;gdpr=${GDPR};gdpr_consent=${GDPR_CONSENT_755};ltd=;dc_tdv=1\" target=\"_blank\" rel=\"sponsored nofollow noopener\"><b>souscrire<\/b> <b>l\u2019offre CANAL+ &amp; PASS COUPES D\u2019EUROPE*<\/b><\/a><\/p>\n<p class=\"paragraph text_align_left lp-f-body-02\">*Offre valable en France m\u00e9tropolitaine jusqu\u2019au 19 Novembre 2025 soumise \u00e0 conditions. Modalit\u00e9s et souscription sur boutique.canalplus.com.\u200b<\/p>\n<p class=\"paragraph text_align_left lp-f-body-02\">**Sauf interdiction administrative de diffusion<\/p>\n","protected":false},"excerpt":{"rendered":"\u00c0 l\u2019heure actuelle, les deux clubs sont au coude \u00e0 coude avec neuf points au compteur. Jusqu\u2019\u00e0 pr\u00e9sent,&hellip;\n","protected":false},"author":2,"featured_media":510824,"comment_status":"","ping_status":"","sticky":false,"template":"","format":"standard","meta":{"footnotes":""},"categories":[1888],"tags":[11,1777,674,1011,27,749,12,62619,626,25],"class_list":{"0":"post-510823","1":"post","2":"type-post","3":"status-publish","4":"format-standard","5":"has-post-thumbnail","7":"category-paris","8":"tag-actualites","9":"tag-eu","10":"tag-europe","11":"tag-fr","12":"tag-france","13":"tag-guide-shopping","14":"tag-news","15":"tag-offres-canal","16":"tag-paris","17":"tag-republique-francaise"},"share_on_mastodon":{"url":"https:\/\/pubeurope.com\/@fr\/115490728518140124","error":""},"_links":{"self":[{"href":"https:\/\/www.europesays.com\/fr\/wp-json\/wp\/v2\/posts\/510823","targetHints":{"allow":["GET"]}}],"collection":[{"href":"https:\/\/www.europesays.com\/fr\/wp-json\/wp\/v2\/posts"}],"about":[{"href":"https:\/\/www.europesays.com\/fr\/wp-json\/wp\/v2\/types\/post"}],"author":[{"embeddable":true,"href":"https:\/\/www.europesays.com\/fr\/wp-json\/wp\/v2\/users\/2"}],"replies":[{"embeddable":true,"href":"https:\/\/www.europesays.com\/fr\/wp-json\/wp\/v2\/comments?post=510823"}],"version-history":[{"count":0,"href":"https:\/\/www.europesays.com\/fr\/wp-json\/wp\/v2\/posts\/510823\/revisions"}],"wp:featuredmedia":[{"embeddable":true,"href":"https:\/\/www.europesays.com\/fr\/wp-json\/wp\/v2\/media\/510824"}],"wp:attachment":[{"href":"https:\/\/www.europesays.com\/fr\/wp-json\/wp\/v2\/media?parent=510823"}],"wp:term":[{"taxonomy":"category","embeddable":true,"href":"https:\/\/www.europesays.com\/fr\/wp-json\/wp\/v2\/categories?post=510823"},{"taxonomy":"post_tag","embeddable":true,"href":"https:\/\/www.europesays.com\/fr\/wp-json\/wp\/v2\/tags?post=510823"}],"curies":[{"name":"wp","href":"https:\/\/api.w.org\/{rel}","templated":true}]}}