{"id":510828,"date":"2025-11-04T09:32:18","date_gmt":"2025-11-04T09:32:18","guid":{"rendered":"https:\/\/www.europesays.com\/fr\/510828\/"},"modified":"2025-11-04T09:32:18","modified_gmt":"2025-11-04T09:32:18","slug":"les-autorites-pro-armee-etudient-une-proposition-americaine-de-cessez-le-feu","status":"publish","type":"post","link":"https:\/\/www.europesays.com\/fr\/510828\/","title":{"rendered":"les autorit\u00e9s pro-arm\u00e9e \u00e9tudient une proposition am\u00e9ricaine de cessez-le-feu"},"content":{"rendered":"<p>Le Conseil de souverainet\u00e9 pr\u00e9sid\u00e9 par le chef de l&rsquo;arm\u00e9e soudanaise, Abdel-Fattah Al-Burhane, va \u00e9tudier mardi une proposition de tr\u00eave port\u00e9e par les \u00c9tats-Unis dans le conflit qui ensanglante le Soudan depuis plus de deux ans, selon une source gouvernementale \u00e0 Port Soudan.<\/p>\n<p>L&rsquo;\u00e9missaire am\u00e9ricain pour l&rsquo;Afrique, Massad Boulos a men\u00e9 ces derniers jours une s\u00e9rie d&rsquo;entretiens au Caire, dans le but de finaliser la proposition de tr\u00eave humanitaire propos\u00e9e mi-septembre sous son \u00e9gide par un groupe de m\u00e9diateurs incluant l&rsquo;\u00c9gypte, l&rsquo;Arabie Saoudite et les \u00c9mirats arabes unis, selon diff\u00e9rents communiqu\u00e9s officiels publi\u00e9s au Caire.<\/p>\n<p>Il a notamment rencontr\u00e9 le ministre \u00e9gyptien des Affaires \u00e9trang\u00e8res, Badr Abdelatty et le pr\u00e9sident de la Ligue arabe, Ahmed Aboul Gheit.<\/p>\n<p>M. Boulos a donn\u00e9 \u00e0 ce dernier \u00abune explication d\u00e9taill\u00e9e (&#8230;) sur les r\u00e9cents efforts des \u00c9tats-Unis au Soudan pour mettre fin \u00e0 la guerre, faire entrer rapidement de l&rsquo;aide et lancer un processus politique soudano-soudanais\u00bb, selon un communiqu\u00e9 publi\u00e9 lundi soir par la Ligue arabe.<\/p>\n<p>Aucune information n&rsquo;a filtr\u00e9 c\u00f4t\u00e9 \u00e9gyptien apr\u00e8s la rencontre annonc\u00e9e par le minist\u00e8re des Affaires \u00e9trang\u00e8res.<\/p>\n<p>Depuis plusieurs mois, un groupe de m\u00e9diation r\u00e9unissant les \u00c9tats-Unis, l&rsquo;\u00c9gypte, l&rsquo;Arabie saoudite et les \u00c9mirats arabes unis, travaille sur un plan de paix pour le Soudan, mais ses derni\u00e8res propositions, pr\u00e9sent\u00e9es mi-septembre \u00e0 Washington, sont rest\u00e9es lettre morte.<\/p>\n<p>Fin septembre M. Boulos avait d\u00e9j\u00e0 dit esp\u00e9rer, \u00e0 l&rsquo;ONU, que l&rsquo;aide humanitaire puisse rentrer \u00e0 El-Facher, ville du Darfour, au Soudan, alors th\u00e9\u00e2tre d&rsquo;intenses combats entre l&rsquo;arm\u00e9e soudanaise et les paramilitaires des Forces de soutien rapide.<\/p>\n<p>Apr\u00e8s 18 mois de si\u00e8ge, cette capitale, dernier verrou strat\u00e9gique de l&rsquo;arm\u00e9e au Darfour et comptant encore des centaines de milliers d&rsquo;habitants a \u00e9t\u00e9 prise le 26 octobre par les FSR, depuis accus\u00e9es d&rsquo;exactions de masse sur les civils.<\/p>\n<p>Les informations et t\u00e9moignages se multiplient sur les ex\u00e9cutions, viols, attaques contre des humanitaires et pillages qui y sont commis, document\u00e9s par des images satellites et par des vid\u00e9os d&rsquo;exactions publi\u00e9es par les combattants eux-m\u00eames.<\/p>\n<p>La guerre depuis avril 2023 entre le g\u00e9n\u00e9ral al-Burhane, commandant de l&rsquo;arm\u00e9e et dirigeant de facto du Soudan depuis le coup d&rsquo;\u00c9tat de 2021, et son ancien alli\u00e9 le g\u00e9n\u00e9ral Mohamed Daglo, le chef des FSR, a fait des dizaines de milliers de morts, d\u00e9plac\u00e9 pr\u00e8s de 12 millions de personnes et provoqu\u00e9 la pire crise humanitaire au monde, selon l&rsquo;ONU.<\/p>\n<p>Avec AFP<\/p>\n","protected":false},"excerpt":{"rendered":"Le Conseil de souverainet\u00e9 pr\u00e9sid\u00e9 par le chef de l&rsquo;arm\u00e9e soudanaise, Abdel-Fattah Al-Burhane, va \u00e9tudier mardi une proposition&hellip;\n","protected":false},"author":2,"featured_media":510829,"comment_status":"","ping_status":"","sticky":false,"template":"","format":"standard","meta":{"footnotes":""},"categories":[1589],"tags":[11,73,1866,12,1864,1865,1863,308],"class_list":{"0":"post-510828","1":"post","2":"type-post","3":"status-publish","4":"format-standard","5":"has-post-thumbnail","7":"category-etats-unis","8":"tag-actualites","9":"tag-etats-unis","10":"tag-etats-unis-damerique","11":"tag-news","12":"tag-united-states","13":"tag-united-states-of-america","14":"tag-us","15":"tag-usa"},"share_on_mastodon":{"url":"https:\/\/pubeurope.com\/@fr\/115490740282600092","error":""},"_links":{"self":[{"href":"https:\/\/www.europesays.com\/fr\/wp-json\/wp\/v2\/posts\/510828","targetHints":{"allow":["GET"]}}],"collection":[{"href":"https:\/\/www.europesays.com\/fr\/wp-json\/wp\/v2\/posts"}],"about":[{"href":"https:\/\/www.europesays.com\/fr\/wp-json\/wp\/v2\/types\/post"}],"author":[{"embeddable":true,"href":"https:\/\/www.europesays.com\/fr\/wp-json\/wp\/v2\/users\/2"}],"replies":[{"embeddable":true,"href":"https:\/\/www.europesays.com\/fr\/wp-json\/wp\/v2\/comments?post=510828"}],"version-history":[{"count":0,"href":"https:\/\/www.europesays.com\/fr\/wp-json\/wp\/v2\/posts\/510828\/revisions"}],"wp:featuredmedia":[{"embeddable":true,"href":"https:\/\/www.europesays.com\/fr\/wp-json\/wp\/v2\/media\/510829"}],"wp:attachment":[{"href":"https:\/\/www.europesays.com\/fr\/wp-json\/wp\/v2\/media?parent=510828"}],"wp:term":[{"taxonomy":"category","embeddable":true,"href":"https:\/\/www.europesays.com\/fr\/wp-json\/wp\/v2\/categories?post=510828"},{"taxonomy":"post_tag","embeddable":true,"href":"https:\/\/www.europesays.com\/fr\/wp-json\/wp\/v2\/tags?post=510828"}],"curies":[{"name":"wp","href":"https:\/\/api.w.org\/{rel}","templated":true}]}}