{"id":510830,"date":"2025-11-04T09:33:12","date_gmt":"2025-11-04T09:33:12","guid":{"rendered":"https:\/\/www.europesays.com\/fr\/510830\/"},"modified":"2025-11-04T09:33:12","modified_gmt":"2025-11-04T09:33:12","slug":"james-taylor-annonce-une-tournee-au-royaume-uni-et-en-europe-en-2026-comprenant-un-enorme-spectacle-a-londres","status":"publish","type":"post","link":"https:\/\/www.europesays.com\/fr\/510830\/","title":{"rendered":"James Taylor annonce une tourn\u00e9e au Royaume-Uni et en Europe en 2026, comprenant un \u00e9norme spectacle \u00e0 Londres"},"content":{"rendered":"<p>James Taylor a annonc\u00e9 une tourn\u00e9e au Royaume-Uni et en Europe pour 2026, qui comprend un \u00e9norme concert \u00e0 Londres. Retrouvez tous les d\u00e9tails ci-dessous.<\/p>\n<p>L&rsquo;auteur-compositeur-interpr\u00e8te am\u00e9ricain et son All-Star Band monteront sur sc\u00e8ne \u00e0 l&rsquo;O2 le jeudi 23 juillet dans le cadre d&rsquo;une tourn\u00e9e au Royaume-Uni et en Europe.<\/p>\n<p>Taylor, connu pour ses morceaux classiques tels que \u00ab Fire And Rain \u00bb, \u00ab You&rsquo;ve Got A Friend \u00bb et \u00ab Carolina In My Mind \u00bb, s&rsquo;est produit pour la derni\u00e8re fois dans la capitale en 2022 lors de sa tourn\u00e9e au Royaume-Uni et en Europe cette ann\u00e9e-l\u00e0.<\/p>\n<p>D&rsquo;autres concerts auront lieu au ch\u00e2teau d&rsquo;\u00c9dimbourg, au Piece Hall \u00e0 Halifax, au Scarborough Open Air Theatre et \u00e0 l&rsquo;AFAS Live \u00e0 Amsterdam en 2026.<\/p>\n<p>Les billets pour les dates britanniques de l&rsquo;ann\u00e9e prochaine seront mis en vente \u00e0 10h00 GMT ce vendredi 7 novembre \u2013 vous pourrez acheter les v\u00f4tres ici. Alternativement, les fans peuvent acc\u00e9der \u00e0 une pr\u00e9vente \u00e0 la m\u00eame heure demain (mercredi 5 novembre) via le site officiel de Taylor.<\/p>\n<blockquote class=\"instagram-media\" data-instgrm-captioned=\"\" data-instgrm-permalink=\"https:\/\/www.instagram.com\/p\/DQoPTBIl1_1\/?utm_source=ig_embed&amp;utm_campaign=loading\" data-instgrm-version=\"14\" style=\" background:#FFF; border:0; border-radius:3px; box-shadow:0 0 1px 0 rgba(0,0,0,0.5),0 1px 10px 0 rgba(0,0,0,0.15); margin: 1px; max-width:658px; min-width:326px; padding:0; width:99.375%; width:-webkit-calc(100% - 2px); width:calc(100% - 2px);\"><\/blockquote>\n<p><strong>Les dates de la tourn\u00e9e 2026 de James Taylor au Royaume-Uni et en Europe sont\u00a0:<\/strong><\/p>\n<p><strong>JUILLET<br \/>14 \u2013 Ch\u00e2teau d\u2019\u00c9dimbourg<\/strong><br \/><strong>16 \u2013 Salle des pi\u00e8ces, Halifax<\/strong><br \/><strong>21 \u2013 AFAS Live, Amsterdam<\/strong><br \/><strong>23 \u2013 O2 Arena, Londres<\/strong><br \/><strong>25 \u2013 Th\u00e9\u00e2tre en plein air, Scarborough<\/strong><\/p>\n<p>Le laur\u00e9at de plusieurs Grammy Awards et intronis\u00e9 au Rock &amp; Roll Hall Of Fame a conclu une tourn\u00e9e nord-am\u00e9ricaine en septembre. Ce mois-l\u00e0, des images ont \u00e9t\u00e9 diffus\u00e9es montrant Matty Healy des ann\u00e9es 1975 assistant \u00e0 l&rsquo;un des concerts de Taylor aux \u00c9tats-Unis. Sa fianc\u00e9e, Gabbriette Bechtel, a partag\u00e9 des vid\u00e9os du leader versant des larmes dans le public et a qualifi\u00e9 Taylor de \u00ab son artiste pr\u00e9f\u00e9r\u00e9 \u00bb.<\/p>\n<p>Taylor a vendu plus de 100 millions d&rsquo;albums, remportant des prix d&rsquo;or, de platine et multi-platine depuis la sortie de son premier album \u00e9ponyme en 1968.<\/p>\n<p>Le musicien a sorti son 20e et dernier disque studio, \u00ab American Standard \u00bb, d\u00e9but 2020. Il a ensuite remport\u00e9 le prix du meilleur album vocal pop traditionnel aux Grammys 2021.<\/p>\n<p>L&rsquo;ann\u00e9e derni\u00e8re, Taylor s&rsquo;est prononc\u00e9 sur son tournage de la Convention nationale d\u00e9mocrate \u00e0 Chicago, dans l&rsquo;Illinois.<\/p>\n<p><script async src=\"\/\/www.instagram.com\/embed.js\"><\/script><\/p>\n","protected":false},"excerpt":{"rendered":"James Taylor a annonc\u00e9 une tourn\u00e9e au Royaume-Uni et en Europe pour 2026, qui comprend un \u00e9norme concert&hellip;\n","protected":false},"author":2,"featured_media":6228,"comment_status":"","ping_status":"","sticky":false,"template":"","format":"standard","meta":{"footnotes":""},"categories":[1588],"tags":[11,2562,63208,25370,1777,674,3654,4534,12,473,1853,1873,3140,63209,4441,1851,96,1850,1852],"class_list":{"0":"post-510830","1":"post","2":"type-post","3":"status-publish","4":"format-standard","5":"has-post-thumbnail","7":"category-royaume-uni","8":"tag-actualites","9":"tag-annonce","10":"tag-comprenant","11":"tag-enorme","12":"tag-eu","13":"tag-europe","14":"tag-james","15":"tag-londres","16":"tag-news","17":"tag-royaume-uni","18":"tag-royaume-uni-de-grande-bretagne-et-dirlande-du-nord","19":"tag-royaumeuni","20":"tag-spectacle","21":"tag-taylor","22":"tag-tournee","23":"tag-uk","24":"tag-une","25":"tag-united-kingdom","26":"tag-united-kingdom-of-great-britain-and-northern-ireland"},"share_on_mastodon":{"url":"https:\/\/pubeurope.com\/@fr\/115490744331348908","error":""},"_links":{"self":[{"href":"https:\/\/www.europesays.com\/fr\/wp-json\/wp\/v2\/posts\/510830","targetHints":{"allow":["GET"]}}],"collection":[{"href":"https:\/\/www.europesays.com\/fr\/wp-json\/wp\/v2\/posts"}],"about":[{"href":"https:\/\/www.europesays.com\/fr\/wp-json\/wp\/v2\/types\/post"}],"author":[{"embeddable":true,"href":"https:\/\/www.europesays.com\/fr\/wp-json\/wp\/v2\/users\/2"}],"replies":[{"embeddable":true,"href":"https:\/\/www.europesays.com\/fr\/wp-json\/wp\/v2\/comments?post=510830"}],"version-history":[{"count":0,"href":"https:\/\/www.europesays.com\/fr\/wp-json\/wp\/v2\/posts\/510830\/revisions"}],"wp:featuredmedia":[{"embeddable":true,"href":"https:\/\/www.europesays.com\/fr\/wp-json\/wp\/v2\/media\/6228"}],"wp:attachment":[{"href":"https:\/\/www.europesays.com\/fr\/wp-json\/wp\/v2\/media?parent=510830"}],"wp:term":[{"taxonomy":"category","embeddable":true,"href":"https:\/\/www.europesays.com\/fr\/wp-json\/wp\/v2\/categories?post=510830"},{"taxonomy":"post_tag","embeddable":true,"href":"https:\/\/www.europesays.com\/fr\/wp-json\/wp\/v2\/tags?post=510830"}],"curies":[{"name":"wp","href":"https:\/\/api.w.org\/{rel}","templated":true}]}}