{"id":510831,"date":"2025-11-04T09:34:14","date_gmt":"2025-11-04T09:34:14","guid":{"rendered":"https:\/\/www.europesays.com\/fr\/510831\/"},"modified":"2025-11-04T09:34:14","modified_gmt":"2025-11-04T09:34:14","slug":"en-octobre-a-peine-51-des-trains-de-la-deutsche-bahn-etaient-a-lheure-un-plus-bas-historique","status":"publish","type":"post","link":"https:\/\/www.europesays.com\/fr\/510831\/","title":{"rendered":"en octobre, \u00e0 peine 51% des trains de la Deutsche Bahn \u00e9taient \u00e0 l&rsquo;heure, un plus bas historique"},"content":{"rendered":"<p>L&rsquo;\u00e9tat du r\u00e9seau plombe encore et toujours la ponctualit\u00e9 des trains allemands alors qu&rsquo;une nouvelle PDG a \u00e9t\u00e9 nomm\u00e9e.<\/p>\n<p>Pour illustrer les cons\u00e9quences d&rsquo;un r\u00e9seau ferr\u00e9 vieillissant, la SNCF cite souvent l&rsquo;exemple allemand comme le pire sc\u00e9nario possible. Et les faits lui donnent raison. En octobre dernier, la ponctualit\u00e9 des trains longues distances de nos voisins s&rsquo;est encore d\u00e9grad\u00e9e.<\/p>\n<p>Selon la <a href=\"https:\/\/www.sueddeutsche.de\/wirtschaft\/deutsche-bahn-puenktlichkeit-oktober-negativ-rekord-li.3333570\" target=\"_blank\" class=\"external_link\" rel=\"noopener\">S\u00fcddeutsche Zeitung<\/a>, seuls 51,5% de ces trains sont arriv\u00e9s \u00e0 l&rsquo;heure il y a un mois, un niveau historiquement bas. Pire, les 23 et 24 octobre, la ponctualit\u00e9 n&rsquo;a pas d\u00e9pass\u00e9 les 37% et 95,1% des trajets ferroviaires ont subi au moins une perturbation. La compagnie ferroviaire a confirm\u00e9 ces chiffres.<\/p>\n<p>Outre le mauvais \u00e9tat de l&rsquo;infrastructure ferroviaire, les travaux associ\u00e9s ainsi que les intemp\u00e9ries (la temp\u00eate Joshua notamment) expliquent ces difficult\u00e9s. \u00ab\u00a0La congestion des trains se propage rapidement \u00e0 l&rsquo;ensemble du r\u00e9seau et impacte n\u00e9gativement la ponctualit\u00e9 \u00e0 l&rsquo;\u00e9chelle nationale\u00a0\u00bb, a d\u00e9clar\u00e9 un porte-parole de la DB.<\/p>\n<blockquote class=\"embed embed_quote\"><p>\u00ab\u00a0La situation est critique et aucune am\u00e9lioration rapide n&rsquo;est en vue\u00a0\u00bb, s&rsquo;alarment nos confr\u00e8res alors qu&rsquo;une nouvelle PDG <a href=\"https:\/\/www.bfmtv.com\/economie\/entreprises\/transports\/elle-avait-annonce-la-suppression-de-5-000-postes-sur-17-000-d-ici-2029-un-mois-apres-son-pdg-deutsche-bahn-limoge-la-patronne-de-sa-branche-de-fret_AD-202510220608.html\" title=\"Elle avait annonc\u00e9 la suppression de 5.000 postes sur 17.000 d&#039;ici 2029: un mois apr\u00e8s son PDG, Deutsche Bahn limoge la patronne de sa branche de fret\" class=\"internal_link\" target=\"_blank\" rel=\"noopener\">a \u00e9t\u00e9 nomm\u00e9e en octobre dernier<\/a>.<\/p><\/blockquote>\n<p>Son pr\u00e9d\u00e9cesseur, Richard Lutz <a href=\"https:\/\/www.bfmtv.com\/economie\/entreprises\/transports\/les-trains-allemands-sont-trop-en-retard-et-le-reseau-est-trop-vetuste-le-patron-de-la-deutsche-bahn-limoge-soudainement_AV-202508140440.html\" title=\"Les trains allemands sont trop en retard et le r\u00e9seau est trop v\u00e9tuste: le patron de la Deutsche Bahn limog\u00e9 soudainement\" class=\"internal_link\" target=\"_blank\" rel=\"noopener\">qui a \u00e9t\u00e9 limog\u00e9<\/a> avait promis une ponctualit\u00e9 de 65 \u00e0 70% pour 2025, voire de 75 \u00e0 80% pour 2027, sur les lignes longue distance, un objectif encore martel\u00e9 en juillet dernier consid\u00e9r\u00e9 par les experts comme absolument irr\u00e9aliste. En r\u00e9alit\u00e9, depuis avril, la situation n&rsquo;a cess\u00e9 de se d\u00e9grader.<\/p>\n<p>R\u00e9duire le nombre de trains pour am\u00e9liorer la ponctualit\u00e9<\/p>\n<p>D\u00e9sormais, le ministre f\u00e9d\u00e9ral des Transports, Patrick Schneider vise d\u00e9sormais une ponctualit\u00e9 de 70% d&rsquo;ici 2029, avec l&rsquo;objectif de l&rsquo;augmenter \u00e0 80% \u00e0 moyen terme et \u00e0 90% \u00e0 long terme. Le ministre des Transports n&rsquo;a pas pr\u00e9cis\u00e9 les \u00e9ch\u00e9ances exactes envisag\u00e9es.<\/p>\n<p>En attendant de r\u00e9colter les fruits des nombreux travaux en cours sur l&rsquo;infrastructure, la marge de manoeuvre pour am\u00e9liorer la situation est \u00e9troite. Une solution serait de r\u00e9duire le nombre de trains sur le r\u00e9seau. Il ne s&rsquo;agit toutefois que d&rsquo;une solution de dernier recours.<\/p>\n<blockquote class=\"embed embed_quote\"><p>\u00ab\u00a0Si nous r\u00e9duisions drastiquement les services, la ponctualit\u00e9 s&rsquo;en trouverait am\u00e9lior\u00e9e mais avant de retirer des trains du r\u00e9seau, nous devons avoir examin\u00e9 et pris en compte tous les autres probl\u00e8mes\u00a0\u00bb, indique Evelyn Palla, la nouvelle PDG de la Deutsche Bahn.<\/p><\/blockquote>\n<p>\u00ab\u00a0La situation des chemins de fer ne changera pas en changeant les dirigeants, mais uniquement en am\u00e9liorant la politique ferroviaire en Allemagne et en finan\u00e7ant suffisamment les chemins de fer\u00a0\u00bb, a d\u00e9clar\u00e9 Karl-Peter Naumann, dirigeant d&rsquo;honneur de Pro-Bahn, l&rsquo;association des usagers de la Deutsche Bahn. \u00ab\u00a0Tous les ministres des Transports pr\u00e9c\u00e9dents ont en fait plus ou moins \u00e9chou\u00e9 et ont fortement contribu\u00e9 \u00e0 la situation actuelle des chemins de fer\u00a0\u00bb, a-t-il ajout\u00e9.<\/p>\n<p>Le groupe esp\u00e8re n\u00e9anmoins avancer plus vite sur ces chantiers avec les milliards d&rsquo;euros d&rsquo;investissements publics garantis par le gouvernement de Friedrich Merz.<\/p>\n<p>Olivier Chicheportiche Journaliste BFM Business<\/p>\n","protected":false},"excerpt":{"rendered":"L&rsquo;\u00e9tat du r\u00e9seau plombe encore et toujours la ponctualit\u00e9 des trains allemands alors qu&rsquo;une nouvelle PDG a \u00e9t\u00e9&hellip;\n","protected":false},"author":2,"featured_media":94028,"comment_status":"","ping_status":"","sticky":false,"template":"","format":"standard","meta":{"footnotes":""},"categories":[1587],"tags":[11,672,1804,1805,1803,1777,674,1801,12,1802],"class_list":{"0":"post-510831","1":"post","2":"type-post","3":"status-publish","4":"format-standard","5":"has-post-thumbnail","7":"category-allemagne","8":"tag-actualites","9":"tag-allemagne","10":"tag-bundesrepublik-deutschland","11":"tag-de","12":"tag-deutschland","13":"tag-eu","14":"tag-europe","15":"tag-germany","16":"tag-news","17":"tag-republique-federale-dallemagne"},"share_on_mastodon":{"url":"https:\/\/pubeurope.com\/@fr\/115490748258170324","error":""},"_links":{"self":[{"href":"https:\/\/www.europesays.com\/fr\/wp-json\/wp\/v2\/posts\/510831","targetHints":{"allow":["GET"]}}],"collection":[{"href":"https:\/\/www.europesays.com\/fr\/wp-json\/wp\/v2\/posts"}],"about":[{"href":"https:\/\/www.europesays.com\/fr\/wp-json\/wp\/v2\/types\/post"}],"author":[{"embeddable":true,"href":"https:\/\/www.europesays.com\/fr\/wp-json\/wp\/v2\/users\/2"}],"replies":[{"embeddable":true,"href":"https:\/\/www.europesays.com\/fr\/wp-json\/wp\/v2\/comments?post=510831"}],"version-history":[{"count":0,"href":"https:\/\/www.europesays.com\/fr\/wp-json\/wp\/v2\/posts\/510831\/revisions"}],"wp:featuredmedia":[{"embeddable":true,"href":"https:\/\/www.europesays.com\/fr\/wp-json\/wp\/v2\/media\/94028"}],"wp:attachment":[{"href":"https:\/\/www.europesays.com\/fr\/wp-json\/wp\/v2\/media?parent=510831"}],"wp:term":[{"taxonomy":"category","embeddable":true,"href":"https:\/\/www.europesays.com\/fr\/wp-json\/wp\/v2\/categories?post=510831"},{"taxonomy":"post_tag","embeddable":true,"href":"https:\/\/www.europesays.com\/fr\/wp-json\/wp\/v2\/tags?post=510831"}],"curies":[{"name":"wp","href":"https:\/\/api.w.org\/{rel}","templated":true}]}}