{"id":51084,"date":"2025-04-25T06:26:07","date_gmt":"2025-04-25T06:26:07","guid":{"rendered":"https:\/\/www.europesays.com\/fr\/51084\/"},"modified":"2025-04-25T06:26:07","modified_gmt":"2025-04-25T06:26:07","slug":"brosse-a-dents-et-microbes-les-scientifiques-alertent-sur-une-pratique-aussi-repandue-que-risquee","status":"publish","type":"post","link":"https:\/\/www.europesays.com\/fr\/51084\/","title":{"rendered":"Brosse \u00e0 dents et microbes : les scientifiques alertent sur une pratique aussi r\u00e9pandue que risqu\u00e9e"},"content":{"rendered":"<p>\t\t\t\t\t Une \u00e9tude qui change la donne<\/p>\n<p class=\"\" data-start=\"707\" data-end=\"1212\">Des scientifiques de l\u2019universit\u00e9 Northwestern, aux \u00c9tats-Unis, ont r\u00e9cemment men\u00e9 une analyse pouss\u00e9e de l\u2019\u00e9cosyst\u00e8me microbien pr\u00e9sent sur les brosses \u00e0 dents. Leur constat est sans appel : <strong data-start=\"899\" data-end=\"948\">plus de 600 types de virus ont \u00e9t\u00e9 identifi\u00e9s<\/strong> sur des brosses \u00e0 dents usag\u00e9es, stock\u00e9es dans des conditions humides, parfois couvertes apr\u00e8s utilisation. Les chercheurs pr\u00e9cisent que <strong data-start=\"1086\" data-end=\"1161\">le manque d\u2019a\u00e9ration favorise le d\u00e9veloppement de colonies microbiennes<\/strong>, certaines pouvant rester actives plusieurs jours.<\/p>\n<p class=\"\" data-start=\"1214\" data-end=\"1442\">M\u00eame si tous ces virus ne sont pas pathog\u00e8nes pour l\u2019homme, leur pr\u00e9sence indique <strong data-start=\"1296\" data-end=\"1325\">un d\u00e9s\u00e9quilibre microbien<\/strong> qui peut avoir un impact sur la sant\u00e9 bucco-dentaire, en particulier chez les personnes fragiles ou immunod\u00e9prim\u00e9es.<\/p>\n<p> Pourquoi le capuchon est un faux ami<\/p>\n<p class=\"\" data-start=\"1485\" data-end=\"1940\">Couvrir sa brosse \u00e0 dents avec un cache en plastique ou la ranger dans un \u00e9tui ferm\u00e9 est souvent vu comme un geste de bon sens, en particulier lors des voyages ou dans les salles de bain partag\u00e9es. Or, ce r\u00e9flexe emp\u00eache <strong data-start=\"1706\" data-end=\"1747\">l\u2019\u00e9vaporation naturelle de l\u2019humidit\u00e9<\/strong> r\u00e9siduelle apr\u00e8s le brossage. R\u00e9sultat : <strong data-start=\"1789\" data-end=\"1939\">les poils restent mouill\u00e9s, la temp\u00e9rature ambiante augmente l\u00e9g\u00e8rement \u00e0 l\u2019int\u00e9rieur du cache, et un v\u00e9ritable terreau pour les microbes se forme<\/strong>.<\/p>\n<p class=\"\" data-start=\"1942\" data-end=\"2207\">De nombreuses \u00e9tudes en microbiologie ont montr\u00e9 que <strong data-start=\"1995\" data-end=\"2090\">les environnements humides et confin\u00e9s sont les plus favorables \u00e0 la croissance bact\u00e9rienne<\/strong>, y compris pour certaines souches potentiellement nocives comme Staphylococcus aureus ou Pseudomonas aeruginosa.<\/p>\n<p>Le bon r\u00e9flexe : laisser s\u00e9cher \u00e0 l\u2019air libre<\/p>\n<p class=\"\" data-start=\"2259\" data-end=\"2585\">Les professionnels de sant\u00e9, dont l\u2019Union Fran\u00e7aise pour la Sant\u00e9 Bucco-Dentaire (UFSBD), recommandent unanimement <strong data-start=\"2374\" data-end=\"2425\">de ne pas couvrir sa brosse \u00e0 dents apr\u00e8s usage<\/strong>. Au contraire, <strong data-start=\"2441\" data-end=\"2543\">il faut la laisser s\u00e9cher \u00e0 l\u2019air libre, en position verticale, sans contact avec d\u2019autres brosses<\/strong>, pour \u00e9viter toute contamination crois\u00e9e.<\/p>\n<p class=\"\" data-start=\"2587\" data-end=\"2913\">De plus, il est conseill\u00e9 de <strong data-start=\"2616\" data-end=\"2680\">ne jamais ranger sa brosse \u00e0 proximit\u00e9 directe des toilettes<\/strong>, car les a\u00e9rosols produits lors des chasses d\u2019eau peuvent contenir des particules f\u00e9cales microscopiques pouvant se d\u00e9poser sur les objets environnants. Mieux vaut donc privil\u00e9gier un endroit sec, a\u00e9r\u00e9, et \u00e0 l\u2019\u00e9cart des projections.<\/p>\n<p>Comparatif : brosse couverte vs brosse expos\u00e9e<\/p>\n<p class=\"\" data-start=\"2966\" data-end=\"3040\">Un tableau permet de visualiser les diff\u00e9rences entre les deux pratiques :<\/p>\n<tr data-start=\"3042\" data-end=\"3154\">\n<strong data-start=\"3044\" data-end=\"3055\">Crit\u00e8re<\/strong><br \/>\n<strong data-start=\"3084\" data-end=\"3111\">Brosse \u00e0 dents couverte<\/strong><br \/>\n<strong data-start=\"3118\" data-end=\"3152\">Brosse \u00e0 dents expos\u00e9e \u00e0 l&rsquo;air<\/strong><br \/>\n<\/tr>\n<tr data-start=\"3270\" data-end=\"3383\">\n<td class=\"max-w-[calc(var(--thread-content-max-width)*2\/3)]\" data-start=\"3270\" data-end=\"3310\">A\u00e9ration<\/td>\n<td class=\"max-w-[calc(var(--thread-content-max-width)*2\/3)]\" data-start=\"3310\" data-end=\"3344\">Mauvaise<\/td>\n<td class=\"max-w-[calc(var(--thread-content-max-width)*2\/3)]\" data-start=\"3344\" data-end=\"3383\">Bonne<\/td>\n<\/tr>\n<tr data-start=\"3384\" data-end=\"3497\">\n<td class=\"max-w-[calc(var(--thread-content-max-width)*2\/3)]\" data-start=\"3384\" data-end=\"3424\">Humidit\u00e9 r\u00e9siduelle<\/td>\n<td class=\"max-w-[calc(var(--thread-content-max-width)*2\/3)]\" data-start=\"3424\" data-end=\"3458\">\u00c9lev\u00e9e<\/td>\n<td class=\"max-w-[calc(var(--thread-content-max-width)*2\/3)]\" data-start=\"3458\" data-end=\"3497\">Faible<\/td>\n<\/tr>\n<tr data-start=\"3498\" data-end=\"3611\">\n<td class=\"max-w-[calc(var(--thread-content-max-width)*2\/3)]\" data-start=\"3498\" data-end=\"3538\">Risque de prolif\u00e9ration microbienne<\/td>\n<td class=\"max-w-[calc(var(--thread-content-max-width)*2\/3)]\" data-start=\"3538\" data-end=\"3572\"><strong data-start=\"3540\" data-end=\"3553\">Important<\/strong><\/td>\n<td class=\"max-w-[calc(var(--thread-content-max-width)*2\/3)]\" data-start=\"3572\" data-end=\"3611\"><strong data-start=\"3574\" data-end=\"3584\">Faible<\/strong><\/td>\n<\/tr>\n<tr data-start=\"3612\" data-end=\"3725\">\n<td class=\"max-w-[calc(var(--thread-content-max-width)*2\/3)]\" data-start=\"3612\" data-end=\"3652\">Odeur et d\u00e9veloppement de moisissures<\/td>\n<td class=\"max-w-[calc(var(--thread-content-max-width)*2\/3)]\" data-start=\"3652\" data-end=\"3686\">Plus fr\u00e9quent<\/td>\n<td class=\"max-w-[calc(var(--thread-content-max-width)*2\/3)]\" data-start=\"3686\" data-end=\"3725\">Rare<\/td>\n<\/tr>\n<tr data-start=\"3726\" data-end=\"3839\">\n<td class=\"max-w-[calc(var(--thread-content-max-width)*2\/3)]\" data-start=\"3726\" data-end=\"3766\">Recommand\u00e9e par les dentistes<\/td>\n<td class=\"max-w-[calc(var(--thread-content-max-width)*2\/3)]\" data-start=\"3766\" data-end=\"3800\"><strong data-start=\"3768\" data-end=\"3775\">Non<\/strong><\/td>\n<td class=\"max-w-[calc(var(--thread-content-max-width)*2\/3)]\" data-start=\"3800\" data-end=\"3839\"><strong data-start=\"3802\" data-end=\"3809\">Oui<\/strong><\/td>\n<\/tr>\n<p> Ce que dit la recherche\u2026 et ce qu\u2019il faut retenir<\/p>\n<p class=\"\" data-start=\"3895\" data-end=\"4185\">Les chercheurs insistent sur un point : <strong data-start=\"3935\" data-end=\"3984\">une brosse \u00e0 dents n\u2019est pas un outil st\u00e9rile<\/strong>, mais un minimum de pr\u00e9cautions suffit pour limiter les risques. Il ne s\u2019agit pas de provoquer une psychose, mais <strong data-start=\"4099\" data-end=\"4184\">de mieux comprendre les environnements favorables \u00e0 la prolif\u00e9ration de bact\u00e9ries<\/strong>.<\/p>\n<p class=\"\" data-start=\"4187\" data-end=\"4588\">Une \u00e9tude publi\u00e9e dans le Journal of Dental Hygiene a \u00e9galement montr\u00e9 que <strong data-start=\"4264\" data-end=\"4360\">les brosses stock\u00e9es dans un \u00e9tui ferm\u00e9 pr\u00e9sentaient une charge microbienne 70 % plus \u00e9lev\u00e9e<\/strong> que celles laiss\u00e9es \u00e0 l\u2019air libre. Et contrairement \u00e0 certaines id\u00e9es re\u00e7ues, <strong data-start=\"4439\" data-end=\"4512\">le fait de couvrir sa brosse ne prot\u00e8ge pas des bact\u00e9ries ext\u00e9rieures<\/strong>, mais accentue la prolif\u00e9ration de celles d\u00e9j\u00e0 pr\u00e9sentes apr\u00e8s le brossage.<\/p>\n<p> Conseils pratiques pour une brosse saine<\/p>\n<p class=\"\" data-start=\"4635\" data-end=\"4702\">Quelques gestes simples permettent de maintenir une bonne hygi\u00e8ne :<\/p>\n<ul data-start=\"4704\" data-end=\"5080\">\n<li data-start=\"4704\" data-end=\"4814\"><strong data-start=\"4706\" data-end=\"4759\">Rincer soigneusement la brosse apr\u00e8s chaque usage<\/strong>, pour \u00e9liminer les r\u00e9sidus de dentifrice et de salive.<\/li>\n<li data-start=\"4704\" data-end=\"4814\"><strong data-start=\"4817\" data-end=\"4844\">La stocker t\u00eate en haut<\/strong>, dans un verre ou un support permettant le s\u00e9chage rapide.<\/li>\n<li data-start=\"4704\" data-end=\"4814\"><strong data-start=\"4906\" data-end=\"4966\">\u00c9viter tout contact entre les t\u00eates de plusieurs brosses<\/strong>, surtout en collectivit\u00e9.<\/li>\n<li data-start=\"4704\" data-end=\"4814\"><strong data-start=\"4995\" data-end=\"5032\">Changer de brosse tous les 3 mois<\/strong>, ou d\u00e8s que les poils commencent \u00e0 se d\u00e9former.<\/li>\n<\/ul>\n<p class=\"\" data-start=\"5082\" data-end=\"5226\">Pour les voyageurs, <strong data-start=\"5102\" data-end=\"5135\">privil\u00e9gier une trousse a\u00e9r\u00e9e<\/strong> ou un \u00e9tui perfor\u00e9 permettant une ventilation suffisante, plut\u00f4t qu\u2019un bo\u00eetier herm\u00e9tique.<\/p>\n<p> Une mauvaise habitude encore trop r\u00e9pandue<\/p>\n<p class=\"\" data-start=\"5275\" data-end=\"5531\">Couvrir sa brosse \u00e0 dents est un geste qui rassure, mais qui <strong data-start=\"5336\" data-end=\"5404\">va \u00e0 l\u2019encontre des principes \u00e9l\u00e9mentaires d\u2019hygi\u00e8ne microbienne<\/strong>. Face aux alertes des chercheurs, il devient essentiel de <strong data-start=\"5463\" data-end=\"5488\">revoir cette pratique<\/strong>, d\u2019autant qu\u2019elle est facilement \u00e9vitable.<\/p>\n<p class=\"\" data-start=\"5533\" data-end=\"5654\"><strong data-start=\"5533\" data-end=\"5654\">Repenser ce petit geste du quotidien, c\u2019est faire un pas simple mais d\u00e9cisif vers une meilleure sant\u00e9 bucco-dentaire.<\/strong><\/p>\n","protected":false},"excerpt":{"rendered":"Une \u00e9tude qui change la donne Des scientifiques de l\u2019universit\u00e9 Northwestern, aux \u00c9tats-Unis, ont r\u00e9cemment men\u00e9 une analyse&hellip;\n","protected":false},"author":2,"featured_media":51085,"comment_status":"","ping_status":"","sticky":false,"template":"","format":"standard","meta":{"footnotes":""},"categories":[7],"tags":[14399,14400,14401,1011,27,14402,56,14403,43,40,41,39,42,44],"class_list":{"0":"post-51084","1":"post","2":"type-post","3":"status-publish","4":"format-standard","5":"has-post-thumbnail","7":"category-sciences-et-technologies","8":"tag-brosse-a-dents","9":"tag-capuchon","10":"tag-dents","11":"tag-fr","12":"tag-france","13":"tag-habitude","14":"tag-push","15":"tag-sante-dentaire","16":"tag-science","17":"tag-science-and-technology","18":"tag-sciences","19":"tag-sciences-et-technologies","20":"tag-technologies","21":"tag-technology"},"share_on_mastodon":{"url":"https:\/\/pubeurope.com\/@fr\/114397182888941106","error":""},"_links":{"self":[{"href":"https:\/\/www.europesays.com\/fr\/wp-json\/wp\/v2\/posts\/51084","targetHints":{"allow":["GET"]}}],"collection":[{"href":"https:\/\/www.europesays.com\/fr\/wp-json\/wp\/v2\/posts"}],"about":[{"href":"https:\/\/www.europesays.com\/fr\/wp-json\/wp\/v2\/types\/post"}],"author":[{"embeddable":true,"href":"https:\/\/www.europesays.com\/fr\/wp-json\/wp\/v2\/users\/2"}],"replies":[{"embeddable":true,"href":"https:\/\/www.europesays.com\/fr\/wp-json\/wp\/v2\/comments?post=51084"}],"version-history":[{"count":0,"href":"https:\/\/www.europesays.com\/fr\/wp-json\/wp\/v2\/posts\/51084\/revisions"}],"wp:featuredmedia":[{"embeddable":true,"href":"https:\/\/www.europesays.com\/fr\/wp-json\/wp\/v2\/media\/51085"}],"wp:attachment":[{"href":"https:\/\/www.europesays.com\/fr\/wp-json\/wp\/v2\/media?parent=51084"}],"wp:term":[{"taxonomy":"category","embeddable":true,"href":"https:\/\/www.europesays.com\/fr\/wp-json\/wp\/v2\/categories?post=51084"},{"taxonomy":"post_tag","embeddable":true,"href":"https:\/\/www.europesays.com\/fr\/wp-json\/wp\/v2\/tags?post=51084"}],"curies":[{"name":"wp","href":"https:\/\/api.w.org\/{rel}","templated":true}]}}