{"id":510852,"date":"2025-11-04T09:52:13","date_gmt":"2025-11-04T09:52:13","guid":{"rendered":"https:\/\/www.europesays.com\/fr\/510852\/"},"modified":"2025-11-04T09:52:13","modified_gmt":"2025-11-04T09:52:13","slug":"le-rn-va-saisir-larcom-contre-c-dans-lair-apres-une-sequence-hier-soir-sur-jordan-bardella-faisant-un-parallele-avec-hitler-et-le-chancelier-allemand-franz-von-papen-video","status":"publish","type":"post","link":"https:\/\/www.europesays.com\/fr\/510852\/","title":{"rendered":"Le RN va saisir l\u2019Arcom contre \u00ab\u00a0C dans l&rsquo;air\u00a0\u00bb, apr\u00e8s une s\u00e9quence hier soir sur Jordan Bardella, faisant un parall\u00e8le avec Hitler et le chancelier allemand Franz von Papen &#8211; Vid\u00e9o"},"content":{"rendered":"<p>Le Rassemblement National d\u00e9cide de saisir l\u2019Arcom contre \u00ab\u00a0C dans l&rsquo;air\u00a0\u00bb, apr\u00e8s une s\u00e9quence hier soir sur Jordan Bardella, faisant un parall\u00e8le avec Hitler et le chancelier allemand Franz von Papen.\u00a0 La s\u00e9quence a donc eu lieu alors qu&rsquo;un d\u00e9bat \u00e9tait organis\u00e9 pour \u00e9voquer la perc\u00e9e du Rassemblement national\u00a0 et notamment l&rsquo;essor de son pr\u00e9sident, Jordan Bardella. Dans ce contexte, la grande reporter du Nouvel Obs Caroline Michel-Aguirre a livr\u00e9 sa vision des relations entre le leader du RV et les dirigeants d&rsquo;entreprises avec ces mots :\u00a0<\/p>\n<p>\u00ab\u00a0Le patronat prend un risque parce qu\u2019une partie (des chefs d&rsquo;entreprise) multiplie les contacts avec Jordan Bardella et se dit : \u00ab\u00a0On va prendre le contr\u00f4le de son cerveau. Il est jeune, il n\u2019y conna\u00eet rien, on va lui donner un programme lib\u00e9ral.\u00a0C\u2019est ce que Alain Minc appelle l\u2019effet von Papen ; c\u2019est-\u00e0-dire qu\u2019au nom d\u2019une potentielle stabilit\u00e9, on va prendre ce risque parce qu\u2019on va le contr\u00f4ler.\u00a0\u00bb\u00a0<\/p>\n<p>Caroline Michel-Aguirre fait ainsi r\u00e9f\u00e9rence \u00e0 Franz von Papen, chancelier allemand jusqu\u2019en 1932, qui a facilit\u00e9 l\u2019acc\u00e8s au pouvoir d\u2019Adolf Hitler en croyant \u00eatre en mesure de le manipuler.<\/p>\n<p>R\u00e9action de Jordan Bardella sur les r\u00e9seaux sociaux : \u00ab\u00a0L\u2019effet von Papen\u00a0\u00bb, de mieux en mieux ! La conception du d\u00e9bat selon le service public : quatre intervenants, tous d\u2019accord pour me comparer \u00e0 Hitler, sans aucune nuance ni mod\u00e9ration de la part de la pr\u00e9sentatrice, au regard approbateur.<\/p>\n<p>\u00c0 travers moi, ce sont des millions de Fran\u00e7ais qui sont insult\u00e9s, avec leur argent. Vivement la privatisation !\u00a0\u00bb<\/p>\n<p>Marine Le Pen a \u00e9galement pris position sur les r\u00e9seaux sociaux :<\/p>\n<p>\u00ab\u00a0Les insultes envers Jordan Bardella sont inadmissibles. Elles outragent aussi onze millions d\u2019\u00e9lecteurs. Quelle autorit\u00e9 va enfin ramener de la neutralit\u00e9 dans ce service public de l\u2019audiovisuel en pleine d\u00e9rive ? C&rsquo;est le combat revendiqu\u00e9 et obsessionnel de M.Pigasse (actionnaire du Nouvel Obs via la holding Le Monde libre, NDLR) contre le Rassemblement national \u00bb.<\/p>\n<p>\u00a0<\/p>\n<p>\u00a0<\/p>\n<blockquote class=\"twitter-tweet\">\n<p lang=\"fr\" dir=\"ltr\">\u00ab L\u2019effet von Papen \u00bb, de mieux en mieux ! La conception du d\u00e9bat selon le service public : quatre intervenants, tous d\u2019accord pour me comparer \u00e0 Hitler, sans aucune nuance ni mod\u00e9ration de la part de la pr\u00e9sentatrice, au regard approbateur.<\/p>\n<p>\u00c0 travers moi, ce sont des millions\u2026 <a href=\"https:\/\/t.co\/T1XDcYV4mX\">https:\/\/t.co\/T1XDcYV4mX<\/a><\/p>\n<p>\u2014 Jordan Bardella (@J_Bardella) <a href=\"https:\/\/twitter.com\/J_Bardella\/status\/1985421194472944052?ref_src=twsrc%5Etfw\" target=\"_blank\" rel=\"noopener\">November 3, 2025<\/a><\/p><\/blockquote>\n<blockquote class=\"twitter-tweet\">\n<p lang=\"fr\" dir=\"ltr\">Le combat revendiqu\u00e9 et obsessionnel de M.Pigasse contre le Rassemblement national n\u2019a pas sa place sur le service public, financ\u00e9 par un tiers d\u2019\u00e9lecteurs du RN ! <\/p>\n<p>Les insultes envers Jordan Bardella sont inadmissibles. Elles outragent aussi onze millions d\u2019\u00e9lecteurs. Quelle\u2026 <a href=\"https:\/\/t.co\/ZcWeLBs2Df\">https:\/\/t.co\/ZcWeLBs2Df<\/a><\/p>\n<p>\u2014 Marine Le Pen (@MLP_officiel) <a href=\"https:\/\/twitter.com\/MLP_officiel\/status\/1985463060639989920?ref_src=twsrc%5Etfw\" target=\"_blank\" rel=\"noopener\">November 3, 2025<\/a><\/p><\/blockquote>\n<p>          <script async src=\"https:\/\/platform.twitter.com\/widgets.js\" charset=\"utf-8\"><\/script><\/p>\n","protected":false},"excerpt":{"rendered":"Le Rassemblement National d\u00e9cide de saisir l\u2019Arcom contre \u00ab\u00a0C dans l&rsquo;air\u00a0\u00bb, apr\u00e8s une s\u00e9quence hier soir sur Jordan&hellip;\n","protected":false},"author":2,"featured_media":510853,"comment_status":"","ping_status":"","sticky":false,"template":"","format":"standard","meta":{"footnotes":""},"categories":[1356],"tags":[58,59,1011,27,25256,1077,252,1364],"class_list":{"0":"post-510852","1":"post","2":"type-post","3":"status-publish","4":"format-standard","5":"has-post-thumbnail","7":"category-television","8":"tag-divertissement","9":"tag-entertainment","10":"tag-fr","11":"tag-france","12":"tag-hitler","13":"tag-jordan-bardella","14":"tag-television","15":"tag-tv"},"share_on_mastodon":{"url":"https:\/\/pubeurope.com\/@fr\/115490818921547145","error":""},"_links":{"self":[{"href":"https:\/\/www.europesays.com\/fr\/wp-json\/wp\/v2\/posts\/510852","targetHints":{"allow":["GET"]}}],"collection":[{"href":"https:\/\/www.europesays.com\/fr\/wp-json\/wp\/v2\/posts"}],"about":[{"href":"https:\/\/www.europesays.com\/fr\/wp-json\/wp\/v2\/types\/post"}],"author":[{"embeddable":true,"href":"https:\/\/www.europesays.com\/fr\/wp-json\/wp\/v2\/users\/2"}],"replies":[{"embeddable":true,"href":"https:\/\/www.europesays.com\/fr\/wp-json\/wp\/v2\/comments?post=510852"}],"version-history":[{"count":0,"href":"https:\/\/www.europesays.com\/fr\/wp-json\/wp\/v2\/posts\/510852\/revisions"}],"wp:featuredmedia":[{"embeddable":true,"href":"https:\/\/www.europesays.com\/fr\/wp-json\/wp\/v2\/media\/510853"}],"wp:attachment":[{"href":"https:\/\/www.europesays.com\/fr\/wp-json\/wp\/v2\/media?parent=510852"}],"wp:term":[{"taxonomy":"category","embeddable":true,"href":"https:\/\/www.europesays.com\/fr\/wp-json\/wp\/v2\/categories?post=510852"},{"taxonomy":"post_tag","embeddable":true,"href":"https:\/\/www.europesays.com\/fr\/wp-json\/wp\/v2\/tags?post=510852"}],"curies":[{"name":"wp","href":"https:\/\/api.w.org\/{rel}","templated":true}]}}