{"id":510861,"date":"2025-11-04T09:57:13","date_gmt":"2025-11-04T09:57:13","guid":{"rendered":"https:\/\/www.europesays.com\/fr\/510861\/"},"modified":"2025-11-04T09:57:13","modified_gmt":"2025-11-04T09:57:13","slug":"la-somptueuse-garde-robe-delizabeth-ii-exposee-a-londres","status":"publish","type":"post","link":"https:\/\/www.europesays.com\/fr\/510861\/","title":{"rendered":"La somptueuse garde-robe d\u2019Elizabeth\u00a0II expos\u00e9e \u00e0 Londres"},"content":{"rendered":"<p>\n    Robes de c\u00e9r\u00e9monie, foulards, vestes&#8230; L\u2019exposition Queen Elizabeth II: Her Life in Style pr\u00e9sentera quelque 200 pi\u00e8ces dans la galerie du roi au palais de Buckingham du 10 avril au 18 octobre 2026. La billetterie est d\u00e9j\u00e0 ouverte.<\/p>\n<p class=\"fig-paragraph\">De ses somptueuses robes de c\u00e9r\u00e9monie \u00e0 ses vestes en tweed en passant par ses c\u00e9l\u00e8bres foulards, le style si caract\u00e9ristique de la d\u00e9funte<a href=\"http:\/\/www.lefigaro.fr\/international\/la-reine-elizabeth-ii-est-morte-de-vieillesse-indique-son-certificat-de-deces-20220929\" data-fig-type=\"NewsFlash\" data-gtm-custom-categorie=\"navigation\" data-gtm-custom-action=\"crossclick\" data-gtm-custom-label=\"Contextuel\" data-gtm-event=\"customEventSPE\" data-fig-domain=\"LEFIGARO\" target=\"_blank\" rel=\"noopener\">\u00a0reine Elizabeth II<\/a>\u00a0fera l&rsquo;objet d&rsquo;une grande exposition \u00e0 Londres \u00e0 partir d&rsquo;avril 2026. Les billets, mis en vente d\u00e8s ce mardi 4 novembre, permettront d&rsquo;admirer quelque 200 pi\u00e8ces de l&rsquo;exceptionnelle garde-robe de la souveraine d\u00e9c\u00e9d\u00e9e en 2022 \u00e0 l&rsquo;\u00e2ge de 96 ans, apr\u00e8s un r\u00e8gne d&rsquo;une dur\u00e9e record de 70 ans. Install\u00e9es dans<a href=\"http:\/\/www.lefigaro.fr\/culture\/royaume-uni-le-premier-portrait-officiel-du-roi-charles-iii-devoile-20240514\" data-fig-type=\"NewsFlash\" data-gtm-custom-categorie=\"navigation\" data-gtm-custom-action=\"crossclick\" data-gtm-custom-label=\"Contextuel\" data-gtm-event=\"customEventSPE\" data-fig-domain=\"LEFIGARO\" target=\"_blank\" rel=\"noopener\">\u00a0la galerie du roi au palais de Buckingham<\/a>, les pi\u00e8ces seront, pour environ la moiti\u00e9 d&rsquo;entre elles, pr\u00e9sent\u00e9es pour la premi\u00e8re fois au public, indique le Royal Collection Trust, organisme charg\u00e9 de la conservation du patrimoine royal.<\/p>\n<p class=\"fig-paragraph\">Parmi les cr\u00e9ations sign\u00e9es Norman Hartnell, le couturier de la d\u00e9funte reine, la robe de mari\u00e9e de celle qui \u00e9tait alors la princesse Elizabeth, puis sa tenue de couronnement en 1953. Ou encore la robe bleue \u00e0 crinoline et bol\u00e9ro port\u00e9e pour le mariage de sa s\u0153ur, la princesse Margaret, en 1960. Mais aussi une robe verte port\u00e9e lors d&rsquo;un banquet en l&rsquo;honneur du pr\u00e9sident am\u00e9ricain Dwight Eisenhower \u00e0 l&rsquo;ambassade britannique \u00e0 Washington en 1957.<\/p>\n<p>                                    <a class=\"fig-a11y-skip a11y-hidden\" href=\"#fig-a11y-skip-main-inarticle\"><br \/>\n        Passer la publicit\u00e9<br \/>\n    <\/a><\/p>\n<p>La plus importante exposition jamais d\u00e9di\u00e9e<\/p>\n<p class=\"fig-paragraph\">L&rsquo;exposition, pr\u00e9sent\u00e9e comme la plus grande jamais consacr\u00e9e \u00e0 la garde-robe de la souveraine, comporte aussi des pi\u00e8ces plus informelles\u00a0: tailleurs en tweed, tenues d&rsquo;\u00e9quitation &#8211; sport dont elle \u00e9tait f\u00e9rue -, v\u00eatements d&rsquo;ext\u00e9rieur et foulards. Ou encore un imperm\u00e9able en plastique transparent du couturier Hardy Amies datant des ann\u00e9es 1960, particuli\u00e8rement moderne pour l&rsquo;\u00e9poque.<\/p>\n<p class=\"fig-body-link\">\n            \u00c0 lire aussi<br \/>\n        <a class=\"fig-body-link__link\" href=\"http:\/\/www.lefigaro.fr\/culture\/patrimoine\/le-futur-memorial-de-la-reine-elizabeth-ii-concu-par-l-architecte-norman-foster-20250624\" target=\"_blank\" data-fig-type=\"NewsFlash\" rel=\"sponsored noopener\" data-gtm-custom-categorie=\"navigation\" data-gtm-custom-action=\"crossclick\" data-gtm-custom-label=\"Contextuel\" data-gtm-event=\"customEventSPE\" data-fig-domain=\"LEFIGARO\"><\/p>\n<p>        Le futur m\u00e9morial de la reine Elizabeth II con\u00e7u par l&rsquo;architecte Norman Foster<br \/>\n    <\/a>\n<\/p>\n<p class=\"fig-paragraph\">La souveraine, qui mesurait un peu plus d&rsquo;1m60, avait l&rsquo;habitude de se v\u00eatir d&rsquo;ensembles aux tons \u00e9clatants, assortis \u00e0 ses chapeaux, afin d&rsquo;\u00eatre instantan\u00e9ment reconnaissable. \u00ab\u00a0La garde-robe de la reine Elizabeth II \u00e9tait une le\u00e7on magistrale de symbolisme, de couture et de savoir-faire britannique\u00a0\u00bb, souligne la commissaire de l&rsquo;exposition, Caroline de Guitaut, cit\u00e9e dans le communiqu\u00e9.<\/p>\n<p class=\"fig-paragraph\">Les cr\u00e9ateurs de mode Erdem Moralioglu, Richard Quinn et Christopher Kane, qui ont \u00e9t\u00e9 inspir\u00e9s par le style d&rsquo;Elizabeth II, vont contribuer \u00e0 cette exposition. Les v\u00eatements de la d\u00e9funte reine \u00ab\u00a0racontent l&rsquo;histoire de la Grande-Bretagne et de l&rsquo;identit\u00e9 changeante du pays \u00e0 travers la mode\u00a0\u00bb, estime le cr\u00e9ateur Christopher Kane. L&rsquo;exposition Queen Elizabeth II: Her Life in Style se tiendra du 10 avril au 18 octobre 2026.<\/p>\n","protected":false},"excerpt":{"rendered":"Robes de c\u00e9r\u00e9monie, foulards, vestes&#8230; L\u2019exposition Queen Elizabeth II: Her Life in Style pr\u00e9sentera quelque 200 pi\u00e8ces dans&hellip;\n","protected":false},"author":2,"featured_media":510862,"comment_status":"","ping_status":"","sticky":false,"template":"","format":"standard","meta":{"footnotes":""},"categories":[8],"tags":[29983,58,20075,59,1011,27,4534],"class_list":{"0":"post-510861","1":"post","2":"type-post","3":"status-publish","4":"format-standard","5":"has-post-thumbnail","7":"category-divertissement","8":"tag-buckingham-palace","9":"tag-divertissement","10":"tag-elizabeth-ii","11":"tag-entertainment","12":"tag-fr","13":"tag-france","14":"tag-londres"},"share_on_mastodon":{"url":"https:\/\/pubeurope.com\/@fr\/115490840182590667","error":""},"_links":{"self":[{"href":"https:\/\/www.europesays.com\/fr\/wp-json\/wp\/v2\/posts\/510861","targetHints":{"allow":["GET"]}}],"collection":[{"href":"https:\/\/www.europesays.com\/fr\/wp-json\/wp\/v2\/posts"}],"about":[{"href":"https:\/\/www.europesays.com\/fr\/wp-json\/wp\/v2\/types\/post"}],"author":[{"embeddable":true,"href":"https:\/\/www.europesays.com\/fr\/wp-json\/wp\/v2\/users\/2"}],"replies":[{"embeddable":true,"href":"https:\/\/www.europesays.com\/fr\/wp-json\/wp\/v2\/comments?post=510861"}],"version-history":[{"count":0,"href":"https:\/\/www.europesays.com\/fr\/wp-json\/wp\/v2\/posts\/510861\/revisions"}],"wp:featuredmedia":[{"embeddable":true,"href":"https:\/\/www.europesays.com\/fr\/wp-json\/wp\/v2\/media\/510862"}],"wp:attachment":[{"href":"https:\/\/www.europesays.com\/fr\/wp-json\/wp\/v2\/media?parent=510861"}],"wp:term":[{"taxonomy":"category","embeddable":true,"href":"https:\/\/www.europesays.com\/fr\/wp-json\/wp\/v2\/categories?post=510861"},{"taxonomy":"post_tag","embeddable":true,"href":"https:\/\/www.europesays.com\/fr\/wp-json\/wp\/v2\/tags?post=510861"}],"curies":[{"name":"wp","href":"https:\/\/api.w.org\/{rel}","templated":true}]}}