{"id":510867,"date":"2025-11-04T10:01:12","date_gmt":"2025-11-04T10:01:12","guid":{"rendered":"https:\/\/www.europesays.com\/fr\/510867\/"},"modified":"2025-11-04T10:01:12","modified_gmt":"2025-11-04T10:01:12","slug":"un-militaire-francais-trouve-la-mort-dans-une-operation-de-lutte-contre-lorpaillage-clandestin","status":"publish","type":"post","link":"https:\/\/www.europesays.com\/fr\/510867\/","title":{"rendered":"Un militaire fran\u00e7ais trouve la mort dans une op\u00e9ration de lutte contre l\u2019orpaillage clandestin"},"content":{"rendered":"<p>Un <a href=\"https:\/\/www.20minutes.fr\/dossier\/militaire\" class=\"c-link c-link--is-underlined\" rel=\"nofollow noopener\" target=\"_blank\">militaire<\/a> fran\u00e7ais a trouv\u00e9 la mort dimanche en <a href=\"https:\/\/www.20minutes.fr\/dossier\/guyane\" class=\"c-link c-link--is-underlined\" rel=\"nofollow noopener\" target=\"_blank\">Guyane<\/a>, \u00ab\u00a0dans le cadre de l\u2019op\u00e9ration Harpie de lutte contre l\u2019<a href=\"https:\/\/www.20minutes.fr\/societe\/3288447-20220512-guyane-vaste-operation-gendarmerie-contre-reseau-illegal-orpaillage\" class=\"c-link c-link--is-underlined\" rel=\"nofollow noopener\" target=\"_blank\">orpaillage<\/a> ill\u00e9gal \u00bb, a annonc\u00e9 lundi le minist\u00e8re des Arm\u00e9es.<\/p>\n<p>Le caporal Jimmy Gosselin appartenait au 7e Bataillon de chasseurs alpins (7e BCA) de Varces (<a href=\"https:\/\/www.20minutes.fr\/societe\/isere\/\" class=\"c-link c-link--is-underlined\" rel=\"nofollow noopener\" target=\"_blank\">Is\u00e8re<\/a>). Il \u00e9tait d\u00e9ploy\u00e9 depuis le 25\u00a0septembre dernier pour une dur\u00e9e de 4 mois au sein du 9e R\u00e9giment d\u2019infanterie de marine (9e RIMa) stationn\u00e9 \u00e0 Cayenne.<\/p>\n<blockquote class=\"twitter-tweet\" align=\"center\" data-lang=\"fr_FR\">\n<p lang=\"fr\" dir=\"ltr\">Profonde tristesse \u00e0 l\u2019annonce du d\u00e9c\u00e8s du caporal Jimmy Gosselin, du 7e bataillon de chasseurs alpins de Varces, engag\u00e9 en Guyane dans le cadre de l\u2019op\u00e9ration Harpie.<\/p>\n<p>Mes pens\u00e9es vont \u00e0 sa famille, \u00e0 ses proches et \u00e0 ses fr\u00e8res d\u2019armes.<\/p>\n<p>Je rends hommage \u00e0 son engagement\u2026 <a href=\"https:\/\/t.co\/3NkDh4eXvU\" rel=\"nofollow\">pic.twitter.com\/3NkDh4eXvU<\/a><\/p>\n<p>\u2014 Catherine Vautrin (@CaVautrin) <a href=\"https:\/\/twitter.com\/CaVautrin\/status\/1985447302895382734?ref_src=twsrc%5Etfw\" rel=\"nofollow noopener\" target=\"_blank\">November 3, 2025<\/a><\/p><\/blockquote>\n<p class=\"mb-xxl@xs color-ultramarine font-weight-semi-bold@xs font-source-serif-pro heading-s@xs\">L\u2019acc\u00e8s \u00e0 ce contenu a \u00e9t\u00e9 bloqu\u00e9 afin de respecter votre choix de consentement<\/p>\n<p class=\"mb-m@xs text-l@xs\">En cliquant sur\u00ab J\u2019accepte \u00bb, vous acceptez le d\u00e9p\u00f4t de cookies par des services externes et aurez ainsi acc\u00e8s aux contenus de nos partenaires.<\/p>\n<p class=\"mb-xl@xs text-s@xs\">Plus d\u2019informations sur la page<a href=\"https:\/\/www.20minutes.fr\/gestion-cookies\" class=\"mx-xxs@xs color-ultramarine\" rel=\"nofollow noopener\" target=\"_blank\">Politique de gestion des cookies<\/a><\/p>\n<p>J\u2019accepte<\/p>\n<p>Le soldat fran\u00e7ais est d\u00e9c\u00e9d\u00e9 lors d\u2019une patrouille engag\u00e9e en appui des forces de s\u00e9curit\u00e9 int\u00e9rieure. Il a \u00ab\u00a0r\u00e9alis\u00e9 un franchissement en eaux vives, explique le minist\u00e8re des Arm\u00e9es. Au cours de la travers\u00e9e, le caporal Jimmy Gosselin a disparu. Les r\u00e9actions imm\u00e9diates de la patrouille n\u2019ont malheureusement pas permis de le localiser.\u00a0\u00bb<\/p>\n<p>Un autre militaire \u00e9tait d\u00e9j\u00e0 d\u00e9c\u00e9d\u00e9 cette ann\u00e9e en op\u00e9ration en Guyane<\/p>\n<p>\u00ab\u00a0Les forces arm\u00e9es en Guyane ont rapidement entrepris des recherches avec des moyens terrestres, fluviaux et a\u00e9riens. Le corps a \u00e9t\u00e9 retrouv\u00e9 sans vie apr\u00e8s 21 heures de fouilles.\u00a0\u00bb Une enqu\u00eate judiciaire est ouverte pour d\u00e9terminer les circonstances du d\u00e9c\u00e8s.<\/p>\n<p>Entre le 17 et le 18 mai dernier, un sergent de 27 ans mobilis\u00e9 sur un poste du fleuve Mana, dans l&rsquo;ouest de la Guyane, \u00e9tait d\u00e9j\u00e0 tomb\u00e9 \u00e0 l&rsquo;eau. Son corps avait \u00e9t\u00e9 retrouv\u00e9 sans vie le 19. Selon le minist\u00e8re de l&rsquo;Int\u00e9rieur, environ 1.000 missions sont men\u00e9es chaque ann\u00e9e pour enrayer l&rsquo;orpaillage clandestin, fl\u00e9au qui s\u00e9vit depuis 30 ans en Guyane.<\/p>\n<p><script async src=\"https:\/\/platform.twitter.com\/widgets.js\" charset=\"utf-8\"><\/script><\/p>\n","protected":false},"excerpt":{"rendered":"Un militaire fran\u00e7ais a trouv\u00e9 la mort dimanche en Guyane, \u00ab\u00a0dans le cadre de l\u2019op\u00e9ration Harpie de lutte&hellip;\n","protected":false},"author":2,"featured_media":510868,"comment_status":"","ping_status":"","sticky":false,"template":"","format":"standard","meta":{"footnotes":""},"categories":[4],"tags":[47,11,1813,2430,1011,27,2731,7644,108,3579,12,25,2431,104],"class_list":{"0":"post-510867","1":"post","2":"type-post","3":"status-publish","4":"format-standard","5":"has-post-thumbnail","7":"category-france","8":"tag-actualite","9":"tag-actualites","10":"tag-armee","11":"tag-auvergne-rhone-alpes","12":"tag-fr","13":"tag-france","14":"tag-grenoble","15":"tag-guyane","16":"tag-isere","17":"tag-militaire","18":"tag-news","19":"tag-republique-francaise","20":"tag-rhone-alpes","21":"tag-societe"},"share_on_mastodon":{"url":"","error":""},"_links":{"self":[{"href":"https:\/\/www.europesays.com\/fr\/wp-json\/wp\/v2\/posts\/510867","targetHints":{"allow":["GET"]}}],"collection":[{"href":"https:\/\/www.europesays.com\/fr\/wp-json\/wp\/v2\/posts"}],"about":[{"href":"https:\/\/www.europesays.com\/fr\/wp-json\/wp\/v2\/types\/post"}],"author":[{"embeddable":true,"href":"https:\/\/www.europesays.com\/fr\/wp-json\/wp\/v2\/users\/2"}],"replies":[{"embeddable":true,"href":"https:\/\/www.europesays.com\/fr\/wp-json\/wp\/v2\/comments?post=510867"}],"version-history":[{"count":0,"href":"https:\/\/www.europesays.com\/fr\/wp-json\/wp\/v2\/posts\/510867\/revisions"}],"wp:featuredmedia":[{"embeddable":true,"href":"https:\/\/www.europesays.com\/fr\/wp-json\/wp\/v2\/media\/510868"}],"wp:attachment":[{"href":"https:\/\/www.europesays.com\/fr\/wp-json\/wp\/v2\/media?parent=510867"}],"wp:term":[{"taxonomy":"category","embeddable":true,"href":"https:\/\/www.europesays.com\/fr\/wp-json\/wp\/v2\/categories?post=510867"},{"taxonomy":"post_tag","embeddable":true,"href":"https:\/\/www.europesays.com\/fr\/wp-json\/wp\/v2\/tags?post=510867"}],"curies":[{"name":"wp","href":"https:\/\/api.w.org\/{rel}","templated":true}]}}