{"id":510882,"date":"2025-11-04T10:10:21","date_gmt":"2025-11-04T10:10:21","guid":{"rendered":"https:\/\/www.europesays.com\/fr\/510882\/"},"modified":"2025-11-04T10:10:21","modified_gmt":"2025-11-04T10:10:21","slug":"interpelle-ivre-mort-apres-avoir-tente-douvrir-plusieurs-voitures","status":"publish","type":"post","link":"https:\/\/www.europesays.com\/fr\/510882\/","title":{"rendered":"interpell\u00e9 ivre mort apr\u00e8s avoir tent\u00e9 d\u2019ouvrir plusieurs voitures"},"content":{"rendered":"<p>            Par<br \/>\n        <strong><br \/>\n            <a href=\"https:\/\/actu.fr\/auteur\/lea-pippinato\" title=\"Consulter tous les articles de L\u00e9a Pippinato\" target=\"_blank\" rel=\"noopener\">L\u00e9a Pippinato<\/a><br \/>\n        <\/strong><\/p>\n<p>        Publi\u00e9 le<\/p>\n<p>            4 nov. 2025 \u00e0 10h44        <\/p>\n<p><strong>Ce dimanche 2 novembre 2025<\/strong>, peu avant 8h30, deux t\u00e9moins remarquent un homme sortir d\u2019un v\u00e9hicule en stationnement rue Balard, pr\u00e8s du parc Cl\u00e9menceau. Ils affirment le voir tenter d\u2019ouvrir d\u2019autres voitures gar\u00e9es \u00e0 proximit\u00e9. Alert\u00e9e, la police nationale intervient.<\/p>\n<p>    <a href=\"https:\/\/www.google.com\/maps\/embed?pb=!1m18!1m12!1m3!1d23114.090373704526!2d3.8535167999999995!3d43.6011008!2m3!1f0!2f0!3f0!3m2!1i1024!2i768!4f13.1!3m3!1m2!1s0x12b6afae9b85957d%3A0x87b495c7ca3342c6!2sRue%20Balard%2C%2034000%20Montpellier!5e0!3m2!1sfr!2sfr!4v1762249303231!5m2!1sfr!2sfr\" title=\"Ouvrie le lien\" target=\"_blank\" rel=\"noopener\">Cliquez ici pour visualiser le contenu<\/a><\/p>\n<p class=\" wall-content\">L\u2019homme est \u00e2g\u00e9 de 31 ans. Il r\u00e9side \u00e0 Paris dans une structure d\u2019h\u00e9bergement et fait l\u2019objet d\u2019une interdiction de para\u00eetre sur le territoire de Montpellier. Les forces de l\u2019ordre le trouvent en \u00e9tat d\u2019ivresse avanc\u00e9e.\u00a0<\/p>\n<p>Un vol de circonstance sans effraction constat\u00e9e<\/p>\n<p class=\" wall-content\">Selon les premiers \u00e9l\u00e9ments, il s\u2019agirait d\u2019un vol de circonstance. Le suspect aurait cherch\u00e9 \u00e0 profiter d\u2019un v\u00e9hicule peut-\u00eatre ouvert pour s\u2019emparer d\u2019objets laiss\u00e9s \u00e0 l\u2019int\u00e9rieur. Le propri\u00e9taire du v\u00e9hicule concern\u00e9 n\u2019a constat\u00e9 ni d\u00e9gradation ni disparition d\u2019effets personnels. L\u2019homme ne retrouve ses esprits qu\u2019aux alentours de 21h30. Il d\u00e9clare alors avoir bu plusieurs bi\u00e8res ainsi que des \u00ab\u00a0flashs de whisky\u00a0\u00bb. Il reconna\u00eet un \u00e9tat d\u2019ivresse mais nie \u00eatre sorti du v\u00e9hicule ou avoir tent\u00e9 d\u2019ouvrir d\u2019autres porti\u00e8res. Apr\u00e8s son interpellation, l\u2019homme est plac\u00e9 dans l\u2019apr\u00e8s-midi au centre de r\u00e9tention administrative (CRA) de N\u00eemes.\u00a0<\/p>\n<p class=\" wall-content\">Personnalisez votre actualit\u00e9 en ajoutant vos villes et m\u00e9dias en favori avec <a href=\"https:\/\/moncompte.actu.fr\" title=\"D\u00e9couvez Mon Actu\" rel=\"nofollow noopener\" data-trk=\"{&quot;cta&quot;:{&quot;action&quot;:&quot;https:\\\/\\\/moncompte.actu.fr&quot;,&quot;category&quot;:&quot;mon compte&quot;,&quot;from&quot;:&quot;article footer&quot;,&quot;name&quot;:&quot;Mon actu&quot;,&quot;type&quot;:&quot;cta&quot;}}\" target=\"_blank\">Mon Actu<\/a>.<\/p>\n","protected":false},"excerpt":{"rendered":"Par L\u00e9a Pippinato Publi\u00e9 le 4 nov. 2025 \u00e0 10h44 Ce dimanche 2 novembre 2025, peu avant 8h30,&hellip;\n","protected":false},"author":2,"featured_media":510883,"comment_status":"","ping_status":"","sticky":false,"template":"","format":"standard","meta":{"footnotes":""},"categories":[9599],"tags":[1111,11,5702,1777,674,118,1011,27,303,2208,12,2680,1072,25],"class_list":{"0":"post-510882","1":"post","2":"type-post","3":"status-publish","4":"format-standard","5":"has-post-thumbnail","7":"category-montpellier","8":"tag-actu","9":"tag-actualites","10":"tag-alcool","11":"tag-eu","12":"tag-europe","13":"tag-faits-divers","14":"tag-fr","15":"tag-france","16":"tag-justice","17":"tag-montpellier","18":"tag-news","19":"tag-occitanie","20":"tag-police","21":"tag-republique-francaise"},"share_on_mastodon":{"url":"https:\/\/pubeurope.com\/@fr\/115490889656372500","error":""},"_links":{"self":[{"href":"https:\/\/www.europesays.com\/fr\/wp-json\/wp\/v2\/posts\/510882","targetHints":{"allow":["GET"]}}],"collection":[{"href":"https:\/\/www.europesays.com\/fr\/wp-json\/wp\/v2\/posts"}],"about":[{"href":"https:\/\/www.europesays.com\/fr\/wp-json\/wp\/v2\/types\/post"}],"author":[{"embeddable":true,"href":"https:\/\/www.europesays.com\/fr\/wp-json\/wp\/v2\/users\/2"}],"replies":[{"embeddable":true,"href":"https:\/\/www.europesays.com\/fr\/wp-json\/wp\/v2\/comments?post=510882"}],"version-history":[{"count":0,"href":"https:\/\/www.europesays.com\/fr\/wp-json\/wp\/v2\/posts\/510882\/revisions"}],"wp:featuredmedia":[{"embeddable":true,"href":"https:\/\/www.europesays.com\/fr\/wp-json\/wp\/v2\/media\/510883"}],"wp:attachment":[{"href":"https:\/\/www.europesays.com\/fr\/wp-json\/wp\/v2\/media?parent=510882"}],"wp:term":[{"taxonomy":"category","embeddable":true,"href":"https:\/\/www.europesays.com\/fr\/wp-json\/wp\/v2\/categories?post=510882"},{"taxonomy":"post_tag","embeddable":true,"href":"https:\/\/www.europesays.com\/fr\/wp-json\/wp\/v2\/tags?post=510882"}],"curies":[{"name":"wp","href":"https:\/\/api.w.org\/{rel}","templated":true}]}}