{"id":510890,"date":"2025-11-04T10:15:24","date_gmt":"2025-11-04T10:15:24","guid":{"rendered":"https:\/\/www.europesays.com\/fr\/510890\/"},"modified":"2025-11-04T10:15:24","modified_gmt":"2025-11-04T10:15:24","slug":"vern-sur-seiche-seniors-et-jeunes-tirent-un-bon-bilan-du-mois-bleu","status":"publish","type":"post","link":"https:\/\/www.europesays.com\/fr\/510890\/","title":{"rendered":"Vern-sur-Seiche. Seniors et jeunes tirent un bon bilan du Mois bleu"},"content":{"rendered":"<p>C\u2019est \u00e0 la Passerelle que se sont termin\u00e9es les rencontres du Mois bleu. Les nombreuses initiatives de l\u2019op\u00e9ration avaient pour but de valoriser la place des a\u00een\u00e9s dans la ville.<\/p>\n<p>La Semaine bleue, semaine nationale des retrait\u00e9s et des personnes \u00e2g\u00e9es, a dur\u00e9 un mois et il fallait bien \u00e7a. \u00a0Sur une semaine, les activit\u00e9s sont trop concentr\u00e9es, nous avions moins de pr\u00e9sence. Cette organisation permet de diluer les rencontres et la participation a \u00e9t\u00e9 \u00e0 la hausse\u00a0\u00bb, fait remarquer Lore K\u00e9b\u00e9 Escabasse, animatrice seniors.<\/p>\n<p>Les seniors de la Maison Helena ont bien adh\u00e9r\u00e9 \u00e0 l\u2019apr\u00e8s-midi jeux interg\u00e9n\u00e9rationnels mercredi dernier. \u00a0Ils se connaissent d\u00e9j\u00e0, souligne l\u2019animatrice,les jeunes leur ont fait d\u00e9couvrir la Wii, une manette de jeux vid\u00e9o. Ils en ont depuis r\u00e9cup\u00e9r\u00e9 une et y jouent r\u00e9guli\u00e8rement.\u00a0 Et comme toujours \u00e0 la Passerelle, les ados ont confectionn\u00e9 des cr\u00eapes que tous ont partag\u00e9s ensemble.<\/p>\n<p>\u00a0<\/p>\n","protected":false},"excerpt":{"rendered":"C\u2019est \u00e0 la Passerelle que se sont termin\u00e9es les rencontres du Mois bleu. Les nombreuses initiatives de l\u2019op\u00e9ration&hellip;\n","protected":false},"author":2,"featured_media":510891,"comment_status":"","ping_status":"","sticky":false,"template":"","format":"standard","meta":{"footnotes":""},"categories":[2821],"tags":[1111,11,3783,13603,829,1777,674,1011,27,4074,2561,12,3086,584,25,3552,9774,9310],"class_list":{"0":"post-510890","1":"post","2":"type-post","3":"status-publish","4":"format-standard","5":"has-post-thumbnail","7":"category-rennes","8":"tag-actu","9":"tag-actualites","10":"tag-bilan","11":"tag-bleu","12":"tag-bretagne","13":"tag-eu","14":"tag-europe","15":"tag-fr","16":"tag-france","17":"tag-jeunes","18":"tag-mois","19":"tag-news","20":"tag-redon","21":"tag-rennes","22":"tag-republique-francaise","23":"tag-seniors","24":"tag-tirent","25":"tag-vern-sur-seiche"},"share_on_mastodon":{"url":"https:\/\/pubeurope.com\/@fr\/115490909352685854","error":""},"_links":{"self":[{"href":"https:\/\/www.europesays.com\/fr\/wp-json\/wp\/v2\/posts\/510890","targetHints":{"allow":["GET"]}}],"collection":[{"href":"https:\/\/www.europesays.com\/fr\/wp-json\/wp\/v2\/posts"}],"about":[{"href":"https:\/\/www.europesays.com\/fr\/wp-json\/wp\/v2\/types\/post"}],"author":[{"embeddable":true,"href":"https:\/\/www.europesays.com\/fr\/wp-json\/wp\/v2\/users\/2"}],"replies":[{"embeddable":true,"href":"https:\/\/www.europesays.com\/fr\/wp-json\/wp\/v2\/comments?post=510890"}],"version-history":[{"count":0,"href":"https:\/\/www.europesays.com\/fr\/wp-json\/wp\/v2\/posts\/510890\/revisions"}],"wp:featuredmedia":[{"embeddable":true,"href":"https:\/\/www.europesays.com\/fr\/wp-json\/wp\/v2\/media\/510891"}],"wp:attachment":[{"href":"https:\/\/www.europesays.com\/fr\/wp-json\/wp\/v2\/media?parent=510890"}],"wp:term":[{"taxonomy":"category","embeddable":true,"href":"https:\/\/www.europesays.com\/fr\/wp-json\/wp\/v2\/categories?post=510890"},{"taxonomy":"post_tag","embeddable":true,"href":"https:\/\/www.europesays.com\/fr\/wp-json\/wp\/v2\/tags?post=510890"}],"curies":[{"name":"wp","href":"https:\/\/api.w.org\/{rel}","templated":true}]}}