{"id":510892,"date":"2025-11-04T10:16:12","date_gmt":"2025-11-04T10:16:12","guid":{"rendered":"https:\/\/www.europesays.com\/fr\/510892\/"},"modified":"2025-11-04T10:16:12","modified_gmt":"2025-11-04T10:16:12","slug":"football-gaelique-rennes-elimine-par-st-kiernans-sport","status":"publish","type":"post","link":"https:\/\/www.europesays.com\/fr\/510892\/","title":{"rendered":"Football ga\u00e9lique. Rennes \u00e9limin\u00e9 par St Kiernan\u2019s . Sport"},"content":{"rendered":"<p>Le r\u00eave est pass\u00e9 pour Rennes. Les championnes de Bretagne, de France et d\u2019Europe en titre disputaient ce samedi 1er\u00a0novembre 2025 le Ladies All-Ireland Club Junior Championship, le troisi\u00e8me niveau de la plus prestigieuse comp\u00e9tition de football ga\u00e9lique, un sport irlandais m\u00e9langeant football et rugby. On marque trois points avec un but, et un point avec un drop. Oppos\u00e9 aux Londoniennes de St Kiernan\u2019s, Ar Gwazi Gouez s\u2019est inclin\u00e9 15 \u00e0 12, et ne verra pas les quarts de finale, et l\u2019entr\u00e9e en lice des \u00e9quipes irlandaises.<\/p>\n<p>Si les championnes de Grande-Bretagne ont \u00e9t\u00e9 devant au score une bonne partie du match, Rennes, \u00e0 domicile, \u00e9tait dans le coup \u00e0 la pause. \u00a0On perd de deux\u00a0points, on fait plut\u00f4t jeu \u00e9gal, juge Tiphaine L\u00e9on, la capitaine. Mais elles ont \u00e9lev\u00e9 le niveau en d\u00e9but de deuxi\u00e8me p\u00e9riode. On a recul\u00e9 d\u2019un cran pour d\u00e9fendre, donc on avait plus de terrain \u00e0 remonter. Physiquement, on \u00e9tait un cran en dessous. On a \u00e9galement p\u00e9ch\u00e9 dans les passes au pied. Celles de Londres arrivaient toujours au bon endroit.\u00a0<\/p>\n<p>\u00a0On a envie d\u2019y retourner\u00a0<\/p>\n<p>Men\u00e9es 15 \u00e0 9, les Rennaises se sont reprises en fin de partie, pouss\u00e9es par les \u00a0200\u00a0spectateurs\u00a0 pr\u00e9sents \u00e0 la Bellangerais. \u00a0On reprend un peu la main, explique Tiphaine L\u00e9on. On marque un coup-franc qui nous relance (15-12). Puis, on a les occasions pour marquer, mais Londres d\u00e9fendait fort.\u00a0<\/p>\n<p>Sans trop de regrets pour la capitaine d\u2019Ar Gwazi Gouez\u00a0: \u00a0On a la sensation qu\u2019il y avait une petite place, mais sur l\u2019ensemble du match, c\u2019est m\u00e9rit\u00e9 pour Londres.\u00a0 Surtout, la d\u00e9faite a donn\u00e9 des id\u00e9es \u00e0 Rennes. \u00a0On a appris plein de trucs samedi. Et on a toutes envie d\u2019y retourner\u00a0, sourit Tiphaine L\u00e9on. Pour concr\u00e9tiser le r\u00eave l\u2019ann\u00e9e prochaine.<\/p>\n<p>\u00a0<\/p>\n","protected":false},"excerpt":{"rendered":"Le r\u00eave est pass\u00e9 pour Rennes. Les championnes de Bretagne, de France et d\u2019Europe en titre disputaient ce&hellip;\n","protected":false},"author":2,"featured_media":510893,"comment_status":"","ping_status":"","sticky":false,"template":"","format":"standard","meta":{"footnotes":""},"categories":[2821],"tags":[1111,11,3809,1465,829,1777,674,63,1011,27,1792,1922,12,3086,584,25,479,517,1470],"class_list":{"0":"post-510892","1":"post","2":"type-post","3":"status-publish","4":"format-standard","5":"has-post-thumbnail","7":"category-rennes","8":"tag-actu","9":"tag-actualites","10":"tag-ball","11":"tag-basket","12":"tag-bretagne","13":"tag-eu","14":"tag-europe","15":"tag-football","16":"tag-fr","17":"tag-france","18":"tag-handball","19":"tag-info","20":"tag-news","21":"tag-redon","22":"tag-rennes","23":"tag-republique-francaise","24":"tag-rugby","25":"tag-sport","26":"tag-volley"},"share_on_mastodon":{"url":"https:\/\/pubeurope.com\/@fr\/115490913300818924","error":""},"_links":{"self":[{"href":"https:\/\/www.europesays.com\/fr\/wp-json\/wp\/v2\/posts\/510892","targetHints":{"allow":["GET"]}}],"collection":[{"href":"https:\/\/www.europesays.com\/fr\/wp-json\/wp\/v2\/posts"}],"about":[{"href":"https:\/\/www.europesays.com\/fr\/wp-json\/wp\/v2\/types\/post"}],"author":[{"embeddable":true,"href":"https:\/\/www.europesays.com\/fr\/wp-json\/wp\/v2\/users\/2"}],"replies":[{"embeddable":true,"href":"https:\/\/www.europesays.com\/fr\/wp-json\/wp\/v2\/comments?post=510892"}],"version-history":[{"count":0,"href":"https:\/\/www.europesays.com\/fr\/wp-json\/wp\/v2\/posts\/510892\/revisions"}],"wp:featuredmedia":[{"embeddable":true,"href":"https:\/\/www.europesays.com\/fr\/wp-json\/wp\/v2\/media\/510893"}],"wp:attachment":[{"href":"https:\/\/www.europesays.com\/fr\/wp-json\/wp\/v2\/media?parent=510892"}],"wp:term":[{"taxonomy":"category","embeddable":true,"href":"https:\/\/www.europesays.com\/fr\/wp-json\/wp\/v2\/categories?post=510892"},{"taxonomy":"post_tag","embeddable":true,"href":"https:\/\/www.europesays.com\/fr\/wp-json\/wp\/v2\/tags?post=510892"}],"curies":[{"name":"wp","href":"https:\/\/api.w.org\/{rel}","templated":true}]}}