{"id":510894,"date":"2025-11-04T10:17:10","date_gmt":"2025-11-04T10:17:10","guid":{"rendered":"https:\/\/www.europesays.com\/fr\/510894\/"},"modified":"2025-11-04T10:17:10","modified_gmt":"2025-11-04T10:17:10","slug":"un-camion-porte-voitures-tombe-en-panne-un-camion-toupie-tente-de-le-contourner-et-senlise","status":"publish","type":"post","link":"https:\/\/www.europesays.com\/fr\/510894\/","title":{"rendered":"un camion porte-voitures tombe en panne, un camion-toupie tente de le contourner et s&rsquo;enlise"},"content":{"rendered":"<p>            Par<br \/>\n        <strong><br \/>\n            <a href=\"https:\/\/actu.fr\/auteur\/thomas-blanc\" title=\"Consulter tous les articles de Thomas Blanc\" target=\"_blank\" rel=\"noopener\">Thomas Blanc<\/a><br \/>\n        <\/strong><\/p>\n<p>        Publi\u00e9 le<\/p>\n<p>            4 nov. 2025 \u00e0 10h36        <\/p>\n<p>Sc\u00e8ne <a href=\"https:\/\/actu.fr\/insolite\" target=\"_blank\" rel=\"noopener\">insolite<\/a> ce mardi matin au rond-point du <strong>March\u00e9-Gare \u00e0 Strasbourg<\/strong>\u2009: un incident impliquant <strong>deux poids lourds<\/strong> a provoqu\u00e9 une importante <strong>perturbation<\/strong> de la <a href=\"https:\/\/actu.fr\/tag\/circulation\" target=\"_blank\" rel=\"noopener\">circulation<\/a>. Voici ce qu\u2019il s\u2019est pass\u00e9.<\/p>\n<p>Un camion porte-voitures en panne provoque l\u2019enlisement d\u2019un camion-toupie<\/p>\n<p class=\" wall-content\">Aux alentours de 9h ce matin, un <strong>camion transportant sept automobiles est tomb\u00e9 en panne au rond-point de la rue du March\u00e9 Gare \u00e0 Strasbourg<\/strong>.<\/p>\n<p class=\" wall-content\">Un<strong> camion malaxeur (charg\u00e9 d\u2019une b\u00e9tonni\u00e8re)<\/strong> a par la suite tent\u00e9 de d\u00e9passer le camion en panne coupant le rond-point mais s\u2019y est <strong>enlis\u00e9<\/strong>.<\/p>\n<p>La bretelle d\u2019autoroute de la M35 ferm\u00e9e<\/p>\n<p class=\" wall-content\">La <strong>bretelle d\u2019autoroute de la M35<\/strong> est ferm\u00e9e afin d\u2019arr\u00eater l\u2019arriv\u00e9e de v\u00e9hicules sur le rond-point.<\/p>\n<p class=\" wall-content\">La <a href=\"https:\/\/actu.fr\/tag\/police\" target=\"_blank\" rel=\"noopener\">police<\/a> sur place indique aux automobilistes et aux routiers venant du March\u00e9 Gare et des commerces de la zone de faire demi-tour ou leur fait prendre le rond-point \u00e0 contre sens pour rejoindre l\u2019autoroute.<\/p>\n<p>Votre r\u00e9gion, votre actu !<\/p>\n<p>Recevez chaque jour les infos qui comptent pour vous.<\/p>\n<p>\t<a href=\"https:\/\/actu.fr\/newsletter\" class=\"ac-btn ac-btn--corner ac-btn--medium ac-btn--blue800\" target=\"_blank\" rel=\"noopener\">S&rsquo;incrire<\/a><br \/>\nLe camion enlis\u00e9 sur le rond-point extrait<\/p>\n<p class=\" wall-content\">Le camion enlis\u00e9 sur le rond-point en a \u00e9t\u00e9 <strong>extrait \u00e0 10h<\/strong> en \u00e9tant tract\u00e9 par un autre camion et pouss\u00e9 par une tractopelle.<\/p>\n<p class=\" wall-content\">Il n\u2019y a aucune estimation d\u2019heure de retour \u00e0 la normale pour\u00a0le moment.<\/p>\n<p class=\" wall-content\">Personnalisez votre actualit\u00e9 en ajoutant vos villes et m\u00e9dias en favori avec <a href=\"https:\/\/moncompte.actu.fr\" title=\"D\u00e9couvez Mon Actu\" rel=\"nofollow noopener\" data-trk=\"{&quot;cta&quot;:{&quot;action&quot;:&quot;https:\\\/\\\/moncompte.actu.fr&quot;,&quot;category&quot;:&quot;mon compte&quot;,&quot;from&quot;:&quot;article footer&quot;,&quot;name&quot;:&quot;Mon actu&quot;,&quot;type&quot;:&quot;cta&quot;}}\" target=\"_blank\">Mon Actu<\/a>.<\/p>\n","protected":false},"excerpt":{"rendered":"Par Thomas Blanc Publi\u00e9 le 4 nov. 2025 \u00e0 10h36 Sc\u00e8ne insolite ce mardi matin au rond-point du&hellip;\n","protected":false},"author":2,"featured_media":510895,"comment_status":"","ping_status":"","sticky":false,"template":"","format":"standard","meta":{"footnotes":""},"categories":[2820],"tags":[119,1111,11,3542,1777,674,118,1011,27,775,1757,12,25,640],"class_list":{"0":"post-510894","1":"post","2":"type-post","3":"status-publish","4":"format-standard","5":"has-post-thumbnail","7":"category-strasbourg","8":"tag-accident","9":"tag-actu","10":"tag-actualites","11":"tag-circulation","12":"tag-eu","13":"tag-europe","14":"tag-faits-divers","15":"tag-fr","16":"tag-france","17":"tag-grand-est","18":"tag-insolite","19":"tag-news","20":"tag-republique-francaise","21":"tag-strasbourg"},"share_on_mastodon":{"url":"https:\/\/pubeurope.com\/@fr\/115490917347976630","error":""},"_links":{"self":[{"href":"https:\/\/www.europesays.com\/fr\/wp-json\/wp\/v2\/posts\/510894","targetHints":{"allow":["GET"]}}],"collection":[{"href":"https:\/\/www.europesays.com\/fr\/wp-json\/wp\/v2\/posts"}],"about":[{"href":"https:\/\/www.europesays.com\/fr\/wp-json\/wp\/v2\/types\/post"}],"author":[{"embeddable":true,"href":"https:\/\/www.europesays.com\/fr\/wp-json\/wp\/v2\/users\/2"}],"replies":[{"embeddable":true,"href":"https:\/\/www.europesays.com\/fr\/wp-json\/wp\/v2\/comments?post=510894"}],"version-history":[{"count":0,"href":"https:\/\/www.europesays.com\/fr\/wp-json\/wp\/v2\/posts\/510894\/revisions"}],"wp:featuredmedia":[{"embeddable":true,"href":"https:\/\/www.europesays.com\/fr\/wp-json\/wp\/v2\/media\/510895"}],"wp:attachment":[{"href":"https:\/\/www.europesays.com\/fr\/wp-json\/wp\/v2\/media?parent=510894"}],"wp:term":[{"taxonomy":"category","embeddable":true,"href":"https:\/\/www.europesays.com\/fr\/wp-json\/wp\/v2\/categories?post=510894"},{"taxonomy":"post_tag","embeddable":true,"href":"https:\/\/www.europesays.com\/fr\/wp-json\/wp\/v2\/tags?post=510894"}],"curies":[{"name":"wp","href":"https:\/\/api.w.org\/{rel}","templated":true}]}}