{"id":510896,"date":"2025-11-04T10:18:16","date_gmt":"2025-11-04T10:18:16","guid":{"rendered":"https:\/\/www.europesays.com\/fr\/510896\/"},"modified":"2025-11-04T10:18:16","modified_gmt":"2025-11-04T10:18:16","slug":"pres-de-strasbourg-une-femme-retrouvee-morte-calcinee-son-fils-recherche","status":"publish","type":"post","link":"https:\/\/www.europesays.com\/fr\/510896\/","title":{"rendered":"Pr\u00e8s de Strasbourg, une femme retrouv\u00e9e morte calcin\u00e9e, son fils recherch\u00e9"},"content":{"rendered":"<p class=\"mb-4 text-lg md:leading-8 break-words\"><strong>ENQU\u00caTE &#8211; Une cardiologue d\u2019une cinquantaine d\u2019ann\u00e9es a \u00e9t\u00e9 retrouv\u00e9e morte calcin\u00e9e \u00e0 son domicile \u00e0 Molsheim, en Alsace<\/strong><\/p>\n<p class=\"mb-4 text-lg md:leading-8 break-words\">Une femme \u00e2g\u00e9e d\u2019une cinquantaine d\u2019ann\u00e9es a \u00e9t\u00e9 retrouv\u00e9e morte calcin\u00e9e \u00e0 Molsheim, en <a href=\"https:\/\/www.20minutes.fr\/dossier\/alsace?at_medium=RSS%20feed&amp;at_campaign=ynews&amp;utm_source=yahoo&amp;utm_medium=rss&amp;utm_campaign=news_feed&amp;utm_content=in_article_link\" rel=\"nofollow noopener\" target=\"_blank\" data-ylk=\"slk:Alsace;elm:context_link;itc:0;sec:content-canvas\" class=\"link \">Alsace<\/a>, a-t-on appris mardi de source proche de l\u2019<a href=\"https:\/\/www.20minutes.fr\/dossier\/enquete?at_medium=RSS%20feed&amp;at_campaign=ynews&amp;utm_source=yahoo&amp;utm_medium=rss&amp;utm_campaign=news_feed&amp;utm_content=in_article_link\" rel=\"nofollow noopener\" target=\"_blank\" data-ylk=\"slk:enqu\u00eate;elm:context_link;itc:0;sec:content-canvas\" class=\"link \">enqu\u00eate<\/a>. Son fils de 22 ans est recherch\u00e9 pour \u00ab\u00a0\u00eatre entendu dans le cadre de l\u2019enqu\u00eate\u00a0\u00bb.<\/p>\n<p class=\"mb-4 text-lg md:leading-8 break-words\">La victime est une cardiologue roumaine qui exer\u00e7ait depuis plusieurs ann\u00e9es dans cette commune du Bas-Rhin situ\u00e9e \u00e0 30 kilom\u00e8tres \u00e0 l\u2019ouest de Strasbourg. Selon le quotidien r\u00e9gional <a href=\"https:\/\/www.dna.fr\/faits-divers-justice\/2025\/11\/03\/corps-calcine-dans-une-maison-le-fils-suspecte-d-avoir-tue-sa-mere?at_medium=RSS%20feed&amp;at_campaign=ynews&amp;utm_source=yahoo&amp;utm_medium=rss&amp;utm_campaign=news_feed&amp;utm_content=in_article_link\" rel=\"nofollow noopener\" target=\"_blank\" data-ylk=\"slk:Les Derni\u00e8res nouvelles d\u2019Alsace;elm:context_link;itc:0;sec:content-canvas\" class=\"link \">Les Derni\u00e8res nouvelles d\u2019Alsace<\/a>, c\u2019est une secr\u00e9taire m\u00e9dicale, inqui\u00e8te de ne pas voir arriver la m\u00e9decin alors que la salle d\u2019attente \u00e9tait pleine, qui a donn\u00e9 l\u2019alerte jeudi matin.<\/p>\n<p class=\"mb-4 text-lg md:leading-8 break-words\">Les secours ont retrouv\u00e9 le corps calcin\u00e9 de la cardiologue \u00e0 son domicile, situ\u00e9 dans la m\u00eame ville.<\/p>\n<p>\u00ab\u00a0C\u2019est criminel\u00a0\u00bb<\/p>\n<p class=\"mb-4 text-lg md:leading-8 break-words\">La gendarmerie du Bas-Rhin a diffus\u00e9 dimanche un appel \u00e0 t\u00e9moins pour localiser le jeune homme de 22 ans, aux longs cheveux bruns. Il n\u2019avait pas \u00e9t\u00e9 retrouv\u00e9 mardi matin.<\/p>\n<p><a href=\"https:\/\/www.20minutes.fr\/dossier\/meurtre\" rel=\"nofollow noopener\" target=\"_blank\" data-ylk=\"slk:Notre rubrique &quot;Meurtres&quot;;elm:context_link;itc:0;sec:content-canvas\" class=\"link \">Notre rubrique \u00ab\u00a0Meurtres\u00a0\u00bb<\/a><\/p>\n<p class=\"mb-4 text-lg md:leading-8 break-words\">\u00ab\u00a0C\u2019est criminel\u00a0\u00bb, a indiqu\u00e9 la source proche de l\u2019enqu\u00eate, pr\u00e9cisant que pour cette raison, le parquet de Saverne s\u2019est dessaisi au profit de celui de Strasbourg.<\/p>\n<p class=\"mb-4 text-lg md:leading-8 break-words\"><a href=\"https:\/\/www.20minutes.fr\/faits_divers\/4183412-20251104-pres-strasbourg-femme-retrouvee-morte-calcinee-fils-recherche?at_medium=RSS%20feed&amp;at_campaign=ynews&amp;utm_source=yahoo&amp;utm_medium=rss&amp;utm_campaign=news_feed&amp;utm_content=read_more_link&quot;\" rel=\"nofollow noopener\" target=\"_blank\" data-ylk=\"slk:Lire la suite sur 20minutes;elm:context_link;itc:0;sec:content-canvas\" class=\"link \">Lire la suite sur 20minutes<\/a><\/p>\n<p>\u00c0 lire aussi :<br \/><a href=\"https:\/\/www.20minutes.fr\/faits_divers\/4135276-20250124-finistere-femme-retrouvee-morte-mare-sang-fils-activement-recherche?at_medium=RSS%20feed&amp;at_campaign=ynews&amp;utm_source=yahoo&amp;utm_medium=rss&amp;utm_campaign=news_feed&amp;utm_content=related_content_link\" rel=\"nofollow noopener\" target=\"_blank\" data-ylk=\"slk:Finist\u00e8re\u00a0: Une femme retrouv\u00e9e morte dans une mare de sang, son fils activement recherch\u00e9;elm:context_link;itc:0;sec:content-canvas\" class=\"link \">Finist\u00e8re\u00a0: Une femme retrouv\u00e9e morte dans une mare de sang, son fils activement recherch\u00e9<\/a><br \/><a href=\"https:\/\/www.20minutes.fr\/faits_divers\/faits-divers-strasbourg\/4177073-20251003-strasbourg-femme-trouvee-morte-congelateur-oreiller-couverture-suicide-privilegie?at_medium=RSS%20feed&amp;at_campaign=ynews&amp;utm_source=yahoo&amp;utm_medium=rss&amp;utm_campaign=news_feed&amp;utm_content=related_content_link\" rel=\"nofollow noopener\" target=\"_blank\" data-ylk=\"slk:Strasbourg\u00a0: Une femme trouv\u00e9e morte dans son cong\u00e9lateur, avec un oreiller et une couverture, le suicide privil\u00e9gi\u00e9;elm:context_link;itc:0;sec:content-canvas\" class=\"link \">Strasbourg\u00a0: Une femme trouv\u00e9e morte dans son cong\u00e9lateur, avec un oreiller et une couverture, le suicide privil\u00e9gi\u00e9<\/a><\/p>\n","protected":false},"excerpt":{"rendered":"ENQU\u00caTE &#8211; Une cardiologue d\u2019une cinquantaine d\u2019ann\u00e9es a \u00e9t\u00e9 retrouv\u00e9e morte calcin\u00e9e \u00e0 son domicile \u00e0 Molsheim, en&hellip;\n","protected":false},"author":2,"featured_media":506851,"comment_status":"","ping_status":"","sticky":false,"template":"","format":"standard","meta":{"footnotes":""},"categories":[2820],"tags":[1111,11,2649,1777,674,1011,27,775,51574,14836,12,25,14835,640,11436],"class_list":{"0":"post-510896","1":"post","2":"type-post","3":"status-publish","4":"format-standard","5":"has-post-thumbnail","7":"category-strasbourg","8":"tag-actu","9":"tag-actualites","10":"tag-bas-rhin","11":"tag-eu","12":"tag-europe","13":"tag-fr","14":"tag-france","15":"tag-grand-est","16":"tag-lenquete","17":"tag-morte","18":"tag-news","19":"tag-republique-francaise","20":"tag-retrouvee","21":"tag-strasbourg","22":"tag-une-femme"},"share_on_mastodon":{"url":"https:\/\/pubeurope.com\/@fr\/115490921255018779","error":""},"_links":{"self":[{"href":"https:\/\/www.europesays.com\/fr\/wp-json\/wp\/v2\/posts\/510896","targetHints":{"allow":["GET"]}}],"collection":[{"href":"https:\/\/www.europesays.com\/fr\/wp-json\/wp\/v2\/posts"}],"about":[{"href":"https:\/\/www.europesays.com\/fr\/wp-json\/wp\/v2\/types\/post"}],"author":[{"embeddable":true,"href":"https:\/\/www.europesays.com\/fr\/wp-json\/wp\/v2\/users\/2"}],"replies":[{"embeddable":true,"href":"https:\/\/www.europesays.com\/fr\/wp-json\/wp\/v2\/comments?post=510896"}],"version-history":[{"count":0,"href":"https:\/\/www.europesays.com\/fr\/wp-json\/wp\/v2\/posts\/510896\/revisions"}],"wp:featuredmedia":[{"embeddable":true,"href":"https:\/\/www.europesays.com\/fr\/wp-json\/wp\/v2\/media\/506851"}],"wp:attachment":[{"href":"https:\/\/www.europesays.com\/fr\/wp-json\/wp\/v2\/media?parent=510896"}],"wp:term":[{"taxonomy":"category","embeddable":true,"href":"https:\/\/www.europesays.com\/fr\/wp-json\/wp\/v2\/categories?post=510896"},{"taxonomy":"post_tag","embeddable":true,"href":"https:\/\/www.europesays.com\/fr\/wp-json\/wp\/v2\/tags?post=510896"}],"curies":[{"name":"wp","href":"https:\/\/api.w.org\/{rel}","templated":true}]}}