{"id":510897,"date":"2025-11-04T10:19:11","date_gmt":"2025-11-04T10:19:11","guid":{"rendered":"https:\/\/www.europesays.com\/fr\/510897\/"},"modified":"2025-11-04T10:19:11","modified_gmt":"2025-11-04T10:19:11","slug":"lia-ange-ou-demon-laurence-devillers-a-nice-pour-une-reflexion-sur-les","status":"publish","type":"post","link":"https:\/\/www.europesays.com\/fr\/510897\/","title":{"rendered":"L\u2019IA ange ou d\u00e9mon ? Laurence Devillers \u00e0 Nice pour une r\u00e9flexion sur les (\u2026)"},"content":{"rendered":"<p>                    <img loading=\"lazy\" decoding=\"async\" src=\"https:\/\/www.europesays.com\/fr\/wp-content\/uploads\/2025\/11\/8e96b4dc56b9f538e211aacc5be192.png\" class=\"img-responsive post-image\" width=\"680\" height=\"510\" alt=\"L'IA ange ou d\u00e9mon ? (\u2026)\" title=\"L'IA ange ou d\u00e9mon ? Laurence Devillers \u00e0 Nice pour une r\u00e9flexion sur les promesses et dangers de l'intelligence artificielle\"\/><\/p>\n<p class=\"chapo\">Mercredi 5 novembre \u00e0 18h30, vous pourrez assister \u00e0 une nouvelle \u00e9dition des #IADates, cycle de rencontres consacr\u00e9 \u00e0 l\u2019Intelligence Artificielle. \u00c0 cette occasion, Laurence Devillers, professeure d\u2019IA \u00e0 l\u2019Universit\u00e9 de la Sorbonne, animera une conf\u00e9rence intitul\u00e9e \u00ab\u00a0L\u2019IA ange ou d\u00e9mon\u00a0: le nouveau monde de l\u2019invisible\u00a0\u00bb, un sujet br\u00fblant au c\u0153ur des d\u00e9bats sur le futur de la technologie et de l\u2019humanit\u00e9.<\/p>\n<p>Organis\u00e9e par le Pr\u00e9sident du D\u00e9partement des Alpes-Maritimes et de la Maison de l\u2019Intelligence Artificielle, en partenariat avec Marco Landi, Pr\u00e9sident de l\u2019Institut EuropIA, cette rencontre sera anim\u00e9e par <strong>Benjamin Ducong\u00e9<\/strong>, journaliste \u00e0 Radio Monaco.<\/p>\n<p>Le programme d\u00e9butera \u00e0 18h30 avec un mot de bienvenue, suivi de l\u2019introduction du Pr\u00e9sident du D\u00e9partement. \u00c0 18h45, <strong>Laurence Devillers<\/strong> explorera les enjeux \u00e9thiques et philosophiques d\u2019une intelligence artificielle capable de soigner, d\u2019accompagner, voire de se substituer \u00e0 l\u2019humain. La conf\u00e9rence interrogera cette fronti\u00e8re t\u00e9nue entre l\u2019outil et l\u2019\u00eatre, entre le progr\u00e8s et le vertige d\u2019un monde o\u00f9 les chatbots deviennent nos confidents et nos guides. Un temps d\u2019\u00e9changes avec le public aura lieu \u00e0 19 h 45, avant la conclusion de Marco Landi \u00e0 20 h.<\/p>\n<p>Con\u00e7ues pour rendre l\u2019intelligence artificielle accessible \u00e0 tous, les #IADates offrent au grand public des cl\u00e9s pour comprendre les mutations num\u00e9riques qui red\u00e9finissent la sant\u00e9, la mobilit\u00e9, l\u2019\u00e9thique ou encore la vie quotidienne. Cette soir\u00e9e promet un regard \u00e9clair\u00e9 sur les promesses et les p\u00e9rils d\u2019un monde de plus en plus fa\u00e7onn\u00e9 par l\u2019IA.<\/p>\n<p>Rendez-vous au Palais de Rois sardes \u00e0 Nice, l\u2019entr\u00e9e est gratuite sur <a href=\"https:\/\/my.weezevent.com\/ia-date-ia-ange-ou-demon-le-nouveau-monde-de-linvisible.\" class=\"texte\" rel=\"external noopener\" target=\"_blank\">inscription pr\u00e9alable<\/a><\/p>\n","protected":false},"excerpt":{"rendered":"Mercredi 5 novembre \u00e0 18h30, vous pourrez assister \u00e0 une nouvelle \u00e9dition des #IADates, cycle de rencontres consacr\u00e9&hellip;\n","protected":false},"author":2,"featured_media":510898,"comment_status":"","ping_status":"","sticky":false,"template":"","format":"standard","meta":{"footnotes":""},"categories":[2819],"tags":[1111,11,2408,1777,674,1011,27,12,2401,882,25],"class_list":{"0":"post-510897","1":"post","2":"type-post","3":"status-publish","4":"format-standard","5":"has-post-thumbnail","7":"category-nice","8":"tag-actu","9":"tag-actualites","10":"tag-appels-d","11":"tag-eu","12":"tag-europe","13":"tag-fr","14":"tag-france","15":"tag-news","16":"tag-nice","17":"tag-provence-alpes-cote-dazur","18":"tag-republique-francaise"},"share_on_mastodon":{"url":"https:\/\/pubeurope.com\/@fr\/115490925882230775","error":""},"_links":{"self":[{"href":"https:\/\/www.europesays.com\/fr\/wp-json\/wp\/v2\/posts\/510897","targetHints":{"allow":["GET"]}}],"collection":[{"href":"https:\/\/www.europesays.com\/fr\/wp-json\/wp\/v2\/posts"}],"about":[{"href":"https:\/\/www.europesays.com\/fr\/wp-json\/wp\/v2\/types\/post"}],"author":[{"embeddable":true,"href":"https:\/\/www.europesays.com\/fr\/wp-json\/wp\/v2\/users\/2"}],"replies":[{"embeddable":true,"href":"https:\/\/www.europesays.com\/fr\/wp-json\/wp\/v2\/comments?post=510897"}],"version-history":[{"count":0,"href":"https:\/\/www.europesays.com\/fr\/wp-json\/wp\/v2\/posts\/510897\/revisions"}],"wp:featuredmedia":[{"embeddable":true,"href":"https:\/\/www.europesays.com\/fr\/wp-json\/wp\/v2\/media\/510898"}],"wp:attachment":[{"href":"https:\/\/www.europesays.com\/fr\/wp-json\/wp\/v2\/media?parent=510897"}],"wp:term":[{"taxonomy":"category","embeddable":true,"href":"https:\/\/www.europesays.com\/fr\/wp-json\/wp\/v2\/categories?post=510897"},{"taxonomy":"post_tag","embeddable":true,"href":"https:\/\/www.europesays.com\/fr\/wp-json\/wp\/v2\/tags?post=510897"}],"curies":[{"name":"wp","href":"https:\/\/api.w.org\/{rel}","templated":true}]}}