{"id":510899,"date":"2025-11-04T10:20:13","date_gmt":"2025-11-04T10:20:13","guid":{"rendered":"https:\/\/www.europesays.com\/fr\/510899\/"},"modified":"2025-11-04T10:20:13","modified_gmt":"2025-11-04T10:20:13","slug":"deux-marseillais-juges-a-nice-apres-un-meurtre-la-nuit-de-noel-en-2021","status":"publish","type":"post","link":"https:\/\/www.europesays.com\/fr\/510899\/","title":{"rendered":"Deux Marseillais jug\u00e9s \u00e0 Nice apr\u00e8s un meurtre la nuit de No\u00ebl en 2021"},"content":{"rendered":"<p>\n    Les deux jeunes mis en cause auraient \u00e9t\u00e9 recrut\u00e9s pour \u00e9liminer un concurrent sur un point de deal, mais un habitant du quartier, inconnu des services de police, avait \u00e9t\u00e9 tu\u00e9.<\/p>\n<p class=\"fig-paragraph\">Le proc\u00e8s de deux Marseillais d\u2019une vingtaine d\u2019ann\u00e9es accus\u00e9s d\u2019avoir particip\u00e9 au meurtre d\u2019un jeune homme dans un quartier sensible ni\u00e7ois\u00a0<a href=\"http:\/\/www.lefigaro.fr\/faits-divers\/nice-un-jeune-homme-tue-par-balles-la-nuit-de-noel-20211225\" data-fig-type=\"NewsFlash\" data-gtm-custom-categorie=\"navigation\" data-gtm-custom-action=\"crossclick\" data-gtm-custom-label=\"Contextuel\" data-gtm-event=\"customEventSPE\" data-fig-domain=\"LEFIGARO\" target=\"_blank\" rel=\"noopener\">la nuit de No\u00ebl 2021<\/a>\u00a0s\u2019est ouvert lundi devant la cour d\u2019assises des Alpes-Maritimes. Ce soir-l\u00e0, trois hommes arm\u00e9s et portant un masque chirurgical se sont rendus au quartier de Las Planas, dans le nord de Nice, visiblement pour s\u2019en prendre \u00e0 un jeune homme qui a pris la fuite en les apercevant.<\/p>\n<p class=\"fig-paragraph\">Apr\u00e8s l\u2019avoir poursuivi en vain, ils sont revenus vers leur voiture, poursuivis \u00e0 leur tour par un groupe de jeunes du quartier. L\u2019un des trois a tir\u00e9 \u00e0 plusieurs reprises et Ermelindo Goncalves, 24 ans et inconnu des services de police, s\u2019est \u00e9croul\u00e9.<\/p>\n<p>                                    <a class=\"fig-a11y-skip a11y-hidden\" href=\"#fig-a11y-skip-main-inarticle\"><br \/>\n        Passer la publicit\u00e9<br \/>\n    <\/a><\/p>\n<p class=\"fig-paragraph\">L\u2019enqu\u00eate a conduit la police vers un groupe de quatre personnes, parmi lesquels un Ni\u00e7ois soup\u00e7onn\u00e9 de diriger\u00a0<a href=\"http:\/\/www.lefigaro.fr\/nice\/reglement-de-comptes-a-nice-le-tireur-un-marseillais-de-20-ans-avait-ete-recrute-contre-2000-euros-20250205\" data-fig-type=\"NewsFlash\" data-gtm-custom-categorie=\"navigation\" data-gtm-custom-action=\"crossclick\" data-gtm-custom-label=\"Contextuel\" data-gtm-event=\"customEventSPE\" data-fig-domain=\"LEFIGARO\" target=\"_blank\" rel=\"noopener\">un point de deal<\/a>\u00a0et d\u2019avoir engag\u00e9 des Marseillais pour se d\u00e9barrasser d\u2019un concurrent.<\/p>\n<p>Le commanditaire dans la nature<\/p>\n<p class=\"fig-paragraph\">Mais lors de l\u2019interpellation le 19 janvier 2022 dans un appartement\u00a0<a href=\"http:\/\/www.lefigaro.fr\/nice\/locations-airbnb-sur-la-cote-d-azur-des-centaines-de-boites-a-cles-deja-retirees-20250916\" data-fig-type=\"NewsFlash\" data-gtm-custom-categorie=\"navigation\" data-gtm-custom-action=\"crossclick\" data-gtm-custom-label=\"Contextuel\" data-gtm-event=\"customEventSPE\" data-fig-domain=\"LEFIGARO\" target=\"_blank\" rel=\"noopener\">Airbnb<\/a>\u00a0dans le centre de Nice, l\u2019un des quatre, soup\u00e7onn\u00e9 d\u2019avoir \u00e9t\u00e9 le chauffeur le soir de No\u00ebl, a \u00e9t\u00e9\u00a0<a href=\"http:\/\/www.lefigaro.fr\/faits-divers\/nice-un-homme-tue-par-un-policier-au-cours-d-une-interpellation-20220119\" data-fig-type=\"NewsFlash\" data-gtm-custom-categorie=\"navigation\" data-gtm-custom-action=\"crossclick\" data-gtm-custom-label=\"Contextuel\" data-gtm-event=\"customEventSPE\" data-fig-domain=\"LEFIGARO\" target=\"_blank\" rel=\"noopener\">mortellement atteint par le tir accidentel d\u2019un policier<\/a>, qui a \u00e9t\u00e9 condamn\u00e9 en f\u00e9vrier \u00e0 un an de prison avec sursis pour homicide involontaire.<\/p>\n<p class=\"fig-paragraph\">Depuis, les trois autres ont \u00e9t\u00e9 condamn\u00e9s \u00e0 plusieurs ann\u00e9es de prison pour trafic de drogue et association de malfaiteurs. Mais le Ni\u00e7ois, consid\u00e9r\u00e9 comme le commanditaire de l\u2019op\u00e9ration du soir de No\u00ebl, l\u2019a \u00e9t\u00e9 en son absence, et ne s\u2019est pas pr\u00e9sent\u00e9 non plus au proc\u00e8s lundi. Il avait b\u00e9n\u00e9fici\u00e9 d\u2019une remise en libert\u00e9 provisoire mais s\u2019est \u00e9vanoui dans la nature avant la pose d\u2019un bracelet \u00e9lectronique.<\/p>\n<p class=\"fig-paragraph\">Les deux Marseillais jug\u00e9s depuis lundi r\u00e9futent toute participation \u00e0 l\u2019op\u00e9ration, assurant qu\u2019ils ne faisaient que squatter un appartement dans le quartier. Le verdict est attendu en fin de semaine prochaine.<\/p>\n","protected":false},"excerpt":{"rendered":"Les deux jeunes mis en cause auraient \u00e9t\u00e9 recrut\u00e9s pour \u00e9liminer un concurrent sur un point de deal,&hellip;\n","protected":false},"author":2,"featured_media":510900,"comment_status":"","ping_status":"","sticky":false,"template":"","format":"standard","meta":{"footnotes":""},"categories":[2819],"tags":[1111,11,20851,1777,674,1011,27,777,8721,12,2401,882,25],"class_list":{"0":"post-510899","1":"post","2":"type-post","3":"status-publish","4":"format-standard","5":"has-post-thumbnail","7":"category-nice","8":"tag-actu","9":"tag-actualites","10":"tag-cour-dassises","11":"tag-eu","12":"tag-europe","13":"tag-fr","14":"tag-france","15":"tag-meurtre","16":"tag-narcotrafic","17":"tag-news","18":"tag-nice","19":"tag-provence-alpes-cote-dazur","20":"tag-republique-francaise"},"share_on_mastodon":{"url":"https:\/\/pubeurope.com\/@fr\/115490928994336180","error":""},"_links":{"self":[{"href":"https:\/\/www.europesays.com\/fr\/wp-json\/wp\/v2\/posts\/510899","targetHints":{"allow":["GET"]}}],"collection":[{"href":"https:\/\/www.europesays.com\/fr\/wp-json\/wp\/v2\/posts"}],"about":[{"href":"https:\/\/www.europesays.com\/fr\/wp-json\/wp\/v2\/types\/post"}],"author":[{"embeddable":true,"href":"https:\/\/www.europesays.com\/fr\/wp-json\/wp\/v2\/users\/2"}],"replies":[{"embeddable":true,"href":"https:\/\/www.europesays.com\/fr\/wp-json\/wp\/v2\/comments?post=510899"}],"version-history":[{"count":0,"href":"https:\/\/www.europesays.com\/fr\/wp-json\/wp\/v2\/posts\/510899\/revisions"}],"wp:featuredmedia":[{"embeddable":true,"href":"https:\/\/www.europesays.com\/fr\/wp-json\/wp\/v2\/media\/510900"}],"wp:attachment":[{"href":"https:\/\/www.europesays.com\/fr\/wp-json\/wp\/v2\/media?parent=510899"}],"wp:term":[{"taxonomy":"category","embeddable":true,"href":"https:\/\/www.europesays.com\/fr\/wp-json\/wp\/v2\/categories?post=510899"},{"taxonomy":"post_tag","embeddable":true,"href":"https:\/\/www.europesays.com\/fr\/wp-json\/wp\/v2\/tags?post=510899"}],"curies":[{"name":"wp","href":"https:\/\/api.w.org\/{rel}","templated":true}]}}