{"id":510907,"date":"2025-11-04T10:24:14","date_gmt":"2025-11-04T10:24:14","guid":{"rendered":"https:\/\/www.europesays.com\/fr\/510907\/"},"modified":"2025-11-04T10:24:14","modified_gmt":"2025-11-04T10:24:14","slug":"plusieurs-lignes-de-train-interrompues-pour-le-long-week-end-en-gironde","status":"publish","type":"post","link":"https:\/\/www.europesays.com\/fr\/510907\/","title":{"rendered":"plusieurs lignes de train interrompues pour le long week-end en Gironde"},"content":{"rendered":"<p>            Par<br \/>\n        <strong><br \/>\n            <a href=\"https:\/\/actu.fr\/auteur\/juliette-cardinale\" title=\"Consulter tous les articles de Juliette Cardinale\" rel=\"nofollow noopener\" target=\"_blank\">Juliette Cardinale<\/a><br \/>\n        <\/strong><\/p>\n<p>        Publi\u00e9 le<\/p>\n<p>            4 nov. 2025 \u00e0 11h17        <\/p>\n<p>D\u2019importants travaux vont perturber la circulation des trains sur le r\u00e9seau TER Nouvelle-Aquitaine pendant ce long week-end <strong>du 8 au 11\u00a0novembre 2025.<\/strong> Plusieurs lignes via Bordeaux sont impact\u00e9es.<\/p>\n<p>Des interruptions<\/p>\n<p class=\" wall-content\">Le trafic sera <strong>totalement interrompu<\/strong> \u00e0 partir de 13h sur les lignes suivantes\u2009:<\/p>\n<ul class=\" wall-content\">\n<li>Bordeaux \u2013 <a href=\"https:\/\/actu.fr\/nouvelle-aquitaine\/libourne_33243\" rel=\"nofollow noopener\" target=\"_blank\">Libourne,<\/a><\/li>\n<li>Bordeaux \u2013 <a href=\"https:\/\/actu.fr\/nouvelle-aquitaine\/langon_33227\" rel=\"nofollow noopener\" target=\"_blank\">Langon,<\/a><\/li>\n<li>ailleurs en <a href=\"https:\/\/actu.fr\/nouvelle-aquitaine\/\" rel=\"nofollow noopener\" target=\"_blank\">Nouvelle-Aquitaine,<\/a> les lignes Brive \u2013 Tulle et Bayonne \u2013 Hendaye sont \u00e9galement interrompues.<\/li>\n<\/ul>\n<p class=\" wall-content\">Les travaux se r\u00e9percutent \u00e9galement les lignes Arcachon-Libourne, Bordeaux-Angoul\u00eame, Bordeaux-P\u00e9rigueux, Bordeaux-Sarlat et Bordeaux-Hendaye. Les <strong>fiches horaires actualis\u00e9es<\/strong> sont \u00e0 retrouver sur le <a href=\"https:\/\/www.ter.sncf.com\/nouvelle-aquitaine\" rel=\"nofollow noopener\" target=\"_blank\">site TER Nouvelle-Aquitaine.<\/a><\/p>\n<p class=\" wall-content\">\u00ab\u2009Un dispositif de\u00a0<strong>substitution par autocars<\/strong>\u00a0est pr\u00e9vu pour les voyageurs ne pouvant diff\u00e9rer leur voyage\u2009\u00bb, pr\u00e9cise la SNCF.<\/p>\n<p class=\" wall-content\">Personnalisez votre actualit\u00e9 en ajoutant vos villes et m\u00e9dias en favori avec <a href=\"https:\/\/moncompte.actu.fr\" title=\"D\u00e9couvez Mon Actu\" rel=\"nofollow noopener\" data-trk=\"{&quot;cta&quot;:{&quot;action&quot;:&quot;https:\\\/\\\/moncompte.actu.fr&quot;,&quot;category&quot;:&quot;mon compte&quot;,&quot;from&quot;:&quot;article footer&quot;,&quot;name&quot;:&quot;Mon actu&quot;,&quot;type&quot;:&quot;cta&quot;}}\" target=\"_blank\">Mon Actu<\/a>.<\/p>\n","protected":false},"excerpt":{"rendered":"Par Juliette Cardinale Publi\u00e9 le 4 nov. 2025 \u00e0 11h17 D\u2019importants travaux vont perturber la circulation des trains&hellip;\n","protected":false},"author":2,"featured_media":510908,"comment_status":"","ping_status":"","sticky":false,"template":"","format":"standard","meta":{"footnotes":""},"categories":[2817],"tags":[1111,11,1997,1777,674,1011,27,12,2219,25,2215,104,2803,2086],"class_list":{"0":"post-510907","1":"post","2":"type-post","3":"status-publish","4":"format-standard","5":"has-post-thumbnail","7":"category-bordeaux","8":"tag-actu","9":"tag-actualites","10":"tag-bordeaux","11":"tag-eu","12":"tag-europe","13":"tag-fr","14":"tag-france","15":"tag-news","16":"tag-nouvelle-aquitaine","17":"tag-republique-francaise","18":"tag-sncf","19":"tag-societe","20":"tag-transport","21":"tag-travaux"},"share_on_mastodon":{"url":"https:\/\/pubeurope.com\/@fr\/115490944790038381","error":""},"_links":{"self":[{"href":"https:\/\/www.europesays.com\/fr\/wp-json\/wp\/v2\/posts\/510907","targetHints":{"allow":["GET"]}}],"collection":[{"href":"https:\/\/www.europesays.com\/fr\/wp-json\/wp\/v2\/posts"}],"about":[{"href":"https:\/\/www.europesays.com\/fr\/wp-json\/wp\/v2\/types\/post"}],"author":[{"embeddable":true,"href":"https:\/\/www.europesays.com\/fr\/wp-json\/wp\/v2\/users\/2"}],"replies":[{"embeddable":true,"href":"https:\/\/www.europesays.com\/fr\/wp-json\/wp\/v2\/comments?post=510907"}],"version-history":[{"count":0,"href":"https:\/\/www.europesays.com\/fr\/wp-json\/wp\/v2\/posts\/510907\/revisions"}],"wp:featuredmedia":[{"embeddable":true,"href":"https:\/\/www.europesays.com\/fr\/wp-json\/wp\/v2\/media\/510908"}],"wp:attachment":[{"href":"https:\/\/www.europesays.com\/fr\/wp-json\/wp\/v2\/media?parent=510907"}],"wp:term":[{"taxonomy":"category","embeddable":true,"href":"https:\/\/www.europesays.com\/fr\/wp-json\/wp\/v2\/categories?post=510907"},{"taxonomy":"post_tag","embeddable":true,"href":"https:\/\/www.europesays.com\/fr\/wp-json\/wp\/v2\/tags?post=510907"}],"curies":[{"name":"wp","href":"https:\/\/api.w.org\/{rel}","templated":true}]}}