{"id":510913,"date":"2025-11-04T10:27:14","date_gmt":"2025-11-04T10:27:14","guid":{"rendered":"https:\/\/www.europesays.com\/fr\/510913\/"},"modified":"2025-11-04T10:27:14","modified_gmt":"2025-11-04T10:27:14","slug":"le-maire-demande-des-renforts","status":"publish","type":"post","link":"https:\/\/www.europesays.com\/fr\/510913\/","title":{"rendered":"le maire demande des renforts"},"content":{"rendered":"<p>            Par<br \/>\n        <strong><br \/>\n            <a href=\"https:\/\/actu.fr\/auteur\/nicolas-demollien\" title=\"Consulter tous les articles de Nicolas Demollien\" target=\"_blank\" rel=\"noopener\">Nicolas Demollien<\/a><br \/>\n        <\/strong><\/p>\n<p>        Publi\u00e9 le<\/p>\n<p>            4 nov. 2025 \u00e0 11h00        <\/p>\n<p>\u00ab\u2009La <b>prolif\u00e9ration des trafics<\/b> de <a href=\"https:\/\/actu.fr\/tag\/drogue\" target=\"_blank\" rel=\"noopener\">stup\u00e9fiants<\/a> que conna\u00eet notre ville est <b>dramatique<\/b>.\u2009\u00bb Le <b>maire<\/b> de <a href=\"https:\/\/actu.fr\/hauts-de-france\/lille_59350\" target=\"_blank\" rel=\"noopener\">Lille<\/a> (Nord) <b>Arnaud Deslandes<\/b> a d\u00e9cid\u00e9 d\u2019employer des mots forts pour <b>r\u00e9clamer des renforts<\/b> de <a href=\"https:\/\/actu.fr\/tag\/police\" target=\"_blank\" rel=\"noopener\">police<\/a> au <b>ministre de l\u2019Int\u00e9rieur Laurent Nu\u00f1ez<\/b> dans une lettre qu\u2019il a rendue publique sur X.<\/p>\n<p>\u00ab\u2009Les points de deal se sont multipli\u00e9s \u00e0 Lille, ils pourrissent la vie des habitants\u2009\u00bb<\/p>\n<p class=\" wall-content\">De mani\u00e8re tr\u00e8s concr\u00e8te, il r\u00e9clame davantage de policiers nationaux \u00ab\u2009et les <b>moyens d\u2019enqu\u00eate suffisants<\/b> dont Lille et la m\u00e9tropole lilloise ont cruellement besoin pour <b>faire face \u00e0 cette spirale dangereuse<\/b> qui ne p\u00e8se que trop sur la s\u00e9curit\u00e9 et la vie des Lilloises et des Lillois\u2009\u00bb.<\/p>\n<p class=\" wall-content\">Une <a href=\"https:\/\/actu.fr\/hauts-de-france\/lille_59350\/lille-martine-aubry-reclame-davantage-deffectifs-de-police-pour-assurer-la-securite-en-ville_62231815.html\" target=\"_blank\" rel=\"noopener\">demande d\u00e9j\u00e0 effectu\u00e9e \u00e0 plusieurs reprises<\/a> par sa pr\u00e9d\u00e9cesseur <a href=\"https:\/\/actu.fr\/tag\/martine-aubry\" target=\"_blank\" rel=\"noopener\">Martine Aubry<\/a> qui rappelait elle aussi volontiers que la <b>capitale des Flandres \u00e9tait une plaque tournante pour la drogue<\/b> en raison de sa proximit\u00e9 avec la Belgique et les Pays-Bas.<\/p>\n<p data-end=\"1318\" class=\" wall-content\">\u00ab<b>\u2009Tous les voyants sont au rouge<\/b>. Les <b>points de deal se sont multipli\u00e9s<\/b>. Ils gangr\u00e8nent de trop nombreux secteurs et y <b>pourrissent litt\u00e9ralement la vie des habitants, en particulier dans les quartiers de Moulins, de Lille Sud, du Faubourg de B\u00e9thune, de Wazemmes ou de Fives<\/b>\u2009\u00bb, d\u00e9crit Arnaud Deslandes.<\/p>\n<p data-end=\"1318\" class=\" wall-content\">Et de rappeler la <a href=\"https:\/\/actu.fr\/hauts-de-france\/lille_59350\/un-homme-tue-par-balles-a-lille-sud-pour-arnaud-deslandes-le-narcotrafic-pourrit-la-vie-des-lillois_63231931.html\" target=\"_blank\" rel=\"noopener\">mort par balle d\u2019un homme fin septembre\u00a02025<\/a> dans le quartier de Lille Sud, \u00ab\u2009probablement dans le cadre d\u2019un r\u00e8glement de compte sur fond de trafic de drogue, ce que l\u2019enqu\u00eate en cours devra confirmer\u2009\u00bb.<\/p>\n<p data-end=\"1318\" class=\" wall-content\">Dans ce m\u00eame quartier, deux jeunes hommes avaient \u00e9t\u00e9 bless\u00e9s par des tirs d\u2019armes \u00e0 feu le 19\u00a0juillet 2025 et un autre dans la nuit du 9 au 10\u00a0juillet 2025 \u00e0 Loos, dans une rue bordant le quartier de Lille Sud.<\/p>\n<p>Votre r\u00e9gion, votre actu !<\/p>\n<p>Recevez chaque jour les infos qui comptent pour vous.<\/p>\n<p>\t<a href=\"https:\/\/actu.fr\/newsletter\" class=\"ac-btn ac-btn--corner ac-btn--medium ac-btn--blue800\" target=\"_blank\" rel=\"noopener\">S&rsquo;incrire<\/a><\/p>\n<p data-end=\"2472\" class=\" wall-content\">\u00ab\u2009Par ailleurs, la <b>consommation de drogue a explos\u00e9, jusqu\u2019aux abords de certaines \u00e9coles<\/b>, tandis que l\u2019<b>usage du crack a enregistr\u00e9 en quelques ann\u00e9es une courbe exponentielle<\/b> avec ses effets induits sur l\u2019occupation n\u00e9faste de l\u2019espace public et la d\u00e9linquance d\u2019appropriation (vols de toutes natures, voire agressions en situations de manque). La situation ne fait que se d\u00e9grader. Chaque jour, je rencontre des habitants ou je re\u00e7ois des courriers exprimant un <b>l\u00e9gitime sentiment d\u2019ins\u00e9curit\u00e9 et d\u2019exasp\u00e9ration<\/b> auquel je ne saurais r\u00e9pondre seul\u2009\u00bb, encha\u00eene-t-il.<\/p>\n<p data-end=\"2472\" class=\" wall-content\">\n<p>\u00ab\u2009Des r\u00e9ponses nettement insuffisantes aux enjeux\u2009\u00bb selon le maire<\/p>\n<p data-end=\"1094\" class=\" wall-content\">Arnaud Deslandes estime ainsi qu\u2019il y a \u00e0 Lille un \u00ab<b>\u2009sous-effectif structurel des policiers nationaux<\/b>\u2009\u00bb et, par voie de cons\u00e9quence, \u00ab\u2009n\u00e9cessit\u00e9 d\u2019y affecter des renforts massifs, tant sur la voie publique qu\u2019au sein des services d\u2019investigation dont la situation catastrophique ne vous a pas \u00e9chapp\u00e9e\u2009\u00bb.<\/p>\n<p data-end=\"1094\" class=\" wall-content\">Et si le renfort ponctuel de CRS est appr\u00e9ci\u00e9, \u00ab\u2009force est de constater que <b>ces r\u00e9ponses sont nettement insuffisantes<\/b>. Je d\u00e9plore avec d\u2019autant plus d\u2019inqui\u00e9tude la <b>diminution des effectifs de terrain (-4\u2009%) de la division de Lille entre\u00a02022 et\u00a02024<\/b>.\u2009\u00bb<\/p>\n<p data-end=\"2025\" class=\" wall-content\">Rappelant les investissements de la ville pour sa police municipale ou son <a href=\"https:\/\/actu.fr\/hauts-de-france\/lille_59350\/50-cameras-de-videosurveillance-traquent-desormais-les-infractions-a-lille_48383652.html\" target=\"_blank\" rel=\"noopener\">centre de supervision urbain<\/a>, il conclut\u2009: \u00ab\u2009Je n\u2019ai pas \u00e0 vous rappeler que la s\u00e9curit\u00e9 rel\u00e8ve en premier lieu de la comp\u00e9tence r\u00e9galienne de l\u2019\u00c9tat\u2009\u00bb.<\/p>\n<p data-end=\"2922\" class=\" wall-content\">Et de saluer l\u2019action de la Police Nationale qui \u00ab\u2009fait ce qu\u2019elle peut avec les moyens \u00e0 sa disposition. Des <b>interpellations et des saisies sont r\u00e9alis\u00e9es tous les jours, mais les trafics renaissent inexorablement apr\u00e8s leur d\u00e9mant\u00e8lement<\/b>.\u2009\u00bb<\/p>\n<p data-end=\"2922\" class=\" wall-content\">Le message est limpide. Reste \u00e0 savoir s\u2019il sera entendu et suivi de d\u00e9cisions de la part de Laurent Nu\u00f1ez.<\/p>\n<p class=\" wall-content\">Personnalisez votre actualit\u00e9 en ajoutant vos villes et m\u00e9dias en favori avec <a href=\"https:\/\/moncompte.actu.fr\" title=\"D\u00e9couvez Mon Actu\" rel=\"nofollow noopener\" data-trk=\"{&quot;cta&quot;:{&quot;action&quot;:&quot;https:\\\/\\\/moncompte.actu.fr&quot;,&quot;category&quot;:&quot;mon compte&quot;,&quot;from&quot;:&quot;article footer&quot;,&quot;name&quot;:&quot;Mon actu&quot;,&quot;type&quot;:&quot;cta&quot;}}\" target=\"_blank\">Mon Actu<\/a>.<\/p>\n","protected":false},"excerpt":{"rendered":"Par Nicolas Demollien Publi\u00e9 le 4 nov. 2025 \u00e0 11h00 \u00ab\u2009La prolif\u00e9ration des trafics de stup\u00e9fiants que conna\u00eet&hellip;\n","protected":false},"author":2,"featured_media":510914,"comment_status":"","ping_status":"","sticky":false,"template":"","format":"standard","meta":{"footnotes":""},"categories":[2815],"tags":[1111,11,1052,1777,674,118,1011,27,811,1307,12,1072,25],"class_list":{"0":"post-510913","1":"post","2":"type-post","3":"status-publish","4":"format-standard","5":"has-post-thumbnail","7":"category-lille","8":"tag-actu","9":"tag-actualites","10":"tag-drogue","11":"tag-eu","12":"tag-europe","13":"tag-faits-divers","14":"tag-fr","15":"tag-france","16":"tag-hauts-de-france","17":"tag-lille","18":"tag-news","19":"tag-police","20":"tag-republique-francaise"},"share_on_mastodon":{"url":"https:\/\/pubeurope.com\/@fr\/115490956595668488","error":""},"_links":{"self":[{"href":"https:\/\/www.europesays.com\/fr\/wp-json\/wp\/v2\/posts\/510913","targetHints":{"allow":["GET"]}}],"collection":[{"href":"https:\/\/www.europesays.com\/fr\/wp-json\/wp\/v2\/posts"}],"about":[{"href":"https:\/\/www.europesays.com\/fr\/wp-json\/wp\/v2\/types\/post"}],"author":[{"embeddable":true,"href":"https:\/\/www.europesays.com\/fr\/wp-json\/wp\/v2\/users\/2"}],"replies":[{"embeddable":true,"href":"https:\/\/www.europesays.com\/fr\/wp-json\/wp\/v2\/comments?post=510913"}],"version-history":[{"count":0,"href":"https:\/\/www.europesays.com\/fr\/wp-json\/wp\/v2\/posts\/510913\/revisions"}],"wp:featuredmedia":[{"embeddable":true,"href":"https:\/\/www.europesays.com\/fr\/wp-json\/wp\/v2\/media\/510914"}],"wp:attachment":[{"href":"https:\/\/www.europesays.com\/fr\/wp-json\/wp\/v2\/media?parent=510913"}],"wp:term":[{"taxonomy":"category","embeddable":true,"href":"https:\/\/www.europesays.com\/fr\/wp-json\/wp\/v2\/categories?post=510913"},{"taxonomy":"post_tag","embeddable":true,"href":"https:\/\/www.europesays.com\/fr\/wp-json\/wp\/v2\/tags?post=510913"}],"curies":[{"name":"wp","href":"https:\/\/api.w.org\/{rel}","templated":true}]}}