{"id":510915,"date":"2025-11-04T10:28:20","date_gmt":"2025-11-04T10:28:20","guid":{"rendered":"https:\/\/www.europesays.com\/fr\/510915\/"},"modified":"2025-11-04T10:28:20","modified_gmt":"2025-11-04T10:28:20","slug":"entre-violences-et-trafic-de-drogues-le-lourd-passe-judiciaire-du-chauffard","status":"publish","type":"post","link":"https:\/\/www.europesays.com\/fr\/510915\/","title":{"rendered":"entre violences et trafic de drogues, le lourd pass\u00e9 judiciaire du chauffard"},"content":{"rendered":"<p>\n    <strong>PORTRAIT <\/strong>&#8211; \u00c2g\u00e9 de 31 ans, le nom de l\u2019homme mis en cause dans l\u2019homicide routier appara\u00eet dans plus d\u2019une quinzaine de dossiers.<\/p>\n<p class=\"fig-paragraph\">Derri\u00e8re le refus d\u2019obtemp\u00e9rer qui a caus\u00e9\u00a0<a href=\"http:\/\/www.lefigaro.fr\/faits-divers\/lille-un-etudiant-de-19-ans-mortellement-percute-apres-un-refus-d-obtemperer-20251103\" target=\"_blank\" data-fig-type=\"NewsFlash\" rel=\"noopener\" data-gtm-custom-categorie=\"navigation\" data-gtm-custom-action=\"crossclick\" data-gtm-custom-label=\"Contextuel\" data-gtm-event=\"customEventSPE\" data-fig-domain=\"LEFIGARO\">la mort de Mathis, 19 ans<\/a>, la nuit d\u2019Halloween, se dessine le profil d\u2019un\u00a0<a href=\"http:\/\/www.lefigaro.fr\/actualite-france\/derriere-le-drame-de-lille-la-nouvelle-flambee-des-refus-d-obtemperer-20251103\" target=\"_blank\" data-fig-type=\"Article\" rel=\"noopener\" data-gtm-custom-categorie=\"navigation\" data-gtm-custom-action=\"crossclick\" data-gtm-custom-label=\"Contextuel\" data-gtm-event=\"customEventSPE\" data-fig-domain=\"LEFIGARO\">chauffard au lourd passif judiciaire<\/a>. Samedi matin, \u00e0 l\u2019aube, ce dernier a tent\u00e9 d\u2019\u00e9chapper \u00e0 un contr\u00f4le de police dans le centre-ville de Lille et, dans sa fuite \u00e0 bord d\u2019une voiture lanc\u00e9e \u00e0 vive allure, a percut\u00e9 le jeune \u00e9tudiant qui traversait la route. Apr\u00e8s le choc, il a encore tent\u00e9 d\u2019\u00e9chapper aux autorit\u00e9s qui sont parvenues \u00e0 l\u2019intercepter au terme d\u2019une br\u00e8ve course \u00e0 pied.<\/p>\n<p class=\"fig-paragraph\">Dans sa voiture, les fonctionnaires ont retrouv\u00e9 \u00abdes bouteilles de protoxyde d\u2019azote\u00bb, a fait savoir Samuel Finielz, procureur de Lille, pr\u00e9cisant que sa consommation de ce gaz hilarant \u00e9tait \u00abcontemporaine de la conduite du v\u00e9hicule\u00bb. Plac\u00e9 en garde \u00e0 vue, l\u2019homme de 31 ans n\u2019a pas reconnu les faits et a m\u00eame contest\u00e9 avoir conduit le v\u00e9hicule. Il a \u00e9t\u00e9 mis en examen et \u00e9crou\u00e9 pour \u00abhomicide routier\u00bb avec trois circonstances aggravantes\u00a0: violation manifestement d\u00e9lib\u00e9r\u00e9e d\u2019une obligation\u2026<\/p>\n<p class=\"fig-premium-paywall__infos\">\n        Cet article est r\u00e9serv\u00e9 aux abonn\u00e9s.        Il vous reste 67% \u00e0 d\u00e9couvrir.\n    <\/p>\n<p>                <img  data- alt=\"Le Figaro\" class=\"fig-img--complete fig-img\"\/><\/p>\n<p class=\"fig-premium-paywall__title\">Vous avez envie de lire la suite ?<\/p>\n<p class=\"fig-premium-paywall__subtitle\">D\u00e9bloquez tous les articles imm\u00e9diatement.<\/p>\n<p class=\"fig-premium-paywall__connect\">\n                D\u00e9j\u00e0 abonn\u00e9\u00a0?                <a class=\"fig-premium-paywall__connect-link\" href=\"https:\/\/connect.lefigaro.fr\/login?client=horizon_web&amp;type=main&amp;redirect_uri=https%3A%2F%2Fwww.lefigaro.fr%2Ffaits-divers%2Fmort-de-mathis-a-lille-entre-violences-et-trafics-de-drogues-le-lourd-passe-judiciaire-du-chauffard-20251104\" data-js-gtm=\"{&quot;customCategorie&quot;: &quot;conversion&quot;, &quot;customAction&quot;: &quot;before_Landing_Connexion_paywall_auto&quot;, &quot;customLabel&quot;: &quot;bGVmaWdhcm8uZnJfXzFmMGI5NDc4LWRiZTMtNmI2Mi05MTg5LTA3OWUwNzUzOTgxZF9fQXJ0aWNsZQ==_Mort de Mathis \u00e0 Lille\u00a0: entre violences et trafic de drogues, le lourd pass\u00e9 judiciaire du chauffard_495&quot;, &quot;customIDSPE&quot;: &quot;bGVmaWdhcm8uZnJfXzFmMGI5NDc4LWRiZTMtNmI2Mi05MTg5LTA3OWUwNzUzOTgxZF9fQXJ0aWNsZQ==&quot;, &quot;event&quot;: &quot;customEventSPE&quot;}\" target=\"_blank\" rel=\"noopener\"><br \/>\n                    Connectez-vous<br \/>\n                <\/a>\n            <\/p>\n","protected":false},"excerpt":{"rendered":"PORTRAIT &#8211; \u00c2g\u00e9 de 31 ans, le nom de l\u2019homme mis en cause dans l\u2019homicide routier appara\u00eet dans&hellip;\n","protected":false},"author":2,"featured_media":510916,"comment_status":"","ping_status":"","sticky":false,"template":"","format":"standard","meta":{"footnotes":""},"categories":[2815],"tags":[1111,11,1777,674,1011,27,811,2683,1307,12,2852,25],"class_list":{"0":"post-510915","1":"post","2":"type-post","3":"status-publish","4":"format-standard","5":"has-post-thumbnail","7":"category-lille","8":"tag-actu","9":"tag-actualites","10":"tag-eu","11":"tag-europe","12":"tag-fr","13":"tag-france","14":"tag-hauts-de-france","15":"tag-homicide","16":"tag-lille","17":"tag-news","18":"tag-refus-dobtemperer","19":"tag-republique-francaise"},"share_on_mastodon":{"url":"https:\/\/pubeurope.com\/@fr\/115490960568761103","error":""},"_links":{"self":[{"href":"https:\/\/www.europesays.com\/fr\/wp-json\/wp\/v2\/posts\/510915","targetHints":{"allow":["GET"]}}],"collection":[{"href":"https:\/\/www.europesays.com\/fr\/wp-json\/wp\/v2\/posts"}],"about":[{"href":"https:\/\/www.europesays.com\/fr\/wp-json\/wp\/v2\/types\/post"}],"author":[{"embeddable":true,"href":"https:\/\/www.europesays.com\/fr\/wp-json\/wp\/v2\/users\/2"}],"replies":[{"embeddable":true,"href":"https:\/\/www.europesays.com\/fr\/wp-json\/wp\/v2\/comments?post=510915"}],"version-history":[{"count":0,"href":"https:\/\/www.europesays.com\/fr\/wp-json\/wp\/v2\/posts\/510915\/revisions"}],"wp:featuredmedia":[{"embeddable":true,"href":"https:\/\/www.europesays.com\/fr\/wp-json\/wp\/v2\/media\/510916"}],"wp:attachment":[{"href":"https:\/\/www.europesays.com\/fr\/wp-json\/wp\/v2\/media?parent=510915"}],"wp:term":[{"taxonomy":"category","embeddable":true,"href":"https:\/\/www.europesays.com\/fr\/wp-json\/wp\/v2\/categories?post=510915"},{"taxonomy":"post_tag","embeddable":true,"href":"https:\/\/www.europesays.com\/fr\/wp-json\/wp\/v2\/tags?post=510915"}],"curies":[{"name":"wp","href":"https:\/\/api.w.org\/{rel}","templated":true}]}}