{"id":510919,"date":"2025-11-04T10:30:40","date_gmt":"2025-11-04T10:30:40","guid":{"rendered":"https:\/\/www.europesays.com\/fr\/510919\/"},"modified":"2025-11-04T10:30:40","modified_gmt":"2025-11-04T10:30:40","slug":"federico-balzaretti-arrive-a-marseille","status":"publish","type":"post","link":"https:\/\/www.europesays.com\/fr\/510919\/","title":{"rendered":"Federico Balzaretti arrive \u00e0 Marseille"},"content":{"rendered":"<p style=\"text-align: justify;\"><strong>LIGUE 1 2025-2026 \u2013 Selon <a href=\"https:\/\/www.lequipe.fr\/Football\/Actualites\/Federico-balzaretti-va-devenir-l-adjoint-de-medhi-benatia-a-l-om\/1607048\" target=\"_blank\" rel=\"noopener\">L\u2019\u00c9quipe<\/a>, Federico Balzaretti va s\u2019engager avec l\u2019Olympique de Marseille en tant qu\u2019adjoint de Medhi Benatia.<\/strong><\/p>\n<p style=\"text-align: justify;\">Arriv\u00e9 en 2023 \u00e0 l\u2019<strong>Olympique de Marseille<\/strong> comme conseiller sportif, <strong>Medhi Benatia<\/strong> a gravi les \u00e9chelons jusqu\u2019\u00e0 devenir <strong>directeur du <a data-autolink-id=\"2\" target=\"_self\" href=\"https:\/\/dicodusport.fr\/definition-sport\/football\/\" rel=\"noopener\">football<\/a><\/strong> en 2025. L\u2019ancien d\u00e9fenseur central, d\u00e9sormais en charge d\u2019une large partie du <strong>mercato<\/strong>, est devenu le bras droit de <strong>Pablo Longoria<\/strong>, pr\u00e9sident de l\u2019OM depuis f\u00e9vrier 2021.<\/p>\n<p>Federico Balzaretti pour \u00e9pauler Medhi Benatia<\/p>\n<p style=\"text-align: justify;\">Le directeur du football de l\u2019<strong>OM<\/strong> souhaite continuer \u00e0 structurer son d\u00e9partement sportif et a choisi de s\u2019entourer d\u2019un ancien co\u00e9quipier : <strong>Federico Balzaretti<\/strong>. L\u2019ex-lat\u00e9ral gauche italien, aujourd\u2019hui consultant, parle parfaitement fran\u00e7ais et dispose d\u00e9j\u00e0 d\u2019une exp\u00e9rience dans la gestion de clubs professionnels en Italie.<\/p>\n<p style=\"text-align: justify;\">Pass\u00e9 par l\u2019<strong>Udinese<\/strong>, <strong>Palermo<\/strong> et la <strong>Roma<\/strong> en tant que joueur, <strong>Federico Balzaretti<\/strong> travaillait ces derniers mois au sein de l\u2019<strong>AS Rome<\/strong>, charg\u00e9 du suivi des joueurs pr\u00eat\u00e9s par le club. Cette exp\u00e9rience lui a permis de se familiariser avec la gestion du mercato et le recrutement. Il devrait devenir un <strong>atout de poids<\/strong> pour <strong>Medhi Benatia<\/strong> d\u00e8s le mois de janvier prochain.<\/p>\n","protected":false},"excerpt":{"rendered":"LIGUE 1 2025-2026 \u2013 Selon L\u2019\u00c9quipe, Federico Balzaretti va s\u2019engager avec l\u2019Olympique de Marseille en tant qu\u2019adjoint de&hellip;\n","protected":false},"author":2,"featured_media":510920,"comment_status":"","ping_status":"","sticky":false,"template":"","format":"standard","meta":{"footnotes":""},"categories":[2814],"tags":[1111,11,2113,1777,674,1011,27,884,12,149,882,25],"class_list":{"0":"post-510919","1":"post","2":"type-post","3":"status-publish","4":"format-standard","5":"has-post-thumbnail","7":"category-marseille","8":"tag-actu","9":"tag-actualites","10":"tag-breve","11":"tag-eu","12":"tag-europe","13":"tag-fr","14":"tag-france","15":"tag-marseille","16":"tag-news","17":"tag-om","18":"tag-provence-alpes-cote-dazur","19":"tag-republique-francaise"},"share_on_mastodon":{"url":"https:\/\/pubeurope.com\/@fr\/115490968437346595","error":""},"_links":{"self":[{"href":"https:\/\/www.europesays.com\/fr\/wp-json\/wp\/v2\/posts\/510919","targetHints":{"allow":["GET"]}}],"collection":[{"href":"https:\/\/www.europesays.com\/fr\/wp-json\/wp\/v2\/posts"}],"about":[{"href":"https:\/\/www.europesays.com\/fr\/wp-json\/wp\/v2\/types\/post"}],"author":[{"embeddable":true,"href":"https:\/\/www.europesays.com\/fr\/wp-json\/wp\/v2\/users\/2"}],"replies":[{"embeddable":true,"href":"https:\/\/www.europesays.com\/fr\/wp-json\/wp\/v2\/comments?post=510919"}],"version-history":[{"count":0,"href":"https:\/\/www.europesays.com\/fr\/wp-json\/wp\/v2\/posts\/510919\/revisions"}],"wp:featuredmedia":[{"embeddable":true,"href":"https:\/\/www.europesays.com\/fr\/wp-json\/wp\/v2\/media\/510920"}],"wp:attachment":[{"href":"https:\/\/www.europesays.com\/fr\/wp-json\/wp\/v2\/media?parent=510919"}],"wp:term":[{"taxonomy":"category","embeddable":true,"href":"https:\/\/www.europesays.com\/fr\/wp-json\/wp\/v2\/categories?post=510919"},{"taxonomy":"post_tag","embeddable":true,"href":"https:\/\/www.europesays.com\/fr\/wp-json\/wp\/v2\/tags?post=510919"}],"curies":[{"name":"wp","href":"https:\/\/api.w.org\/{rel}","templated":true}]}}