{"id":510928,"date":"2025-11-04T10:36:18","date_gmt":"2025-11-04T10:36:18","guid":{"rendered":"https:\/\/www.europesays.com\/fr\/510928\/"},"modified":"2025-11-04T10:36:18","modified_gmt":"2025-11-04T10:36:18","slug":"le-coyote-le-nouveau-saloon-queer-qui-manquait-a-paris","status":"publish","type":"post","link":"https:\/\/www.europesays.com\/fr\/510928\/","title":{"rendered":"Le Coyote, le nouveau saloon queer qui manquait \u00e0 Paris"},"content":{"rendered":"<p>A la place du c\u00e9l\u00e8bre <strong>Gramme 3<\/strong>, sacro-saint du petit-d\u00e9jeuner dans le Marais, <a data-offer-url=\"https:\/\/www.instagram.com\/marine_gora\/\" class=\"external-link\" data-event-click=\"{&quot;element&quot;:&quot;ExternalLink&quot;,&quot;outgoingURL&quot;:&quot;https:\/\/www.instagram.com\/marine_gora\/&quot;}\" href=\"https:\/\/www.instagram.com\/marine_gora\/\" rel=\"nofollow noopener\" target=\"_blank\"><strong>Marine Gora<\/strong><\/a> profite de l&rsquo;<a href=\"https:\/\/www.vogue.fr\/dossier\/automne\" isautogenerated=\"true\" target=\"_blank\" rel=\"noopener\">automne<\/a> pour d\u00e9voiler <a data-offer-url=\"https:\/\/www.instagram.com\/lecoyoteparis\/\" class=\"external-link\" data-event-click=\"{&quot;element&quot;:&quot;ExternalLink&quot;,&quot;outgoingURL&quot;:&quot;https:\/\/www.instagram.com\/lecoyoteparis\/&quot;}\" href=\"https:\/\/www.instagram.com\/lecoyoteparis\/\" rel=\"nofollow noopener\" target=\"_blank\"><strong>Le Coyote<\/strong><\/a>. Dans le sillage du <strong>Pulp<\/strong>, bar lesbien d&rsquo;anthologie qui avait malheureusement ferm\u00e9 ses portes en 2007, elle y \u00e9rige, son propre saloon, pens\u00e9 pour et par <a href=\"https:\/\/www.vogue.fr\/dossier\/fiertes-lgbt\" target=\"_blank\" rel=\"noopener\">la communaut\u00e9 queer<\/a>. Un parti pris rare, courageux et vertueux quand on sait que la plupart des lieux de vie d\u00e9di\u00e9e \u00e0 cette tribu rencontrent de nombreuses difficult\u00e9s \u00e0 ouvrir, se d\u00e9velopper et se perp\u00e9tuer tant les financements en mati\u00e8re d&rsquo;hospitalit\u00e9 sont largement d\u00e9tenus par les hommes. Aussi hybride que sa faune, il s&rsquo;inscrit \u00e0 la crois\u00e9e du <a href=\"https:\/\/www.vogue.fr\/lifestyle\/article\/ou-prendre-un-petit-dejeuner-ce-week-end-a-paris\" target=\"_blank\" rel=\"noopener\">coffee shop<\/a>, <a href=\"https:\/\/www.vogue.fr\/dossier\/restaurant-paris\" target=\"_blank\" rel=\"noopener\">du restaurant<\/a> et du bar, ouvert du petit matin jusqu&rsquo;\u00e0 tard dans la nuit. L&rsquo;occasion d&rsquo;en apprendre plus avec sa fondatrice. Rencontre.<\/p>\n<p><strong>Marine Gora se confie sur l&rsquo;ouverture du premier saloon queer \u00e0 Paris<\/strong><img decoding=\"async\" alt=\"Le Coyote \u00e0 Paris\" loading=\"lazy\" class=\"ResponsiveImageContainer-eNxvmU cfBbTk responsive-image__image\"   src=\"https:\/\/www.europesays.com\/fr\/wp-content\/uploads\/2025\/11\/Le%20Coyote,%20rue%20des%20Archives,%20Paris%203Merci%20et%20bravo%20@marine_gora%20%F0%9F%A5%B9%F0%.jpeg\"\/><\/p>\n<p>Le Coyote \u00e0 Paris<\/p>\n<p><img decoding=\"async\" alt=\"Marine Gora\" loading=\"lazy\" class=\"ResponsiveImageContainer-eNxvmU cfBbTk responsive-image__image\"   src=\"https:\/\/www.europesays.com\/fr\/wp-content\/uploads\/2025\/11\/1762252578_648_Le%20Coyote,%20rue%20des%20Archives,%20Paris%203Merci%20et%20bravo%20@marine_gora%20%F0%9F%A5%B9%F0%.jpeg\"\/><\/p>\n<p>Marine Gora<\/p>\n<p><strong>Comment est n\u00e9 Le Coyote?<\/strong><br \/><strong>Marine Gora.<\/strong> Apr\u00e8s un voyage \u00e0 Montr\u00e9al, l\u2019\u00e9t\u00e9 dernier, j&rsquo;ai r\u00e9alis\u00e9 que \u00e7a faisait longtemps que je voulais transformer Gramme 3 en une cave \u00e0 manger et un bar \u00e0 vin nature. Par le biais d&rsquo;une lecture, j\u2019ai d\u00e9couvert l\u2019histoire du Pulp, un c\u00e9l\u00e8bre club lesbien qui est aujourd\u2019hui ferm\u00e9. Je me suis dit alors, en croisant les doigts, et si ce n\u2019\u00e9tait pas \u00e0 moi de l\u2019ouvrir ce nouveau lieu queer\u00a0\u00e0 Paris?<\/p>\n<p><strong>Quelle \u00e9tait l&rsquo;inspiration?<\/strong>\u00a0<br \/>J\u2019ai voulu mixer tout ce que j\u2019aime dans un restaurant: un grand comptoir \u00e0 l\u2019espagnol, un menu qui propose de petites et de grandes portions, du vermut, du bon vin et un service chaleureux. Il s&rsquo;inspire aussi de bars et d&rsquo;adresses que j&rsquo;ai fr\u00e9quent\u00e9 \u00e0 Montr\u00e9al, notamment le <a data-offer-url=\"https:\/\/www.instagram.com\/barspaghettiwestern\/?hl=fr\" class=\"external-link\" data-event-click=\"{&quot;element&quot;:&quot;ExternalLink&quot;,&quot;outgoingURL&quot;:&quot;https:\/\/www.instagram.com\/barspaghettiwestern\/?hl=fr&quot;}\" href=\"https:\/\/www.instagram.com\/barspaghettiwestern\/?hl=fr\" rel=\"nofollow noopener\" target=\"_blank\"><strong>Spaghetti Western<\/strong><\/a> et <a data-offer-url=\"https:\/\/www.instagram.com\/tavernecobra\/?hl=fr\" class=\"external-link\" data-event-click=\"{&quot;element&quot;:&quot;ExternalLink&quot;,&quot;outgoingURL&quot;:&quot;https:\/\/www.instagram.com\/tavernecobra\/?hl=fr&quot;}\" href=\"https:\/\/www.instagram.com\/tavernecobra\/?hl=fr\" rel=\"nofollow noopener\" target=\"_blank\"><strong>Le Cobra<\/strong><\/a>. J\u2019ai ressenti comme une envie de recr\u00e9er un peu de leur ambiance \u00e0 Paris.<\/p>\n<p><strong>Pourquoi avoir voulu un esprit far west?<\/strong>\u00a0<br \/>Les santiags font partie de mon look depuis plusieurs ann\u00e9es et je crois que j\u2019ai eu une r\u00e9v\u00e9lation \u00e0 la vue d&rsquo;une photo de Sylvie Vartan qui portait des lunettes aviators fum\u00e9es. J\u2019aime l\u2019esth\u00e9tique du cowboy que je trouve profond\u00e9ment queer. Et je trouve qu\u2019il n\u2019existait pas d\u2019endroit similaire \u00e0 Paris.<\/p>\n<p><strong>Qui signe son d\u00e9cor?<\/strong>\u00a0<br \/>Nous avons travaill\u00e9 en collaboration, avec mon architecte <strong>Sara Gu\u00e9d\u00e8s<\/strong>, pour imaginer ensemble ce saloon. On a regard\u00e9 beaucoup d\u2019images et de photos d\u2019\u00e9poque, afin de reproduire certains d\u00e9cors tout en les adaptant \u00e0 2025. On ne voulait pas d\u2019un lieu criard \u00e0 la Disney. J&rsquo;ai aussi \u00e9t\u00e9 aid\u00e9 par de supers artisans, comme le peintre <strong>Arnaldo Olivier<\/strong> des Artisans du Faubourg qui a pens\u00e9 toute la peinture laqu\u00e9e, et mon \u00e9quipe de menuiserie qui a r\u00e9alis\u00e9 tous les meubles et aussi les portes battantes.<\/p>\n<p><strong>Tu le d\u00e9finis sur Instagram comme un \u00ab\u00a0queer saloon\u00a0\u00bb, qu&rsquo;entends-tu par \u00e7a?<\/strong>\u00a0<br \/>J\u2019ai fait le constat qu\u2019il manquait un lieu queer \u00e0 Paris (par cela j\u2019entends d\u00e9di\u00e9 \u00e0 la communaut\u00e9 queer LGBTQIA+ et ses ami.e.s) o\u00f9 l\u2019on allait accordait une place importante \u00e0 la cuisine et ce qu\u2019il y a dans le verre. Je voulais cr\u00e9er une ambiance intimiste, et un endroit o\u00f9 se retrouver tous.tes ensemble. Il y a une grande table pour venir en groupe, des tables de deux, \u00e9clair\u00e9es \u00e0 la bougie, pour les dates, et puis tu peux aussi venir seul.e au comptoir.<\/p>\n<p><script async src=\"\/\/www.instagram.com\/embed.js\"><\/script><\/p>\n","protected":false},"excerpt":{"rendered":"A la place du c\u00e9l\u00e8bre Gramme 3, sacro-saint du petit-d\u00e9jeuner dans le Marais, Marine Gora profite de l&rsquo;automne&hellip;\n","protected":false},"author":2,"featured_media":510929,"comment_status":"","ping_status":"","sticky":false,"template":"","format":"standard","meta":{"footnotes":""},"categories":[1888],"tags":[1111,1928,11,1927,1777,674,1011,27,12,1926,626,1925,25,31817],"class_list":{"0":"post-510928","1":"post","2":"type-post","3":"status-publish","4":"format-standard","5":"has-post-thumbnail","7":"category-paris","8":"tag-actu","9":"tag-actu-paris","10":"tag-actualites","11":"tag-actualites-paris","12":"tag-eu","13":"tag-europe","14":"tag-fr","15":"tag-france","16":"tag-news","17":"tag-news-paris","18":"tag-paris","19":"tag-paris-news","20":"tag-republique-francaise","21":"tag-restaurant-paris"},"share_on_mastodon":{"url":"https:\/\/pubeurope.com\/@fr\/115490992101252680","error":""},"_links":{"self":[{"href":"https:\/\/www.europesays.com\/fr\/wp-json\/wp\/v2\/posts\/510928","targetHints":{"allow":["GET"]}}],"collection":[{"href":"https:\/\/www.europesays.com\/fr\/wp-json\/wp\/v2\/posts"}],"about":[{"href":"https:\/\/www.europesays.com\/fr\/wp-json\/wp\/v2\/types\/post"}],"author":[{"embeddable":true,"href":"https:\/\/www.europesays.com\/fr\/wp-json\/wp\/v2\/users\/2"}],"replies":[{"embeddable":true,"href":"https:\/\/www.europesays.com\/fr\/wp-json\/wp\/v2\/comments?post=510928"}],"version-history":[{"count":0,"href":"https:\/\/www.europesays.com\/fr\/wp-json\/wp\/v2\/posts\/510928\/revisions"}],"wp:featuredmedia":[{"embeddable":true,"href":"https:\/\/www.europesays.com\/fr\/wp-json\/wp\/v2\/media\/510929"}],"wp:attachment":[{"href":"https:\/\/www.europesays.com\/fr\/wp-json\/wp\/v2\/media?parent=510928"}],"wp:term":[{"taxonomy":"category","embeddable":true,"href":"https:\/\/www.europesays.com\/fr\/wp-json\/wp\/v2\/categories?post=510928"},{"taxonomy":"post_tag","embeddable":true,"href":"https:\/\/www.europesays.com\/fr\/wp-json\/wp\/v2\/tags?post=510928"}],"curies":[{"name":"wp","href":"https:\/\/api.w.org\/{rel}","templated":true}]}}